{"id":141833,"date":"2026-01-14T06:55:06","date_gmt":"2026-01-14T06:55:06","guid":{"rendered":"https:\/\/www.europesays.com\/fi\/141833\/"},"modified":"2026-01-14T06:55:06","modified_gmt":"2026-01-14T06:55:06","slug":"miehet-vihaavat-taas-naisia-muropaketti-com","status":"publish","type":"post","link":"https:\/\/www.europesays.com\/fi\/141833\/","title":{"rendered":"Miehet vihaavat taas naisia &#8211; Muropaketti.com"},"content":{"rendered":"<p>The Girl with Dragon Tattoo k\u00e4\u00e4ntyy nyt tv-sarjaksi.<\/p>\n<p><a href=\"https:\/\/variety.com\/2026\/global\/news\/girl-with-the-dragon-tattoo-tv-series-set-sky-1236629943\/\" target=\"_blank\" rel=\"noreferrer noopener nofollow\">Variety<\/a> uutisoi Sky-kanavan ty\u00f6st\u00e4v\u00e4n Stieg Larssonin <a href=\"https:\/\/muropaketti.com\/avainsana\/miehet-jotka-vihaavat-naisia\/\" rel=\"nofollow noopener\" target=\"_blank\">Miehet jotka vihaavat naisia<\/a> -kirjaan perustuvaa tv-sarjaa.<\/p>\n<p>Kahdeksasta jaksosta koostuvan adaptaation k\u00e4sikirjoittajina ja vastaavina tuottajina toimivat Steve Lightfoot (Spider-Noir, Hannibal) ja Angela LaManna (The Haunting Of Bly Manor, Behind Her Eyes).<\/p>\n<p>Kuvaukset alkavat t\u00e4m\u00e4n kev\u00e4\u00e4n aikana Liettuassa. Sky-kanava esitt\u00e4\u00e4 sarjan Iso-Britanniassa, Irlannissa. Italiassa, Saksassa, It\u00e4vallassa ja Hollannissa. Kansainv\u00e4lisen jakelun hoitaa Sony Pictures Television.<\/p>\n<p>Toimittaja Mikael Blomkvistin ja hakkeri Lisbeth Salanderin tarina on filmatisoitu jo kahdesti. Vuoden 2009 ruotsalaisversion p\u00e4\u00e4osissa n\u00e4htiin Noomi Rapace ja Michael Nyqvist. David Fincherin vuoden 2011 versiota t\u00e4hdittiv\u00e4t puolestaan Rooney Mara ja Daniel Craig. Fincher alun perin trilogiaksi suunnittelma kokonaisuus j\u00e4i valitettavasti vain yhteen elokuvaan. <\/p>\n<p>Tv-sarjan kerrotaan tuovan tarinan t\u00e4h\u00e4n p\u00e4iv\u00e4\u00e4n, mutta olevan silti mahdollimman uskollinen Stieg Larssonin alkuper\u00e4isteokselle. Uuden version n\u00e4yttelij\u00f6ist\u00e4 tai ensi-illasta ei ole viel\u00e4 tietoa.<\/p>\n<p>Alkuper\u00e4inen ruotsalaisfilmatisointi sai Muropaketin arvostelussa vuonna 2009 vain kaksi t\u00e4hte\u00e4 ja Fincherin kolme vuotta my\u00f6hemmin n\u00e4hty versio kolme:<\/p>\n<p><a href=\"https:\/\/muropaketti.com\/elokuvat\/elokuva-arvostelu-miehet-jotka-vihaavat-naisia\/\" rel=\"nofollow noopener\" target=\"_blank\">Elokuva-arvostelu | Miehet jotka vihaavat naisia<\/a><\/p>\n<p><a href=\"https:\/\/muropaketti.com\/elokuvat\/arvostelu-kylma-ja-armoton-the-girl-with-the-dragon-tattoo-jattaa-onton-olon\/\" target=\"_blank\" rel=\"noreferrer noopener nofollow\">Arvostelu | Kylm\u00e4 ja armoton The Girl With The Dragon Tattoo j\u00e4tt\u00e4\u00e4 onton olon<\/a><\/p>\n","protected":false},"excerpt":{"rendered":"The Girl with Dragon Tattoo k\u00e4\u00e4ntyy nyt tv-sarjaksi. Variety uutisoi Sky-kanavan ty\u00f6st\u00e4v\u00e4n Stieg Larssonin Miehet jotka vihaavat naisia&hellip;\n","protected":false},"author":2,"featured_media":141834,"comment_status":"","ping_status":"","sticky":false,"template":"","format":"standard","meta":{"footnotes":""},"categories":[133],"tags":[137,33,31,30,24413,7434,32,206,24414,156,109],"class_list":{"0":"post-141833","1":"post","2":"type-post","3":"status-publish","4":"format-standard","5":"has-post-thumbnail","7":"category-televisiot","8":"tag-entertainment","9":"tag-fi","10":"tag-finland","11":"tag-finnish","12":"tag-miehet-jotka-vihaavat-naisia","13":"tag-stieg-larsson","14":"tag-suomi","15":"tag-televisiot","16":"tag-the-girl-with-the-dragon-tattoo","17":"tag-tv","18":"tag-viihde"},"share_on_mastodon":{"url":"https:\/\/pubeurope.com\/@fi\/115892146903023804","error":""},"_links":{"self":[{"href":"https:\/\/www.europesays.com\/fi\/wp-json\/wp\/v2\/posts\/141833","targetHints":{"allow":["GET"]}}],"collection":[{"href":"https:\/\/www.europesays.com\/fi\/wp-json\/wp\/v2\/posts"}],"about":[{"href":"https:\/\/www.europesays.com\/fi\/wp-json\/wp\/v2\/types\/post"}],"author":[{"embeddable":true,"href":"https:\/\/www.europesays.com\/fi\/wp-json\/wp\/v2\/users\/2"}],"replies":[{"embeddable":true,"href":"https:\/\/www.europesays.com\/fi\/wp-json\/wp\/v2\/comments?post=141833"}],"version-history":[{"count":0,"href":"https:\/\/www.europesays.com\/fi\/wp-json\/wp\/v2\/posts\/141833\/revisions"}],"wp:featuredmedia":[{"embeddable":true,"href":"https:\/\/www.europesays.com\/fi\/wp-json\/wp\/v2\/media\/141834"}],"wp:attachment":[{"href":"https:\/\/www.europesays.com\/fi\/wp-json\/wp\/v2\/media?parent=141833"}],"wp:term":[{"taxonomy":"category","embeddable":true,"href":"https:\/\/www.europesays.com\/fi\/wp-json\/wp\/v2\/categories?post=141833"},{"taxonomy":"post_tag","embeddable":true,"href":"https:\/\/www.europesays.com\/fi\/wp-json\/wp\/v2\/tags?post=141833"}],"curies":[{"name":"wp","href":"https:\/\/api.w.org\/{rel}","templated":true}]}}