{"id":141835,"date":"2026-01-14T06:56:07","date_gmt":"2026-01-14T06:56:07","guid":{"rendered":"https:\/\/www.europesays.com\/fi\/141835\/"},"modified":"2026-01-14T06:56:07","modified_gmt":"2026-01-14T06:56:07","slug":"valkeakoskelle-uusi-hiphop-festivaali-lavalla-kaksi-emma-ehdokasta","status":"publish","type":"post","link":"https:\/\/www.europesays.com\/fi\/141835\/","title":{"rendered":"Valkeakoskelle uusi hiphop-festivaali \u2013 Lavalla kaksi Emma-ehdokasta"},"content":{"rendered":"<p>Waltikassa p\u00e4\u00e4see kuuntelemaan hiphop-musiikkia elokuussa.<\/p>\n<p>13.1. 12:43<\/p>\n<p class=\"article-body mb-nof-24 px-nof-16\">Valkeakoski saa kes\u00e4ll\u00e4 2026 t\u00e4ysin uuden musiikkitapahtuman, kun Hotelli Waltikan alueella j\u00e4rjestet\u00e4\u00e4n ensimm\u00e4ist\u00e4 kertaa uusi hiphop-festivaali. Waltikka Hip Hop Festival -tapahtumaa vietet\u00e4\u00e4n torstaina 27. elokuuta ja paikkana on Waltikan etupiha.<\/p>\n<p class=\"article-body mb-nof-24 px-nof-16\">Elokuinen viikko on Waltikassa todellinen tapahtumaviikko, sill\u00e4 hiphop-juhlien j\u00e4lkeen vietet\u00e4\u00e4n venetsialaisia perjantaista lauantaihin.<\/p>\n<p class=\"article-body mb-nof-24 px-nof-16\">Hiphop-festivaalilla ei ole alaik\u00e4rajaa, ja portit aukeavat kello 19.<\/p>\n<p class=\"article-body mb-nof-24 px-nof-16\">Festivaalin lavalla n\u00e4hd\u00e4\u00e4n Averagekidluke ja Ares. Molemmat artistit ovat ehdolla vuoden 2026 Emma-gaalassa.<\/p>\n<p class=\"article-body mb-nof-24 px-nof-16\">\u201dHalusimme luoda Valkeakoskelle uuden tapahtuman, joka tuo kaupunkiin artisteja, joita t\u00e4\u00e4ll\u00e4 ei usein n\u00e4hd\u00e4. Averagekidluke ja Ares ovat molemmat artisteja, joilla on vahva oma yleis\u00f6ns\u00e4 ja selke\u00e4 paikka suomalaisen hiphopin k\u00e4rjess\u00e4\u201d, sanoo tapahtuman j\u00e4rjest\u00e4j\u00e4n Rauhala Eventsin <a class=\"font-bold underline-offset-[0.12em] [text-decoration:var(--person-link-text-decoration)] ![text-decoration-color:var(--person-link-text-decoration-color)]\" href=\"https:\/\/www.aamulehti.fi\/haku\/?query=Marko%20Savolainen\" rel=\"nofollow noopener\" target=\"_blank\">Marko Savolainen<\/a>.<\/p>\n<p class=\"article-body mb-nof-24 px-nof-16\">Averagekidluke, oikealta nimelt\u00e4\u00e4n <a class=\"font-bold underline-offset-[0.12em] [text-decoration:var(--person-link-text-decoration)] ![text-decoration-color:var(--person-link-text-decoration-color)]\" href=\"https:\/\/www.aamulehti.fi\/haku\/?query=Lucas%20Kihlman\" rel=\"nofollow noopener\" target=\"_blank\">Lucas Kihlman<\/a>, on yksi Suomen kuunnelluimmista hiphop-artisteista. H\u00e4nen viime vuonna julkaistu Denim-albuminsa nousi Suomen virallisen albumilistan ykk\u00f6ssijalle ja pysyi k\u00e4rjess\u00e4 13 viikkoa. Albumi ker\u00e4si yli 30 miljoonaa striimi\u00e4. Julkaisun my\u00f6t\u00e4 Averagekidluke nousi Suomen kuunnelluimmaksi artistiksi Spotifyssa.<\/p>\n<p class=\"article-body mb-nof-24 px-nof-16\">Ares, oikealta nimelt\u00e4\u00e4n <a class=\"font-bold underline-offset-[0.12em] [text-decoration:var(--person-link-text-decoration)] ![text-decoration-color:var(--person-link-text-decoration-color)]\" href=\"https:\/\/www.aamulehti.fi\/haku\/?query=Aris%20Staboulis\" rel=\"nofollow noopener\" target=\"_blank\">Aris Staboulis<\/a>, nousi Suomen virallisen albumilistan ykk\u00f6ssijalle viime vuoden Apathia-albumillaan. Albumi vietti k\u00e4rjess\u00e4 12 viikkoa. Albumilta julkaistu Menestys on paras tapa kostaa on ker\u00e4nnyt yli 20 miljoonaa striimi\u00e4 Spotifyssa.<\/p>\n","protected":false},"excerpt":{"rendered":"Waltikassa p\u00e4\u00e4see kuuntelemaan hiphop-musiikkia elokuussa. 13.1. 12:43 Valkeakoski saa kes\u00e4ll\u00e4 2026 t\u00e4ysin uuden musiikkitapahtuman, kun Hotelli Waltikan alueella&hellip;\n","protected":false},"author":2,"featured_media":141836,"comment_status":"","ping_status":"","sticky":false,"template":"","format":"standard","meta":{"footnotes":""},"categories":[132],"tags":[157,137,33,31,30,195,47,32,109],"class_list":{"0":"post-141835","1":"post","2":"type-post","3":"status-publish","4":"format-standard","5":"has-post-thumbnail","7":"category-musiikki","8":"tag-aamulehti","9":"tag-entertainment","10":"tag-fi","11":"tag-finland","12":"tag-finnish","13":"tag-music","14":"tag-musiikki","15":"tag-suomi","16":"tag-viihde"},"share_on_mastodon":{"url":"https:\/\/pubeurope.com\/@fi\/115892150762037308","error":""},"_links":{"self":[{"href":"https:\/\/www.europesays.com\/fi\/wp-json\/wp\/v2\/posts\/141835","targetHints":{"allow":["GET"]}}],"collection":[{"href":"https:\/\/www.europesays.com\/fi\/wp-json\/wp\/v2\/posts"}],"about":[{"href":"https:\/\/www.europesays.com\/fi\/wp-json\/wp\/v2\/types\/post"}],"author":[{"embeddable":true,"href":"https:\/\/www.europesays.com\/fi\/wp-json\/wp\/v2\/users\/2"}],"replies":[{"embeddable":true,"href":"https:\/\/www.europesays.com\/fi\/wp-json\/wp\/v2\/comments?post=141835"}],"version-history":[{"count":0,"href":"https:\/\/www.europesays.com\/fi\/wp-json\/wp\/v2\/posts\/141835\/revisions"}],"wp:featuredmedia":[{"embeddable":true,"href":"https:\/\/www.europesays.com\/fi\/wp-json\/wp\/v2\/media\/141836"}],"wp:attachment":[{"href":"https:\/\/www.europesays.com\/fi\/wp-json\/wp\/v2\/media?parent=141835"}],"wp:term":[{"taxonomy":"category","embeddable":true,"href":"https:\/\/www.europesays.com\/fi\/wp-json\/wp\/v2\/categories?post=141835"},{"taxonomy":"post_tag","embeddable":true,"href":"https:\/\/www.europesays.com\/fi\/wp-json\/wp\/v2\/tags?post=141835"}],"curies":[{"name":"wp","href":"https:\/\/api.w.org\/{rel}","templated":true}]}}