{"id":141837,"date":"2026-01-14T06:59:10","date_gmt":"2026-01-14T06:59:10","guid":{"rendered":"https:\/\/www.europesays.com\/fi\/141837\/"},"modified":"2026-01-14T06:59:10","modified_gmt":"2026-01-14T06:59:10","slug":"miro-heiskanen-vedettiin-pois-kokoonpanosta","status":"publish","type":"post","link":"https:\/\/www.europesays.com\/fi\/141837\/","title":{"rendered":"Miro Heiskanen vedettiin pois kokoonpanosta"},"content":{"rendered":"<p>Suomen t\u00e4htipuolustaja j\u00e4tti Anaheim-pelin v\u00e4liin.<\/p>\n<p><img decoding=\"async\" class=\"image image-show image-preview\" src=\"https:\/\/www.europesays.com\/fi\/wp-content\/uploads\/2026\/01\/58dcc6634361bf46edd63a4537c46abfff44c9d73c0243b7d450629b6a277d84.jpg\" alt=\"\"\/><img decoding=\"async\" class=\"image image-show\" src=\"https:\/\/www.europesays.com\/fi\/wp-content\/uploads\/2026\/01\/1768373950_746_58dcc6634361bf46edd63a4537c46abfff44c9d73c0243b7d450629b6a277d84.jpg\" alt=\"\"\/><\/p>\n<p>Miro Heiskanen ei vet\u00e4nyt kamojaan p\u00e4\u00e4lle Anaheim-otteluun. AOP<\/p>\n<p class=\"paragraph\"><strong>Miro Heiskanen<\/strong> vedettiin pois Dallas Starsin kokoonpanosta ennen Anaheim-matsia. Joukkue tiedotti asiasta juuri ennen ottelun alkua.<\/p>\n<p class=\"paragraph\">\u2013 Starsin puolustaja Miro Heiskanen j\u00e4\u00e4 sivuun illan ottelusta perhesyyn vuoksi, Dallas ilmoitti viestipalvelu X:ss\u00e4.<\/p>\n<p class=\"paragraph\">Suomen olympiajoukkueeseen valittu <strong>Miro Heiskanen<\/strong> on pelannut t\u00e4ll\u00e4 kaudella 46 ottelua tehoilla 7+29=36. H\u00e4n on sek\u00e4 pisteill\u00e4 ett\u00e4 peliajalla mitattuna Dallasin selv\u00e4 ykk\u00f6spakki.<\/p>\n<p class=\"paragraph\">Anaheim voitti ottelun 3\u20131 ja p\u00e4\u00e4tti n\u00e4in ollen per\u00e4ti yhdeks\u00e4n ottelun tappioputkensa.<\/p>\n<p class=\"paragraph\">Dallasin ainokaisen viimeisteli <strong>Roope Hintz<\/strong>. <strong>Mikael Granlund<\/strong> puolestaan sy\u00f6tti Anaheimin avausmaalin, jonka laukoi <strong>Chris Kreider<\/strong>.<\/p>\n","protected":false},"excerpt":{"rendered":"Suomen t\u00e4htipuolustaja j\u00e4tti Anaheim-pelin v\u00e4liin. Miro Heiskanen ei vet\u00e4nyt kamojaan p\u00e4\u00e4lle Anaheim-otteluun. AOP Miro Heiskanen vedettiin pois Dallas&hellip;\n","protected":false},"author":2,"featured_media":141838,"comment_status":"","ping_status":"","sticky":false,"template":"","format":"standard","meta":{"footnotes":""},"categories":[158],"tags":[35,1144,33,31,30,1143,41,159,32,1145,160,161],"class_list":{"0":"post-141837","1":"post","2":"type-post","3":"status-publish","4":"format-standard","5":"has-post-thumbnail","7":"category-urheilu","8":"tag-24h","9":"tag-ammattilaisjaakiekko","10":"tag-fi","11":"tag-finland","12":"tag-finnish","13":"tag-jaakiekko","14":"tag-liikunta-ja-urheilu","15":"tag-sports","16":"tag-suomi","17":"tag-talviurheilu","18":"tag-urheilu","19":"tag-urheilutapahtumat"},"share_on_mastodon":{"url":"https:\/\/pubeurope.com\/@fi\/115892162616077851","error":""},"_links":{"self":[{"href":"https:\/\/www.europesays.com\/fi\/wp-json\/wp\/v2\/posts\/141837","targetHints":{"allow":["GET"]}}],"collection":[{"href":"https:\/\/www.europesays.com\/fi\/wp-json\/wp\/v2\/posts"}],"about":[{"href":"https:\/\/www.europesays.com\/fi\/wp-json\/wp\/v2\/types\/post"}],"author":[{"embeddable":true,"href":"https:\/\/www.europesays.com\/fi\/wp-json\/wp\/v2\/users\/2"}],"replies":[{"embeddable":true,"href":"https:\/\/www.europesays.com\/fi\/wp-json\/wp\/v2\/comments?post=141837"}],"version-history":[{"count":0,"href":"https:\/\/www.europesays.com\/fi\/wp-json\/wp\/v2\/posts\/141837\/revisions"}],"wp:featuredmedia":[{"embeddable":true,"href":"https:\/\/www.europesays.com\/fi\/wp-json\/wp\/v2\/media\/141838"}],"wp:attachment":[{"href":"https:\/\/www.europesays.com\/fi\/wp-json\/wp\/v2\/media?parent=141837"}],"wp:term":[{"taxonomy":"category","embeddable":true,"href":"https:\/\/www.europesays.com\/fi\/wp-json\/wp\/v2\/categories?post=141837"},{"taxonomy":"post_tag","embeddable":true,"href":"https:\/\/www.europesays.com\/fi\/wp-json\/wp\/v2\/tags?post=141837"}],"curies":[{"name":"wp","href":"https:\/\/api.w.org\/{rel}","templated":true}]}}