{"id":141839,"date":"2026-01-14T07:00:08","date_gmt":"2026-01-14T07:00:08","guid":{"rendered":"https:\/\/www.europesays.com\/fi\/141839\/"},"modified":"2026-01-14T07:00:08","modified_gmt":"2026-01-14T07:00:08","slug":"kutsu-tervetuloa-genjin-tarina-iltaan-27-1","status":"publish","type":"post","link":"https:\/\/www.europesays.com\/fi\/141839\/","title":{"rendered":"KUTSU: Tervetuloa Genjin tarina -iltaan 27.1."},"content":{"rendered":"<p><strong><\/p>\n<p>Tervetuloa Otavan ravintolaan kuuntelemaan keskustelua maailman ensimm\u00e4isest\u00e4 suurromaanista k\u00e4\u00e4nt\u00e4j\u00e4 Kai Niemisen johdolla. Ilmoittautuduthan mukaan alla olevasta ilmoittautumislinkist\u00e4.<\/p>\n<p><\/strong><\/p>\n<p>Tervetuloa kuuntelemaan Genjin tarina -keskustelua Otavalle tiistaina 27.1. klo 16.30\u201318!<\/p>\n<p>K\u00e4\u00e4nt\u00e4j\u00e4, runoilija ja kirjailija <strong>Kai Nieminen<\/strong> sai kev\u00e4\u00e4ll\u00e4 2025 valmiiksi 25-vuotisen Genjin tarina -k\u00e4\u00e4nn\u00f6surakkansa, ja sit\u00e4 juhlistaaksemme Otava j\u00e4rjest\u00e4\u00e4 keskustelutilaisuuden t\u00e4st\u00e4 japanilaisesta klassikkoteoksesta.<\/p>\n<p>Keskustelun panelisteja ovat Niemisen lis\u00e4ksi suomentaja ja japanologi <strong>Raisa Porrasmaa<\/strong>,\u00a0vieraileva tutkija (Japanin moderni kirjallisuus, It\u00e4-Suomen yliopisto) <strong>Terttu Rajala<\/strong> sek\u00e4 Unien silta -blogin pit\u00e4j\u00e4 ja japanologi <strong>Pirjo-Riitta Kuusikko<\/strong>.<\/p>\n<p>Keskustelu j\u00e4rjestet\u00e4\u00e4n Otavan ravintolatilassa osoitteessa Uudenmaankatu 10, Helsinki.<\/p>\n<p>Tapahtumassa on mahdollista ostaa Genjin tarinan osat 1 &amp; ja 2 tapahtumahintaan.<\/p>\n<p>Ilmoittaudu mukaan\u00a0<a href=\"https:\/\/ssl.eventilla.com\/attend\/5dLA8?t%5BwPYvq%5D\" rel=\"nofollow noopener\" target=\"_blank\"> t\u00e4st\u00e4 linkist\u00e4 23.1. menness\u00e4<\/a>.<\/p>\n<p><strong>Teoksesta:<\/strong><br \/>Noin vuonna 1000 ilmestynytt\u00e4 Genjin tarinaa pidet\u00e4\u00e4n maailman ensimm\u00e4isen\u00e4 suurromaanina ja japanilaisen kirjallisuuden arvostetuimpana teoksena. Kirjan kirjoittanut <strong>Murasaki Shikibu<\/strong> oli keisarinnan kamarirouva, joka kirjoitti tuntemastaan maailmasta, Japanin hovista ja ihmissuhteista, ensin l\u00e4hinn\u00e4 toisten hovinaisten viihdykkeeksi.<\/p>\n","protected":false},"excerpt":{"rendered":"Tervetuloa Otavan ravintolaan kuuntelemaan keskustelua maailman ensimm\u00e4isest\u00e4 suurromaanista k\u00e4\u00e4nt\u00e4j\u00e4 Kai Niemisen johdolla. Ilmoittautuduthan mukaan alla olevasta ilmoittautumislinkist\u00e4. Tervetuloa&hellip;\n","protected":false},"author":2,"featured_media":141840,"comment_status":"","ping_status":"","sticky":false,"template":"","format":"standard","meta":{"footnotes":""},"categories":[130],"tags":[137,33,31,30,32,109],"class_list":{"0":"post-141839","1":"post","2":"type-post","3":"status-publish","4":"format-standard","5":"has-post-thumbnail","7":"category-viihde","8":"tag-entertainment","9":"tag-fi","10":"tag-finland","11":"tag-finnish","12":"tag-suomi","13":"tag-viihde"},"share_on_mastodon":{"url":"https:\/\/pubeurope.com\/@fi\/115892166550749280","error":""},"_links":{"self":[{"href":"https:\/\/www.europesays.com\/fi\/wp-json\/wp\/v2\/posts\/141839","targetHints":{"allow":["GET"]}}],"collection":[{"href":"https:\/\/www.europesays.com\/fi\/wp-json\/wp\/v2\/posts"}],"about":[{"href":"https:\/\/www.europesays.com\/fi\/wp-json\/wp\/v2\/types\/post"}],"author":[{"embeddable":true,"href":"https:\/\/www.europesays.com\/fi\/wp-json\/wp\/v2\/users\/2"}],"replies":[{"embeddable":true,"href":"https:\/\/www.europesays.com\/fi\/wp-json\/wp\/v2\/comments?post=141839"}],"version-history":[{"count":0,"href":"https:\/\/www.europesays.com\/fi\/wp-json\/wp\/v2\/posts\/141839\/revisions"}],"wp:featuredmedia":[{"embeddable":true,"href":"https:\/\/www.europesays.com\/fi\/wp-json\/wp\/v2\/media\/141840"}],"wp:attachment":[{"href":"https:\/\/www.europesays.com\/fi\/wp-json\/wp\/v2\/media?parent=141839"}],"wp:term":[{"taxonomy":"category","embeddable":true,"href":"https:\/\/www.europesays.com\/fi\/wp-json\/wp\/v2\/categories?post=141839"},{"taxonomy":"post_tag","embeddable":true,"href":"https:\/\/www.europesays.com\/fi\/wp-json\/wp\/v2\/tags?post=141839"}],"curies":[{"name":"wp","href":"https:\/\/api.w.org\/{rel}","templated":true}]}}