{"id":141843,"date":"2026-01-14T07:04:07","date_gmt":"2026-01-14T07:04:07","guid":{"rendered":"https:\/\/www.europesays.com\/fi\/141843\/"},"modified":"2026-01-14T07:04:07","modified_gmt":"2026-01-14T07:04:07","slug":"asiantuntija-dmitri-medvedev-on-jonninjoutava-alkoholisoitunut-narri","status":"publish","type":"post","link":"https:\/\/www.europesays.com\/fi\/141843\/","title":{"rendered":"Asiantuntija: Dmitri Medvedev on jonninjoutava, alkoholisoitunut narri"},"content":{"rendered":"<p>Ulkopoliittisen instituutin asiantuntija sanoo, ett\u00e4 Dmitri Medvedevin ulostulot kertovat karua kielt\u00e4\u00e4n siit\u00e4, miten n\u00f6yryytt\u00e4v\u00e4\u00e4n ja merkityksett\u00f6m\u00e4\u00e4n rooliin Ven\u00e4j\u00e4n entinen presidentti ja p\u00e4\u00e4ministeri on alentunut.<\/p>\n<p>Jussi Lassila kehui Trumpia, joka pani Medvedevin ruotuun. <\/p>\n<p class=\"article-body mb-nof-24 px-nof-16\">Ven\u00e4j\u00e4n turvallisuusneuvoston varapuheenjohtaja <a class=\"font-bold underline-offset-[0.12em] [text-decoration:var(--person-link-text-decoration)] ![text-decoration-color:var(--person-link-text-decoration-color)]\" href=\"https:\/\/www.is.fi\/haku\/?query=Dmitri%20Medvedev\" rel=\"nofollow noopener\" target=\"_blank\">Dmitri Medvedev<\/a> antoi erikoisen kommentin ven\u00e4l\u00e4isen uutistoimisto Interfaxin haastattelussa.<\/p>\n<p class=\"article-body mb-nof-24 px-nof-16\">Medvedev sanoi, ett\u00e4 gr\u00f6nlantilaiset saattavat \u00e4\u00e4nest\u00e4\u00e4 liittymisest\u00e4 Ven\u00e4j\u00e4\u00e4n, jos Yhdysvaltain presidentti <a class=\"font-bold underline-offset-[0.12em] [text-decoration:var(--person-link-text-decoration)] ![text-decoration-color:var(--person-link-text-decoration-color)]\" href=\"https:\/\/www.is.fi\/haku\/?query=Donald%20Trump\" rel=\"nofollow noopener\" target=\"_blank\">Donald Trump<\/a> ei \u201dryhdy nopeasti toimiin Gr\u00f6nlannin turvaamiseksi\u201d.<\/p>\n<p class=\"article-body mb-nof-24 px-nof-16\">Ulkopoliittisen instituutin vanhempi tutkija <a class=\"font-bold underline-offset-[0.12em] [text-decoration:var(--person-link-text-decoration)] ![text-decoration-color:var(--person-link-text-decoration-color)]\" href=\"https:\/\/www.is.fi\/haku\/?query=Jussi%20Lassila\" rel=\"nofollow noopener\" target=\"_blank\">Jussi Lassila<\/a> ei antaisi paljoakaan painoarvoa sille, mit\u00e4 Medvedev sanoo ja luonnehtii t\u00e4m\u00e4n lausuntoja \u201dyhdentekeviksi\u201d ja \u201d\u00e4l\u00e4m\u00f6l\u00f6ksi\u201d.<\/p>\n<p class=\"article-body mb-nof-24 px-nof-16\">\u2013 Se on korkki taas auki kaverilla. T\u00e4m\u00e4 on narrikamaa, mit\u00e4 h\u00e4n sanoo.<\/p>\n<p><img decoding=\"async\" src=\"https:\/\/www.europesays.com\/fi\/wp-content\/uploads\/2026\/01\/1768374247_346_468.jpg\" alt=\"Jussi Lassila toteaa, ett\u00e4 Dmitri Medvedevin lausunnoilla ei ole juuri painoarvoa. \u2013 Jos tilanne muuttuu riitt\u00e4v\u00e4n sensitiiviseksi, ett\u00e4 ollaan mahdollisesti mink\u00e4\u00e4n t\u00e4rke\u00e4n p\u00e4\u00e4t\u00f6ksen \u00e4\u00e4rell\u00e4, h\u00e4nelle sanotaan, ett\u00e4 nyt turpa kiinni.\" class=\"_Img_1rerz_1\" style=\"aspect-ratio:1.5\" loading=\"eager\"\/><\/p>\n<p class=\"article-picture-caption\">Jussi Lassila toteaa, ett\u00e4 Dmitri Medvedevin lausunnoilla ei ole juuri painoarvoa. \u2013 Jos tilanne muuttuu riitt\u00e4v\u00e4n sensitiiviseksi, ett\u00e4 ollaan mahdollisesti mink\u00e4\u00e4n t\u00e4rke\u00e4n p\u00e4\u00e4t\u00f6ksen \u00e4\u00e4rell\u00e4, h\u00e4nelle sanotaan, ett\u00e4 nyt turpa kiinni. Kuva:\u00a0Lassi Rinne<\/p>\n<p class=\"article-body mb-nof-24 px-nof-16\">Medvedev sanoi my\u00f6s, ett\u00e4 Trumpin on kiirehditt\u00e4v\u00e4, sill\u00e4 \u201dep\u00e4virallisten tietojen\u201d mukaan muutaman p\u00e4iv\u00e4n kuluttua Gr\u00f6nlannissa saatetaan j\u00e4rjest\u00e4\u00e4 \u201dyll\u00e4tt\u00e4v\u00e4 kansan\u00e4\u00e4nestys\u201d, jossa Gr\u00f6nlanti voisi \u00e4\u00e4nest\u00e4\u00e4 liittymisest\u00e4\u00e4n Ven\u00e4j\u00e4\u00e4n.<\/p>\n<p class=\"article-body mb-nof-24 px-nof-16\">Lassilan mukaan Medvedev on nimellisesti n\u00e4kyv\u00e4 mutta \u201djonninjoutava\u201d poliittinen toimija Ven\u00e4j\u00e4ll\u00e4. Uhoavat ulostulot ovat oljenkorsi, jonka avulla Medvedev yritt\u00e4\u00e4 pit\u00e4\u00e4 itse\u00e4\u00e4n edes jollain tapaa esill\u00e4. Medvedev oli Ven\u00e4j\u00e4n presidentti vuosina 2008\u20132012 ja p\u00e4\u00e4ministeri vuosina 2012\u20132020. T\u00e4t\u00e4 nyky\u00e4 Medvedev on tyypillisimmin esill\u00e4 sosiaalisen median kirjoittelustaan, jossa h\u00e4n tyypillisesti uhkailee l\u00e4nsimaita ja irvailee niiden johtohahmoille.<\/p>\n<p class=\"article-body mb-nof-24 px-nof-16\">\u2013 Antaa laulaa. H\u00e4n kirjoittaa n\u00e4it\u00e4 tietynlaisessa myrkytystilassa. Se, ett\u00e4 h\u00e4nell\u00e4 on vakava alkoholiongelma ei ole mik\u00e4\u00e4n uutinen. Seh\u00e4n nyt n\u00e4kyy h\u00e4nen naamastaan jo. T\u00e4m\u00e4 on trollausta ja kertoo aika korutonta kielt\u00e4, ett\u00e4 valtion entinen presidentti ja p\u00e4\u00e4ministeri on ajautunut ja alentunut t\u00e4llaiseen asemaan ja rooliin.<\/p>\n<p class=\"article-body mb-nof-24 px-nof-16\"><a class=\"underline underline-offset-[0.12em] [text-decoration-thickness:var(--generic-link-underline-thickness)] [text-decoration-color:var(--generic-link-underline-color)] [text-decoration-skip-ink:var(--generic-link-underline-skip-ink)] break-words article-em\" href=\"https:\/\/theins.ru\/en\/politics\/269816?gsid=596de2d2-cdc7-4be8-b0b6-c577530a4251\" rel=\"nofollow noopener\" target=\"_blank\">The Insider<\/a> kirjoitti vuoden 2024 marraskuussa, ett\u00e4 Medvedevin uhittelevat somekirjoitukset vaikuttavat osuvan yksiin h\u00e4nelle Italiasta saapuvien viinitoimitusten kanssa.<\/p>\n<p class=\"article-body mb-nof-24 px-nof-16\">Lassila sanoo, ett\u00e4 Medvedev on kaukana kaikenlaisesta todellisesta p\u00e4\u00e4t\u00f6ksenteosta ja Ven\u00e4j\u00e4n presidentti <a class=\"font-bold underline-offset-[0.12em] [text-decoration:var(--person-link-text-decoration)] ![text-decoration-color:var(--person-link-text-decoration-color)]\" href=\"https:\/\/www.is.fi\/haku\/?query=Vladimir%20Putin\" rel=\"nofollow noopener\" target=\"_blank\">Vladimir Putin<\/a> antaa t\u00e4m\u00e4n jatkaa uhoamistaan muun muassa siksi, ett\u00e4 se saa Putinin itsens\u00e4 kuulostamaan j\u00e4rjen \u00e4\u00e4nelt\u00e4 t\u00e4llaisten ulostulojen rinnalla.<\/p>\n<p class=\"article-body mb-nof-24 px-nof-16\">\u2013 H\u00e4n (Medvedev) pit\u00e4\u00e4 itsest\u00e4\u00e4n \u00e4\u00e4nt\u00e4, eli h\u00e4n on olemassa. H\u00e4n pelk\u00e4\u00e4, ett\u00e4 marginalisoituu tyystin. Jos tilanne muuttuu riitt\u00e4v\u00e4n sensitiiviseksi, ett\u00e4 ollaan mahdollisesti mink\u00e4\u00e4n t\u00e4rke\u00e4n p\u00e4\u00e4t\u00f6ksen \u00e4\u00e4rell\u00e4, h\u00e4nelle sanotaan, ett\u00e4 nyt turpa kiinni.<\/p>\n<p class=\"article-body mb-nof-24 px-nof-16\">Medvedevin aika Ven\u00e4j\u00e4n presidenttin\u00e4 ja p\u00e4\u00e4ministerin\u00e4 on taakse j\u00e4\u00e4nytt\u00e4 aikaa ja h\u00e4nelle on Lassilan mukaan annettu tyystin toisenlainen rooli: narri. T\u00e4m\u00e4n puolesta puhuu esimerkiksi valtiollinen kunniamerkki, jonka Putin antoi Medvedeville viime syyskuussa.<\/p>\n<p class=\"article-body mb-nof-24 px-nof-16\">Medvedeville annettiin nelj\u00e4nnen luokan kunniamerkki ansioistaan is\u00e4maan puolesta. Kyseess\u00e4 on Ven\u00e4j\u00e4n Is\u00e4nmaan ansioritarikunnan vaatimattomin kunniamerkki ja selv\u00e4sti v\u00e4h\u00e4p\u00e4t\u00f6isempi kuin Medvedeville aiemmin my\u00f6nnetyt. Lassila kuvailee kunniamerkki\u00e4 n\u00f6yryytykseksi.<\/p>\n<p class=\"article-body mb-nof-24 px-nof-16\">Lue lis\u00e4\u00e4: <a class=\"underline underline-offset-[0.12em] [text-decoration-thickness:var(--generic-link-underline-thickness)] [text-decoration-color:var(--generic-link-underline-color)] [text-decoration-skip-ink:var(--generic-link-underline-skip-ink)] break-words\" href=\"https:\/\/www.is.fi\/ulkomaat\/art-2000011495026.html\" rel=\"nofollow noopener\" target=\"_blank\">Putin n\u00f6yryytti Medvedevi\u00e4<\/a><\/p>\n<p class=\"article-body mb-nof-24 px-nof-16\">\u2013 H\u00e4nell\u00e4 on oma alkoholinhuuruinen olemassaolotaistelunsa k\u00e4ynniss\u00e4, jossa h\u00e4n saa nimellisesti n\u00e4kyvi\u00e4 paikkoja. H\u00e4nen asemansa laskee.<\/p>\n<p class=\"article-body mb-nof-24 px-nof-16\">Hurjien ulostulojen toinen tarkoitus on her\u00e4tt\u00e4\u00e4 l\u00e4nness\u00e4 pelkoa ja reaktioita. Ven\u00e4j\u00e4ll\u00e4 seurataan tarkasti sit\u00e4, tarttuvatko l\u00e4nsimediat uhitteluun ja hy\u00f6dynt\u00e4v\u00e4t t\u00e4t\u00e4 puolestaan omassa propagandassaan. Lassila kuvailee t\u00e4t\u00e4 \u201dprimitiiviseksi kunnioituksenhakemiseksi\u201d.<\/p>\n<p class=\"article-body mb-nof-24 px-nof-16\">\u2013 Medvedevin rooli on t\u00e4ss\u00e4. Se, mit\u00e4 t\u00e4\u00e4ll\u00e4 pit\u00e4isi tehd\u00e4, on n\u00e4ytt\u00e4\u00e4 keskisormea ja nauraa ja tehd\u00e4 heid\u00e4t juuri niin naurettaviksi kuin he ovat.<\/p>\n","protected":false},"excerpt":{"rendered":"Ulkopoliittisen instituutin asiantuntija sanoo, ett\u00e4 Dmitri Medvedevin ulostulot kertovat karua kielt\u00e4\u00e4n siit\u00e4, miten n\u00f6yryytt\u00e4v\u00e4\u00e4n ja merkityksett\u00f6m\u00e4\u00e4n rooliin Ven\u00e4j\u00e4n&hellip;\n","protected":false},"author":2,"featured_media":141844,"comment_status":"","ping_status":"","sticky":false,"template":"","format":"standard","meta":{"footnotes":""},"categories":[14],"tags":[22,23,26,27,33,31,30,17,34,24,25,28,29,15,18,21,32,19,20,56,16,59,60,61],"class_list":{"0":"post-141843","1":"post","2":"type-post","3":"status-publish","4":"format-standard","5":"has-post-thumbnail","7":"category-ulkomaat","8":"tag-breaking-news","9":"tag-breakingnews","10":"tag-featured-news","11":"tag-featurednews","12":"tag-fi","13":"tag-finland","14":"tag-finnish","15":"tag-headlines","16":"tag-ilta-sanomat","17":"tag-latest-news","18":"tag-latestnews","19":"tag-main-news","20":"tag-mainnews","21":"tag-news","22":"tag-otsikot","23":"tag-paauutiset","24":"tag-suomi","25":"tag-top-stories","26":"tag-topstories","27":"tag-ulkomaat","28":"tag-uutiset","29":"tag-world","30":"tag-world-news","31":"tag-worldnews"},"share_on_mastodon":{"url":"https:\/\/pubeurope.com\/@fi\/115892182327391965","error":""},"_links":{"self":[{"href":"https:\/\/www.europesays.com\/fi\/wp-json\/wp\/v2\/posts\/141843","targetHints":{"allow":["GET"]}}],"collection":[{"href":"https:\/\/www.europesays.com\/fi\/wp-json\/wp\/v2\/posts"}],"about":[{"href":"https:\/\/www.europesays.com\/fi\/wp-json\/wp\/v2\/types\/post"}],"author":[{"embeddable":true,"href":"https:\/\/www.europesays.com\/fi\/wp-json\/wp\/v2\/users\/2"}],"replies":[{"embeddable":true,"href":"https:\/\/www.europesays.com\/fi\/wp-json\/wp\/v2\/comments?post=141843"}],"version-history":[{"count":0,"href":"https:\/\/www.europesays.com\/fi\/wp-json\/wp\/v2\/posts\/141843\/revisions"}],"wp:featuredmedia":[{"embeddable":true,"href":"https:\/\/www.europesays.com\/fi\/wp-json\/wp\/v2\/media\/141844"}],"wp:attachment":[{"href":"https:\/\/www.europesays.com\/fi\/wp-json\/wp\/v2\/media?parent=141843"}],"wp:term":[{"taxonomy":"category","embeddable":true,"href":"https:\/\/www.europesays.com\/fi\/wp-json\/wp\/v2\/categories?post=141843"},{"taxonomy":"post_tag","embeddable":true,"href":"https:\/\/www.europesays.com\/fi\/wp-json\/wp\/v2\/tags?post=141843"}],"curies":[{"name":"wp","href":"https:\/\/api.w.org\/{rel}","templated":true}]}}