{"id":141852,"date":"2026-01-14T07:22:07","date_gmt":"2026-01-14T07:22:07","guid":{"rendered":"https:\/\/www.europesays.com\/fi\/141852\/"},"modified":"2026-01-14T07:22:07","modified_gmt":"2026-01-14T07:22:07","slug":"miten-dave-mustaine-sai-aikanaan-paikan-metallicasta-megadeth-johtaja-muistelee-hieman-menneita","status":"publish","type":"post","link":"https:\/\/www.europesays.com\/fi\/141852\/","title":{"rendered":"Miten Dave Mustaine sai aikanaan paikan Metallicasta? Megadeth-johtaja muistelee hieman menneit\u00e4"},"content":{"rendered":"<p>Megadethin Dave Mustaine vieraili hiljattain <a href=\"https:\/\/www.premierguitar.com\/features\/artist-features\/dave-mustaine-megadeths-last-album\" rel=\"nofollow noopener\" target=\"_blank\">Premier Guitar -julkaisun<\/a> haastattelussa jakamassa ajatuksiaan kaikenlaisista kitaransoittoteknisist\u00e4 asioista, ja mies innostui my\u00f6s v\u00e4h\u00e4n muistelemaan vanhoja aikoja. Mustaine kertoo jutussa, miten h\u00e4n sai vuonna 1982 pestin Metallicasta \u2013 yhtyeest\u00e4, josta h\u00e4n sai potkut vain vuotta my\u00f6hemmin, mutta jonka kehitykseen h\u00e4n ehti vaikuttaa ihan huomattavissa m\u00e4\u00e4rin.<\/p>\n<p>Mustaine muistelee, miten h\u00e4n vastasi ilmoitukseen, jossa Metallica-niminen b\u00e4ndi etsi riveihins\u00e4 soolokitaristia. Koesoitto j\u00e4rjestettiin Kalifornian Norwalkissa, ja paikalla olivat ilmeisesti James Hetfield sek\u00e4 yhtyeen tuolloinen basisti Ron McGovney.<\/p>\n<p>\u201dMenin sinne, ja minulla ei ollut viel\u00e4 mit\u00e4\u00e4n Marshalleja, koska aloin vasta olla kitaransoiton suhteen tosissani. Sen sijaan minulla oli Rissonin vahvistimet \u2013 ne olivat ruskeat, joten erotuin joukosta heti kun pistin kamani kasaan. Pistin sitten kitarani kiinni laitteisiin ja aloin l\u00e4mmitell\u00e4\u201d, Mustaine sanoo ja jatkaa:<\/p>\n<p>\u201dL\u00e4mmittelin ja l\u00e4mmittelin, ja lopulta aloin ihmetell\u00e4, miss\u00e4 helvetiss\u00e4 kaikki olivat. Laitoin kitarani sivuun ja vahvistimeni pois p\u00e4\u00e4lt\u00e4, ja menin sitten etsim\u00e4\u00e4n tyyppej\u00e4. Kysyin, milloin koesoittoni oikein alkaa. He vastasivat vain, ett\u00e4 sait jo paikan. Sain siis sen homman ihan vain l\u00e4mmittelyni perusteella.\u201d<\/p>\n<p>Tilanteesta on kerrottu <a href=\"https:\/\/web.archive.org\/web\/20090315095541\/http:\/\/www.mtv.com\/onair\/icon\/metallica\/timeline\/?id=1\" rel=\"nofollow noopener\" target=\"_blank\">sellaistakin versiota<\/a>, ett\u00e4 Hetfield sek\u00e4 muu yhtye olisivat vaikuttuneet yht\u00e4 lailla Mustainen tasokkaista soittokamoista kuin miehen taidoista. Ehk\u00e4 ne Rissonin kamppeet muuttivat osaltaan metallimaailmaa!<\/p>\n<p>Lue my\u00f6s: <a href=\"https:\/\/www.soundi.fi\/uutiskirje\/\" title=\"Tilaa Soundin uutiskirje\" class=\"underline-custom !font-montserrat !font-bold !underline-offset-4 !decoration-4 !decoration-red-600 !text-md\" rel=\"nofollow noopener\" target=\"_blank\">Tilaa Soundin uutiskirje ja tied\u00e4t mist\u00e4 kahvitauolla puhutaan! Nappaa ajankohtaiset musiikin uutiset ja puheenaiheet suoraan s\u00e4hk\u00f6postiin t\u00e4st\u00e4.<\/a><\/p>\n","protected":false},"excerpt":{"rendered":"Megadethin Dave Mustaine vieraili hiljattain Premier Guitar -julkaisun haastattelussa jakamassa ajatuksiaan kaikenlaisista kitaransoittoteknisist\u00e4 asioista, ja mies innostui my\u00f6s&hellip;\n","protected":false},"author":2,"featured_media":141853,"comment_status":"","ping_status":"","sticky":false,"template":"","format":"standard","meta":{"footnotes":""},"categories":[132],"tags":[137,33,31,30,195,47,32,109],"class_list":{"0":"post-141852","1":"post","2":"type-post","3":"status-publish","4":"format-standard","5":"has-post-thumbnail","7":"category-musiikki","8":"tag-entertainment","9":"tag-fi","10":"tag-finland","11":"tag-finnish","12":"tag-music","13":"tag-musiikki","14":"tag-suomi","15":"tag-viihde"},"share_on_mastodon":{"url":"https:\/\/pubeurope.com\/@fi\/115892252994133657","error":""},"_links":{"self":[{"href":"https:\/\/www.europesays.com\/fi\/wp-json\/wp\/v2\/posts\/141852","targetHints":{"allow":["GET"]}}],"collection":[{"href":"https:\/\/www.europesays.com\/fi\/wp-json\/wp\/v2\/posts"}],"about":[{"href":"https:\/\/www.europesays.com\/fi\/wp-json\/wp\/v2\/types\/post"}],"author":[{"embeddable":true,"href":"https:\/\/www.europesays.com\/fi\/wp-json\/wp\/v2\/users\/2"}],"replies":[{"embeddable":true,"href":"https:\/\/www.europesays.com\/fi\/wp-json\/wp\/v2\/comments?post=141852"}],"version-history":[{"count":0,"href":"https:\/\/www.europesays.com\/fi\/wp-json\/wp\/v2\/posts\/141852\/revisions"}],"wp:featuredmedia":[{"embeddable":true,"href":"https:\/\/www.europesays.com\/fi\/wp-json\/wp\/v2\/media\/141853"}],"wp:attachment":[{"href":"https:\/\/www.europesays.com\/fi\/wp-json\/wp\/v2\/media?parent=141852"}],"wp:term":[{"taxonomy":"category","embeddable":true,"href":"https:\/\/www.europesays.com\/fi\/wp-json\/wp\/v2\/categories?post=141852"},{"taxonomy":"post_tag","embeddable":true,"href":"https:\/\/www.europesays.com\/fi\/wp-json\/wp\/v2\/tags?post=141852"}],"curies":[{"name":"wp","href":"https:\/\/api.w.org\/{rel}","templated":true}]}}