{"id":141862,"date":"2026-01-14T07:31:10","date_gmt":"2026-01-14T07:31:10","guid":{"rendered":"https:\/\/www.europesays.com\/fi\/141862\/"},"modified":"2026-01-14T07:31:10","modified_gmt":"2026-01-14T07:31:10","slug":"uusia-harrastusmahdollisuuksia-boostii-harrastemessuilla-14-1-turku-fi","status":"publish","type":"post","link":"https:\/\/www.europesays.com\/fi\/141862\/","title":{"rendered":"Uusia harrastusmahdollisuuksia Boostii-harrastemessuilla 14.1. | Turku.fi"},"content":{"rendered":"<p>Turku j\u00e4rjest\u00e4\u00e4 yhteisty\u00f6ss\u00e4 paikallisten urheiluseurojen kanssa Boostii-harrastemessut keskiviikkona 14.1.2026 Kupittaan palloiluhallissa. Tapahtumassa esitell\u00e4\u00e4n Boostii-etua ja koululaiset saavat mahdollisuuden tutustua monipuolisiin liikuntalajeihin.\u00a0<\/p>\n<p>Ohjelma:\u00a0<\/p>\n<ul>\n<li>Alakoulun 1\u20136 luokat klo 9\u201311<\/li>\n<li>Yl\u00e4koulun luokat 7\u20139 klo 12\u201314\u00a0<\/li>\n<\/ul>\n<p>Oppilaat voivat ker\u00e4t\u00e4 leimoja messupassiin osallistumalla seurojen Boostii-toimintapisteiden toimintaan. Kaikki palautetut passit osallistuvat elokuvalippujen arvontaan.\u00a0<\/p>\n<p>Tervetuloa mukaan liikkumaan ja tutustumaan Boostii-etuun!<\/p>\n<p>Turun kaupunki antaa kaikille 7\u201319-vuotiaille turkulaisille Boostii-edun ohjattuun liikuntaharrastamiseen seuroissa. Uusi tukimalli auttaa harrastuskuluissa ja kannustaa perheit\u00e4 osallistumaan liikuntaseuratoimintaan.<\/p>\n","protected":false},"excerpt":{"rendered":"Turku j\u00e4rjest\u00e4\u00e4 yhteisty\u00f6ss\u00e4 paikallisten urheiluseurojen kanssa Boostii-harrastemessut keskiviikkona 14.1.2026 Kupittaan palloiluhallissa. Tapahtumassa esitell\u00e4\u00e4n Boostii-etua ja koululaiset saavat mahdollisuuden&hellip;\n","protected":false},"author":2,"featured_media":141863,"comment_status":"","ping_status":"","sticky":false,"template":"","format":"standard","meta":{"footnotes":""},"categories":[12],"tags":[22,23,26,27,33,31,30,17,24,25,28,29,15,18,21,32,19,20,16],"class_list":{"0":"post-141862","1":"post","2":"type-post","3":"status-publish","4":"format-standard","5":"has-post-thumbnail","7":"category-suomi","8":"tag-breaking-news","9":"tag-breakingnews","10":"tag-featured-news","11":"tag-featurednews","12":"tag-fi","13":"tag-finland","14":"tag-finnish","15":"tag-headlines","16":"tag-latest-news","17":"tag-latestnews","18":"tag-main-news","19":"tag-mainnews","20":"tag-news","21":"tag-otsikot","22":"tag-paauutiset","23":"tag-suomi","24":"tag-top-stories","25":"tag-topstories","26":"tag-uutiset"},"share_on_mastodon":{"url":"https:\/\/pubeurope.com\/@fi\/115892288491852255","error":""},"_links":{"self":[{"href":"https:\/\/www.europesays.com\/fi\/wp-json\/wp\/v2\/posts\/141862","targetHints":{"allow":["GET"]}}],"collection":[{"href":"https:\/\/www.europesays.com\/fi\/wp-json\/wp\/v2\/posts"}],"about":[{"href":"https:\/\/www.europesays.com\/fi\/wp-json\/wp\/v2\/types\/post"}],"author":[{"embeddable":true,"href":"https:\/\/www.europesays.com\/fi\/wp-json\/wp\/v2\/users\/2"}],"replies":[{"embeddable":true,"href":"https:\/\/www.europesays.com\/fi\/wp-json\/wp\/v2\/comments?post=141862"}],"version-history":[{"count":0,"href":"https:\/\/www.europesays.com\/fi\/wp-json\/wp\/v2\/posts\/141862\/revisions"}],"wp:featuredmedia":[{"embeddable":true,"href":"https:\/\/www.europesays.com\/fi\/wp-json\/wp\/v2\/media\/141863"}],"wp:attachment":[{"href":"https:\/\/www.europesays.com\/fi\/wp-json\/wp\/v2\/media?parent=141862"}],"wp:term":[{"taxonomy":"category","embeddable":true,"href":"https:\/\/www.europesays.com\/fi\/wp-json\/wp\/v2\/categories?post=141862"},{"taxonomy":"post_tag","embeddable":true,"href":"https:\/\/www.europesays.com\/fi\/wp-json\/wp\/v2\/tags?post=141862"}],"curies":[{"name":"wp","href":"https:\/\/api.w.org\/{rel}","templated":true}]}}