{"id":141864,"date":"2026-01-14T07:32:06","date_gmt":"2026-01-14T07:32:06","guid":{"rendered":"https:\/\/www.europesays.com\/fi\/141864\/"},"modified":"2026-01-14T07:32:06","modified_gmt":"2026-01-14T07:32:06","slug":"palveluopas-oululaisille-ikaihmisille-jaetaan-postitse-yli-75-vuotiaille-saatavilla-myos-kirjastoissa-ja-oulu10-asiointipisteissa","status":"publish","type":"post","link":"https:\/\/www.europesays.com\/fi\/141864\/","title":{"rendered":"Palveluopas oululaisille ik\u00e4ihmisille jaetaan postitse yli 75-vuotiaille \u2013 saatavilla my\u00f6s kirjastoissa ja Oulu10-asiointipisteiss\u00e4"},"content":{"rendered":"<p>Oulun kaupunki on julkaissut p\u00e4ivitetyn palveluoppaan oululaisille ik\u00e4ihmisille. Oppaaseen on koottu ik\u00e4ihmisten kannalta keskeiset Oulun kaupungin palvelut puhelinnumeroineen sek\u00e4 muita ik\u00e4ihmisten kannalta tarpeellisia palveluja, kuten Pohteen sosiaali- ja terveyspalveluja.\u00a0<\/p>\n<p>Opas l\u00e4hetet\u00e4\u00e4n postitse kotiin kaikille 75 vuotta t\u00e4ytt\u00e4neille ja sit\u00e4 vanhemmille oululaisille viikon 3 aikana. Jos taloudessa asuu kaksi kohderyhm\u00e4\u00e4n kuuluvaa, opas postitetaan vain toisen nimell\u00e4.<\/p>\n<p>Oppaita on jaossa my\u00f6s Oulu10-asiointipisteiss\u00e4 ja Aino-neuvonnassa (Torikatu 10). Kirjastoista ja kirjastoautoista oppaan voi noutaa ensi viikosta l\u00e4htien (viikko 4).\u00a0<\/p>\n<p><a href=\"https:\/\/www.ouka.fi\/ikaantyneet\" title=\"Ik\u00e4\u00e4ntyneet\" rel=\"nofollow noopener\" target=\"_blank\"><strong>Opas l\u00f6ytyy s\u00e4hk\u00f6isen\u00e4 Oulun kaupungin verkkosivujen Ik\u00e4\u00e4ntyneet-koontisivustolta.<\/strong><\/a><\/p>\n","protected":false},"excerpt":{"rendered":"Oulun kaupunki on julkaissut p\u00e4ivitetyn palveluoppaan oululaisille ik\u00e4ihmisille. Oppaaseen on koottu ik\u00e4ihmisten kannalta keskeiset Oulun kaupungin palvelut puhelinnumeroineen&hellip;\n","protected":false},"author":2,"featured_media":141865,"comment_status":"","ping_status":"","sticky":false,"template":"","format":"standard","meta":{"footnotes":""},"categories":[5],"tags":[22,23,26,27,33,31,30,17,24,25,28,29,15,18,21,32,19,20,16],"class_list":{"0":"post-141864","1":"post","2":"type-post","3":"status-publish","4":"format-standard","5":"has-post-thumbnail","7":"category-otsikot","8":"tag-breaking-news","9":"tag-breakingnews","10":"tag-featured-news","11":"tag-featurednews","12":"tag-fi","13":"tag-finland","14":"tag-finnish","15":"tag-headlines","16":"tag-latest-news","17":"tag-latestnews","18":"tag-main-news","19":"tag-mainnews","20":"tag-news","21":"tag-otsikot","22":"tag-paauutiset","23":"tag-suomi","24":"tag-top-stories","25":"tag-topstories","26":"tag-uutiset"},"share_on_mastodon":{"url":"https:\/\/pubeurope.com\/@fi\/115892292452141187","error":""},"_links":{"self":[{"href":"https:\/\/www.europesays.com\/fi\/wp-json\/wp\/v2\/posts\/141864","targetHints":{"allow":["GET"]}}],"collection":[{"href":"https:\/\/www.europesays.com\/fi\/wp-json\/wp\/v2\/posts"}],"about":[{"href":"https:\/\/www.europesays.com\/fi\/wp-json\/wp\/v2\/types\/post"}],"author":[{"embeddable":true,"href":"https:\/\/www.europesays.com\/fi\/wp-json\/wp\/v2\/users\/2"}],"replies":[{"embeddable":true,"href":"https:\/\/www.europesays.com\/fi\/wp-json\/wp\/v2\/comments?post=141864"}],"version-history":[{"count":0,"href":"https:\/\/www.europesays.com\/fi\/wp-json\/wp\/v2\/posts\/141864\/revisions"}],"wp:featuredmedia":[{"embeddable":true,"href":"https:\/\/www.europesays.com\/fi\/wp-json\/wp\/v2\/media\/141865"}],"wp:attachment":[{"href":"https:\/\/www.europesays.com\/fi\/wp-json\/wp\/v2\/media?parent=141864"}],"wp:term":[{"taxonomy":"category","embeddable":true,"href":"https:\/\/www.europesays.com\/fi\/wp-json\/wp\/v2\/categories?post=141864"},{"taxonomy":"post_tag","embeddable":true,"href":"https:\/\/www.europesays.com\/fi\/wp-json\/wp\/v2\/tags?post=141864"}],"curies":[{"name":"wp","href":"https:\/\/api.w.org\/{rel}","templated":true}]}}