{"id":141866,"date":"2026-01-14T07:33:07","date_gmt":"2026-01-14T07:33:07","guid":{"rendered":"https:\/\/www.europesays.com\/fi\/141866\/"},"modified":"2026-01-14T07:33:07","modified_gmt":"2026-01-14T07:33:07","slug":"pyykosjarveen-johdetaan-lisaa-vetta-varoitus-heikoille-jaille-myos-kuivasjarvelle-mun-oulu","status":"publish","type":"post","link":"https:\/\/www.europesays.com\/fi\/141866\/","title":{"rendered":"Pyyk\u00f6sj\u00e4rveen johdetaan lis\u00e4\u00e4 vett\u00e4 \u2013 varoitus heikoille j\u00e4ille my\u00f6s Kuivasj\u00e4rvelle \u2013 Mun Oulu"},"content":{"rendered":"<p>Jaksotuksella pyrit\u00e4\u00e4n varmistamaan, ettei lis\u00e4vesityksest\u00e4 aiheudu riski\u00e4 naapurikiinteist\u00f6ille. Lis\u00e4vesityst\u00e4 jaksotetaan aina maaliskuun loppuun saakka. Liikkumista purkupaikkojen ymp\u00e4rist\u00f6ss\u00e4 tulee v\u00e4ltt\u00e4\u00e4 koko talvikauden 2026 ajan.<\/p>\n<p>Oulujoesta pumpattava vesi aiheuttaa j\u00e4\u00e4peitteen ohentumisen ja sulan veden alueen Pyyk\u00f6sj\u00e4rven uimarannan edustalla ja Hiltusenper\u00e4nlahden alueella. Purkukohdat on merkattu merkkipaaluilla, mutta heikkoja kohtia voi olla muuallakin j\u00e4\u00e4peitteess\u00e4.<\/p>\n<p>Kalaston happipitoisuutta turvataan<\/p>\n<p>Lis\u00e4vesityksell\u00e4 pyrit\u00e4\u00e4n turvaamaan j\u00e4rven kalastolle riitt\u00e4v\u00e4 happipitoisuus koko talven ajan. Hapellinen vesi ehk\u00e4isee my\u00f6s j\u00e4rven sis\u00e4ist\u00e4 kuormitusta eli ravinteiden vapautumista pohjasedimentist\u00e4.<\/p>\n<p>Kaupunkiymp\u00e4rist\u00f6palvelut muistuttaa my\u00f6s Kuivasj\u00e4rven ilmastuksesta aiheutuvasta j\u00e4\u00e4peitteen ohenemisesta ja sulapaikoista. Varoitukset koskevat koko j\u00e4\u00e4peitteist\u00e4 aikaa.<\/p>\n","protected":false},"excerpt":{"rendered":"Jaksotuksella pyrit\u00e4\u00e4n varmistamaan, ettei lis\u00e4vesityksest\u00e4 aiheudu riski\u00e4 naapurikiinteist\u00f6ille. Lis\u00e4vesityst\u00e4 jaksotetaan aina maaliskuun loppuun saakka. Liikkumista purkupaikkojen ymp\u00e4rist\u00f6ss\u00e4 tulee&hellip;\n","protected":false},"author":2,"featured_media":141867,"comment_status":"","ping_status":"","sticky":false,"template":"","format":"standard","meta":{"footnotes":""},"categories":[117],"tags":[33,31,30,72,476,118,32,119,477],"class_list":{"0":"post-141866","1":"post","2":"type-post","3":"status-publish","4":"format-standard","5":"has-post-thumbnail","7":"category-luonto","8":"tag-fi","9":"tag-finland","10":"tag-finnish","11":"tag-luonto","12":"tag-nature","13":"tag-science","14":"tag-suomi","15":"tag-tiede","16":"tag-wildlife"},"share_on_mastodon":{"url":"https:\/\/pubeurope.com\/@fi\/115892296254848320","error":""},"_links":{"self":[{"href":"https:\/\/www.europesays.com\/fi\/wp-json\/wp\/v2\/posts\/141866","targetHints":{"allow":["GET"]}}],"collection":[{"href":"https:\/\/www.europesays.com\/fi\/wp-json\/wp\/v2\/posts"}],"about":[{"href":"https:\/\/www.europesays.com\/fi\/wp-json\/wp\/v2\/types\/post"}],"author":[{"embeddable":true,"href":"https:\/\/www.europesays.com\/fi\/wp-json\/wp\/v2\/users\/2"}],"replies":[{"embeddable":true,"href":"https:\/\/www.europesays.com\/fi\/wp-json\/wp\/v2\/comments?post=141866"}],"version-history":[{"count":0,"href":"https:\/\/www.europesays.com\/fi\/wp-json\/wp\/v2\/posts\/141866\/revisions"}],"wp:featuredmedia":[{"embeddable":true,"href":"https:\/\/www.europesays.com\/fi\/wp-json\/wp\/v2\/media\/141867"}],"wp:attachment":[{"href":"https:\/\/www.europesays.com\/fi\/wp-json\/wp\/v2\/media?parent=141866"}],"wp:term":[{"taxonomy":"category","embeddable":true,"href":"https:\/\/www.europesays.com\/fi\/wp-json\/wp\/v2\/categories?post=141866"},{"taxonomy":"post_tag","embeddable":true,"href":"https:\/\/www.europesays.com\/fi\/wp-json\/wp\/v2\/tags?post=141866"}],"curies":[{"name":"wp","href":"https:\/\/api.w.org\/{rel}","templated":true}]}}