{"id":141868,"date":"2026-01-14T07:44:08","date_gmt":"2026-01-14T07:44:08","guid":{"rendered":"https:\/\/www.europesays.com\/fi\/141868\/"},"modified":"2026-01-14T07:44:08","modified_gmt":"2026-01-14T07:44:08","slug":"kiefer-sutherland-pidatetty-pahoinpitelyn-vuoksi","status":"publish","type":"post","link":"https:\/\/www.europesays.com\/fi\/141868\/","title":{"rendered":"Kiefer Sutherland pid\u00e4tetty pahoinpitelyn vuoksi"},"content":{"rendered":"<p>Kuuluisa n\u00e4yttelij\u00e4 tilasi jaetun taksin sovelluksen kautta, mutta tilanne p\u00e4\u00e4tyi k\u00e4sirysyyn.<\/p>\n<p class=\"article-body mb-nof-24 px-nof-16\">N\u00e4yttelij\u00e4 <a class=\"font-bold underline-offset-[0.12em] [text-decoration:var(--person-link-text-decoration)] ![text-decoration-color:var(--person-link-text-decoration-color)]\" href=\"https:\/\/www.is.fi\/haku\/?query=Kiefer%20Sutherland\" rel=\"nofollow noopener\" target=\"_blank\">Kiefer Sutherland<\/a>, 59, on pid\u00e4tetty Los Angelesissa, kertoo <a class=\"underline underline-offset-[0.12em] [text-decoration-thickness:var(--generic-link-underline-thickness)] [text-decoration-color:var(--generic-link-underline-color)] [text-decoration-skip-ink:var(--generic-link-underline-skip-ink)] break-words\" href=\"https:\/\/www.bbc.com\/news\/articles\/cql40ze5pkpo\" rel=\"nofollow noopener\" target=\"_blank\">BBC<\/a>.<\/p>\n<p class=\"article-body mb-nof-24 px-nof-16\">Sutherland pid\u00e4tettiin sunnuntain ja maanantain v\u00e4lisen\u00e4 y\u00f6n\u00e4 ep\u00e4iltyn\u00e4 taksikuskin pahoinpitelemisest\u00e4. <a class=\"underline underline-offset-[0.12em] [text-decoration-thickness:var(--generic-link-underline-thickness)] [text-decoration-color:var(--generic-link-underline-color)] [text-decoration-skip-ink:var(--generic-link-underline-skip-ink)] break-words\" href=\"https:\/\/people.com\/kiefer-sutherland-arrested-after-allegedly-assaulting-ride-share-driver-in-hollywood-11885029\" rel=\"nofollow noopener\" target=\"_blank\">People-lehden<\/a> mukaan kyseess\u00e4 oli rideshare-taksi, eli jaettu taksimatka.<\/p>\n<p class=\"article-body mb-nof-24 px-nof-16\">\u2013 Tutkimukset osoittavat ep\u00e4illyn, eli Kiefer Sutherlandin, menneen sis\u00e4lle autoon ja fyysisesti pahoinpidelleen kuskin. H\u00e4n my\u00f6s uhkaili kuskia, poliisi kertoo tapahtumista lehden mukaan.<\/p>\n<p><img decoding=\"async\" src=\"https:\/\/www.europesays.com\/fi\/wp-content\/uploads\/2026\/01\/1768376648_803_468.jpg\" alt=\"Kiefer Sutherlandia syytet\u00e4\u00e4n taksikuskin pahoinpitelyst\u00e4.\" class=\"_Img_1rerz_1\" style=\"aspect-ratio:0.6651041666666667\" loading=\"eager\"\/><\/p>\n<p class=\"article-picture-caption\">Kiefer Sutherlandia syytet\u00e4\u00e4n taksikuskin pahoinpitelyst\u00e4. Kuva:\u00a0Steve Vas<\/p>\n<p class=\"article-body mb-nof-24 px-nof-16\">Poliisin mukaan uhri ei saanut tilanteessa vammoja, jotka olisivat vaatineet hoitoa paikan p\u00e4\u00e4ll\u00e4. Lehtitietojen mukaan n\u00e4yttelij\u00e4 vietiin putkaan, mutta h\u00e4net vapautettiin 50\u202f000 dollarin takuita vastaan.<\/p>\n<p class=\"article-body mb-nof-24 px-nof-16\">Asiaa tullaan k\u00e4sittelem\u00e4\u00e4n oikeudessa helmikuun alussa.<\/p>\n<p class=\"article-body mb-nof-24 px-nof-16\">Kiefer Sutherland on tehnyt pitk\u00e4n uran television ja elokuvien parissa. H\u00e4n on n\u00e4ytellyt muun muassa Stand by Me \u2013 viimeinen kes\u00e4, The Lost Boys ja Phone Booth -elokuvissa.<\/p>\n<p class=\"article-body mb-nof-24 px-nof-16\">Erityisesti h\u00e4net muistetaan suositusta 24-sarjasta, jossa h\u00e4n esitti sarjan p\u00e4\u00e4hahmoa Jack Baueria.<\/p>\n","protected":false},"excerpt":{"rendered":"Kuuluisa n\u00e4yttelij\u00e4 tilasi jaetun taksin sovelluksen kautta, mutta tilanne p\u00e4\u00e4tyi k\u00e4sirysyyn. N\u00e4yttelij\u00e4 Kiefer Sutherland, 59, on pid\u00e4tetty Los&hellip;\n","protected":false},"author":2,"featured_media":141869,"comment_status":"","ping_status":"","sticky":false,"template":"","format":"standard","meta":{"footnotes":""},"categories":[136],"tags":[407,137,33,31,30,34,408,32,109],"class_list":{"0":"post-141868","1":"post","2":"type-post","3":"status-publish","4":"format-standard","5":"has-post-thumbnail","7":"category-julkkikset","8":"tag-celebrities","9":"tag-entertainment","10":"tag-fi","11":"tag-finland","12":"tag-finnish","13":"tag-ilta-sanomat","14":"tag-julkkikset","15":"tag-suomi","16":"tag-viihde"},"share_on_mastodon":{"url":"https:\/\/pubeurope.com\/@fi\/115892339515427072","error":""},"_links":{"self":[{"href":"https:\/\/www.europesays.com\/fi\/wp-json\/wp\/v2\/posts\/141868","targetHints":{"allow":["GET"]}}],"collection":[{"href":"https:\/\/www.europesays.com\/fi\/wp-json\/wp\/v2\/posts"}],"about":[{"href":"https:\/\/www.europesays.com\/fi\/wp-json\/wp\/v2\/types\/post"}],"author":[{"embeddable":true,"href":"https:\/\/www.europesays.com\/fi\/wp-json\/wp\/v2\/users\/2"}],"replies":[{"embeddable":true,"href":"https:\/\/www.europesays.com\/fi\/wp-json\/wp\/v2\/comments?post=141868"}],"version-history":[{"count":0,"href":"https:\/\/www.europesays.com\/fi\/wp-json\/wp\/v2\/posts\/141868\/revisions"}],"wp:featuredmedia":[{"embeddable":true,"href":"https:\/\/www.europesays.com\/fi\/wp-json\/wp\/v2\/media\/141869"}],"wp:attachment":[{"href":"https:\/\/www.europesays.com\/fi\/wp-json\/wp\/v2\/media?parent=141868"}],"wp:term":[{"taxonomy":"category","embeddable":true,"href":"https:\/\/www.europesays.com\/fi\/wp-json\/wp\/v2\/categories?post=141868"},{"taxonomy":"post_tag","embeddable":true,"href":"https:\/\/www.europesays.com\/fi\/wp-json\/wp\/v2\/tags?post=141868"}],"curies":[{"name":"wp","href":"https:\/\/api.w.org\/{rel}","templated":true}]}}