{"id":14187,"date":"2025-08-23T15:30:08","date_gmt":"2025-08-23T15:30:08","guid":{"rendered":"https:\/\/www.europesays.com\/fi\/14187\/"},"modified":"2025-08-23T15:30:08","modified_gmt":"2025-08-23T15:30:08","slug":"mika-poutala-jyrasi-aanestyksessa","status":"publish","type":"post","link":"https:\/\/www.europesays.com\/fi\/14187\/","title":{"rendered":"Mika Poutala jyr\u00e4si \u00e4\u00e4nestyksess\u00e4"},"content":{"rendered":"<p>Ministeri Mika Poutala sai jatkopestin kristillisdemokraattien 1. varapuheenjohtajana.<\/p>\n<p><img decoding=\"async\" class=\"image image-show image-preview\" src=\"https:\/\/www.europesays.com\/fi\/wp-content\/uploads\/2025\/08\/4e2a6af98245d5ae19b1fa89340efc50461b0acb108cbe1b6befc302d7bd4043.jpg\" alt=\"\"\/><img decoding=\"async\" class=\"image image-show\" src=\"https:\/\/www.europesays.com\/fi\/wp-content\/uploads\/2025\/08\/1755963008_542_4e2a6af98245d5ae19b1fa89340efc50461b0acb108cbe1b6befc302d7bd4043.jpg\" alt=\"\"\/><\/p>\n<p>Mika Poutalalla oli Porin puoluekokouksessa aihetta iloon. Johannes Ij\u00e4s<\/p>\n<p class=\"paragraph\">Liikunta-, urheilu- ja nuorisoministeri <a href=\"https:\/\/www.iltalehti.fi\/henkilot\/Mika Poutala\" class=\"article-link-person-page\" rel=\"nofollow noopener\" target=\"_blank\">Mika Poutala<\/a> jatkaa kristillisdemokraattien ensimm\u00e4isen\u00e4 varapuheenjohtajana.<\/p>\n<p class=\"paragraph\">H\u00e4n voitti ylivoimaisesti varapuheenjohtajavaalin kristillisdemokraattien puoluekokouksessa Porissa 265 \u00e4\u00e4nell\u00e4.<\/p>\n<p class=\"paragraph\">Uudeksi toiseksi varapuheenjohtajaksi valittiin tamperelainen kaupunginvaltuutettu ja aluevaltuutettu <strong>Sirpa Pursiainen-Hautala<\/strong>.<\/p>\n<p class=\"paragraph\">Kolmanneksi varapuheenjohtajaksi nousi uutena helsinkil\u00e4inen filosofian tohtori <strong>Susanna Kokkonen<\/strong>.<\/p>\n<p class=\"paragraph\">Pursiainen-Hautala sai 130 \u00e4\u00e4nt\u00e4 ja Kokkonen 107 \u00e4\u00e4nt\u00e4.<\/p>\n<p class=\"paragraph\">Varapuheenjohtajavaalissa oli mukana per\u00e4ti kymmenen ehdokasta.<\/p>\n<p class=\"paragraph\">Kristillisdemokraattien puheenjohtajana jatkaa jo kymmenen vuotta puoluetta johtanut <a href=\"https:\/\/www.iltalehti.fi\/henkilot\/Sari Essayah\" class=\"article-link-person-page\" rel=\"nofollow noopener\" target=\"_blank\">Sari Essayah<\/a>. H\u00e4nell\u00e4 ei ollut seuraavalle kaksivuotiskaudelle vastaehdokkaita.<\/p>\n","protected":false},"excerpt":{"rendered":"Ministeri Mika Poutala sai jatkopestin kristillisdemokraattien 1. varapuheenjohtajana. Mika Poutalalla oli Porin puoluekokouksessa aihetta iloon. Johannes Ij\u00e4s Liikunta-,&hellip;\n","protected":false},"author":2,"featured_media":14188,"comment_status":"","ping_status":"","sticky":false,"template":"","format":"standard","meta":{"footnotes":""},"categories":[12],"tags":[35,22,23,26,27,33,31,30,17,24,25,41,28,29,15,18,21,637,886,885,887,32,19,20,16],"class_list":{"0":"post-14187","1":"post","2":"type-post","3":"status-publish","4":"format-standard","5":"has-post-thumbnail","7":"category-suomi","8":"tag-24h","9":"tag-breaking-news","10":"tag-breakingnews","11":"tag-featured-news","12":"tag-featurednews","13":"tag-fi","14":"tag-finland","15":"tag-finnish","16":"tag-headlines","17":"tag-latest-news","18":"tag-latestnews","19":"tag-liikunta-ja-urheilu","20":"tag-main-news","21":"tag-mainnews","22":"tag-news","23":"tag-otsikot","24":"tag-paauutiset","25":"tag-politiikka","26":"tag-puolueet","27":"tag-suomen-poliittiset-puolueet","28":"tag-suomen-politiikka","29":"tag-suomi","30":"tag-top-stories","31":"tag-topstories","32":"tag-uutiset"},"share_on_mastodon":{"url":"","error":""},"_links":{"self":[{"href":"https:\/\/www.europesays.com\/fi\/wp-json\/wp\/v2\/posts\/14187","targetHints":{"allow":["GET"]}}],"collection":[{"href":"https:\/\/www.europesays.com\/fi\/wp-json\/wp\/v2\/posts"}],"about":[{"href":"https:\/\/www.europesays.com\/fi\/wp-json\/wp\/v2\/types\/post"}],"author":[{"embeddable":true,"href":"https:\/\/www.europesays.com\/fi\/wp-json\/wp\/v2\/users\/2"}],"replies":[{"embeddable":true,"href":"https:\/\/www.europesays.com\/fi\/wp-json\/wp\/v2\/comments?post=14187"}],"version-history":[{"count":0,"href":"https:\/\/www.europesays.com\/fi\/wp-json\/wp\/v2\/posts\/14187\/revisions"}],"wp:featuredmedia":[{"embeddable":true,"href":"https:\/\/www.europesays.com\/fi\/wp-json\/wp\/v2\/media\/14188"}],"wp:attachment":[{"href":"https:\/\/www.europesays.com\/fi\/wp-json\/wp\/v2\/media?parent=14187"}],"wp:term":[{"taxonomy":"category","embeddable":true,"href":"https:\/\/www.europesays.com\/fi\/wp-json\/wp\/v2\/categories?post=14187"},{"taxonomy":"post_tag","embeddable":true,"href":"https:\/\/www.europesays.com\/fi\/wp-json\/wp\/v2\/tags?post=14187"}],"curies":[{"name":"wp","href":"https:\/\/api.w.org\/{rel}","templated":true}]}}