{"id":141870,"date":"2026-01-14T07:47:13","date_gmt":"2026-01-14T07:47:13","guid":{"rendered":"https:\/\/www.europesays.com\/fi\/141870\/"},"modified":"2026-01-14T07:47:13","modified_gmt":"2026-01-14T07:47:13","slug":"he-ovat-uudet-tahdet-tahdet-kilpailijat-yksi-jattanyt-tuomariston","status":"publish","type":"post","link":"https:\/\/www.europesays.com\/fi\/141870\/","title":{"rendered":"He ovat uudet T\u00e4hdet, t\u00e4hdet -kilpailijat \u2013 yksi j\u00e4tt\u00e4nyt tuomariston"},"content":{"rendered":"<p>Muusikko <strong>Waldo<\/strong> eli <strong>Marko Reijonen<\/strong> paljasti jo omalla sometilill\u00e4\u00e4n olevansa vuoden 2026 T\u00e4hdet, t\u00e4hdet -kilpailija. H\u00e4nen lis\u00e4kseen ohjelmaan osallistuu monta julkisuudesta tuttua henkil\u00f6\u00e4.<\/p>\n<p>Lue my\u00f6s: <a href=\"https:\/\/www.como.fi\/uutiset\/waldolta-yllatys-lahipiirikin-oli-ihmeissaan\/\" title=\"Waldolta yll\u00e4tys \u2013 \u201dL\u00e4hipiirikin oli ihmeiss\u00e4\u00e4n\u201d\" class=\"underline-custom !font-montserrat !font-bold !underline-offset-4 !decoration-4 !decoration-red-600 !text-md\" rel=\"nofollow noopener\" target=\"_blank\">Waldolta yll\u00e4tys \u2013 \u201dL\u00e4hipiirikin oli ihmeiss\u00e4\u00e4n\u201d<\/a><\/p>\n<p>Waldon lis\u00e4ksi uudella kaudella tullaan n\u00e4kem\u00e4\u00e4n n\u00e4yttelij\u00e4 <strong>Mikko Penttil\u00e4<\/strong>, laulaja <strong>Ami Aspelund<\/strong>, laulaja <strong>Annika Eklund<\/strong>, vatsastapuhuja <strong>Sari Aalto<\/strong>, muusikko <strong>Jukka Poika<\/strong>, laulaja <strong>Venla Edelmann<\/strong>, laulaja <strong>Noora Louhimo<\/strong> ja oopperalaulaja <strong>Aarne Pelkonen<\/strong>.<\/p>\n<p>Ohjelman tuomareina toimivat edelleen <strong>Lilli Paasikivi<\/strong> ja <strong>Sami Yaffa<\/strong>. Mukana tulee olemaan heid\u00e4n lis\u00e4kseen my\u00f6s vaihtuva vieraileva tuomari. Sen kerrotaan tuovan oman yll\u00e4tyksellisen lis\u00e4ns\u00e4 kokonaisuuteen ja tekev\u00e4n illasta entist\u00e4kin s\u00e4ihkyv\u00e4mm\u00e4n. <\/p>\n<p>Tuomaristosta on j\u00e4\u00e4nyt pois <strong>Juuso M\u00e4kil\u00e4hde, <\/strong>joka aloitti ohjelman tuomarina vuonna 2023.<\/p>\n<p>Ohjelman juontajana toimii upea <strong>Susanna Laine<\/strong>.<\/p>\n<p>T\u00e4hdet, t\u00e4hdet n\u00e4hd\u00e4\u00e4n Ruudussa ja Nelosella alkaen 5. huhtikuuta.<\/p>\n<p>Lue my\u00f6s: <a href=\"https:\/\/www.como.fi\/tilaa-comon-uutiskirje\/\" title=\"Tilaa Comon uutiskirje ja tied\u00e4t mist\u00e4 kahvitauolla puhutaan! Nappaa kotimaan tv-vinkit ja puheenaiheet suoraan s\u00e4hk\u00f6postiin t\u00e4st\u00e4.\" class=\"underline-custom !font-montserrat !font-bold !underline-offset-4 !decoration-4 !decoration-red-600 !text-md\" rel=\"nofollow noopener\" target=\"_blank\">Tilaa Comon uutiskirje ja tied\u00e4t mist\u00e4 kahvitauolla puhutaan! Nappaa kotimaan tv-vinkit ja puheenaiheet suoraan s\u00e4hk\u00f6postiin t\u00e4st\u00e4.<\/a><\/p>\n","protected":false},"excerpt":{"rendered":"Muusikko Waldo eli Marko Reijonen paljasti jo omalla sometilill\u00e4\u00e4n olevansa vuoden 2026 T\u00e4hdet, t\u00e4hdet -kilpailija. H\u00e4nen lis\u00e4kseen ohjelmaan&hellip;\n","protected":false},"author":2,"featured_media":141871,"comment_status":"","ping_status":"","sticky":false,"template":"","format":"standard","meta":{"footnotes":""},"categories":[133],"tags":[137,33,31,30,32,206,17009,156,109],"class_list":{"0":"post-141870","1":"post","2":"type-post","3":"status-publish","4":"format-standard","5":"has-post-thumbnail","7":"category-televisiot","8":"tag-entertainment","9":"tag-fi","10":"tag-finland","11":"tag-finnish","12":"tag-suomi","13":"tag-televisiot","14":"tag-tu00e4hdet","15":"tag-tv","16":"tag-viihde"},"share_on_mastodon":{"url":"https:\/\/pubeurope.com\/@fi\/115892351300780854","error":""},"_links":{"self":[{"href":"https:\/\/www.europesays.com\/fi\/wp-json\/wp\/v2\/posts\/141870","targetHints":{"allow":["GET"]}}],"collection":[{"href":"https:\/\/www.europesays.com\/fi\/wp-json\/wp\/v2\/posts"}],"about":[{"href":"https:\/\/www.europesays.com\/fi\/wp-json\/wp\/v2\/types\/post"}],"author":[{"embeddable":true,"href":"https:\/\/www.europesays.com\/fi\/wp-json\/wp\/v2\/users\/2"}],"replies":[{"embeddable":true,"href":"https:\/\/www.europesays.com\/fi\/wp-json\/wp\/v2\/comments?post=141870"}],"version-history":[{"count":0,"href":"https:\/\/www.europesays.com\/fi\/wp-json\/wp\/v2\/posts\/141870\/revisions"}],"wp:featuredmedia":[{"embeddable":true,"href":"https:\/\/www.europesays.com\/fi\/wp-json\/wp\/v2\/media\/141871"}],"wp:attachment":[{"href":"https:\/\/www.europesays.com\/fi\/wp-json\/wp\/v2\/media?parent=141870"}],"wp:term":[{"taxonomy":"category","embeddable":true,"href":"https:\/\/www.europesays.com\/fi\/wp-json\/wp\/v2\/categories?post=141870"},{"taxonomy":"post_tag","embeddable":true,"href":"https:\/\/www.europesays.com\/fi\/wp-json\/wp\/v2\/tags?post=141870"}],"curies":[{"name":"wp","href":"https:\/\/api.w.org\/{rel}","templated":true}]}}