{"id":141877,"date":"2026-01-14T07:55:07","date_gmt":"2026-01-14T07:55:07","guid":{"rendered":"https:\/\/www.europesays.com\/fi\/141877\/"},"modified":"2026-01-14T07:55:07","modified_gmt":"2026-01-14T07:55:07","slug":"sitowise-nimitti-uuden-toimitusjohtajan-ja-varatoimitusjohtajan","status":"publish","type":"post","link":"https:\/\/www.europesays.com\/fi\/141877\/","title":{"rendered":"Sitowise nimitti uuden toimitusjohtajan ja varatoimitusjohtajan"},"content":{"rendered":"<p>Sitowise tiedotti keskiviikkona nimitt\u00e4neens\u00e4 Anna W\u00e4ckin yhti\u00f6n uudeksi toimitusjohtajaksi. Samalla Jannis Mikkola nimitettiin toimitusjohtajan sijaiseksi ja teknisen konsultoinnin johtajaksi. Valinnat tehtiin yhti\u00f6n sis\u00e4lt\u00e4 ja ne kohdistuivat hyvin p\u00e4rj\u00e4nneiden segmenttien johtajiin. Pid\u00e4mme sis\u00e4isi\u00e4 valintoja hyvin\u00e4, sill\u00e4 ne tuovat jatkuvuutta strategian toteutukseen, eik\u00e4 johdon perehdytysjaksoa tarvita. Nimityksill\u00e4 ei ole v\u00e4lit\u00f6nt\u00e4 vaikutusta ennusteisiimme tai n\u00e4kemykseemme yhti\u00f6st\u00e4.<\/p>\n<p><strong>Sis\u00e4iset valinnat tuovat jatkuvuutta<\/strong><\/p>\n<p>Sitowise on nimitt\u00e4nyt Anna W\u00e4ckin yhti\u00f6n uudeksi toimitusjohtajaksi 19.1.2026 alkaen. W\u00e4ck on toiminut aiemmin Sitowisen Digitaaliset ratkaisut -liiketoiminta-alueen johtajana toukokuusta 2023 l\u00e4htien. H\u00e4n seuraa teht\u00e4v\u00e4ss\u00e4 Heikki Haasmaata, jonka l\u00e4hd\u00f6st\u00e4 yhti\u00f6 tiedotti aiemmin t\u00e4ll\u00e4 viikolla.<\/p>\n<p>Samassa yhteydess\u00e4 yhti\u00f6 nimitti Jannis Mikkolan toimitusjohtajan sijaiseksi sek\u00e4 teknisen konsultoinnin johtajaksi. Mikkola on toiminut yhti\u00f6ss\u00e4 vuodesta 2005 ja viimeksi Infra-liiketoiminta-alueen johtajana. Uudessa roolissaan Mikkola johtaa Suomen teknist\u00e4 konsultointia eli sek\u00e4 Infra- ett\u00e4 Talo-liiketoiminta-alueita.<\/p>\n<p>J\u00e4rjestelyyn liittyy siirtym\u00e4kausi, sill\u00e4 Anna W\u00e4ck j\u00e4\u00e4 perheenlis\u00e4yksen vuoksi vanhempainvapaalle toukokuun aikana ja palaa teht\u00e4v\u00e4\u00e4ns\u00e4 alustavasti vuoden 2026 viimeisell\u00e4 nelj\u00e4nneksell\u00e4. T\u00e4m\u00e4n ajan Jannis Mikkola toimii vt. toimitusjohtajana.<\/p>\n<p>Nopea ratkaisu ja selke\u00e4 ty\u00f6njako<\/p>\n<p>Toimitusjohtajan valinta eteni eritt\u00e4in nopeasti, sill\u00e4 Haasmaan j\u00e4tt\u00e4ytymisest\u00e4 sivuun kerrottiin vasta maanantaina. Sis\u00e4iset rekrytoinnit viestiv\u00e4t hallituksen luottamuksesta yhti\u00f6n nykyiseen osaamiseen huolimatta viime aikojen heikosta tuloskehityksest\u00e4 ja Ruotsin liiketoiminnan haasteista.<\/p>\n<p>Pid\u00e4mme valittua kaksikkoa mielenkiintoisena yhdistelm\u00e4n\u00e4 uutta ja vanhaa. W\u00e4ck edustaa yhti\u00f6n strategian mukaista digitaalista murrosta ja uudistumista, kun taas Mikkola tuo p\u00f6yt\u00e4\u00e4n eritt\u00e4in pitk\u00e4n kokemuksen yhti\u00f6n ydinliiketoiminnasta eli perinteisest\u00e4 suunnittelusta ja konsultoinnista. Mikkolan uusi rooli teknisen konsultoinnin johtajana yhdist\u00e4\u00e4 Infran ja Talon johdon, mik\u00e4 voi tehostaa toimintaa ja selkeytt\u00e4\u00e4 johtamisrakennetta Suomessa.<\/p>\n<p>Fokus kannattavuudessa ja strategisissa kasvualueissa<\/p>\n<p>Uuden toimitusjohtajan prioriteetit ovat odotetusti Sitowisen kannattavuuden parantaminen, Ruotsin liiketoiminnan k\u00e4\u00e4nteen toteuttaminen sek\u00e4 kilpailukyvyn vahvistaminen. N\u00e4m\u00e4 ovat olleet yhti\u00f6n keskeisi\u00e4 haasteita.<\/p>\n<p>Mikkolan vastuualueella korostuu nopeamman kasvun mahdollistaminen strategisissa asiakassegmenteiss\u00e4, kuten teollisuudessa, datakeskuksissa ja energia-alalla. T\u00e4m\u00e4 on linjassa yhti\u00f6n tavoitteiden kanssa hakea kasvua rakentamisen suhdanneherk\u00e4n uudisrakentamisen ulkopuolelta.<\/p>\n<p>Nimitykset eiv\u00e4t aiheuta v\u00e4litt\u00f6mi\u00e4 muutospaineita ennusteisiimme. Olemme jo aiemmin huomioineet yhti\u00f6n haastavan markkinatilanteen ja tulosk\u00e4\u00e4nteen tarpeen ennusteissamme. Uuden johdon onnistumista mitataan erityisesti siin\u00e4, kuinka nopeasti yhti\u00f6 saa palautettua kannattavuutensa tavoitetasoille ja ratkaistua Ruotsin liiketoiminnan ongelmat.<\/p>\n","protected":false},"excerpt":{"rendered":"Sitowise tiedotti keskiviikkona nimitt\u00e4neens\u00e4 Anna W\u00e4ckin yhti\u00f6n uudeksi toimitusjohtajaksi. Samalla Jannis Mikkola nimitettiin toimitusjohtajan sijaiseksi ja teknisen konsultoinnin&hellip;\n","protected":false},"author":2,"featured_media":141878,"comment_status":"","ping_status":"","sticky":false,"template":"","format":"standard","meta":{"footnotes":""},"categories":[76],"tags":[79,77,33,31,30,32,78],"class_list":{"0":"post-141877","1":"post","2":"type-post","3":"status-publish","4":"format-standard","5":"has-post-thumbnail","7":"category-talous","8":"tag-business","9":"tag-economy","10":"tag-fi","11":"tag-finland","12":"tag-finnish","13":"tag-suomi","14":"tag-talous"},"share_on_mastodon":{"url":"https:\/\/pubeurope.com\/@fi\/115892383025612437","error":""},"_links":{"self":[{"href":"https:\/\/www.europesays.com\/fi\/wp-json\/wp\/v2\/posts\/141877","targetHints":{"allow":["GET"]}}],"collection":[{"href":"https:\/\/www.europesays.com\/fi\/wp-json\/wp\/v2\/posts"}],"about":[{"href":"https:\/\/www.europesays.com\/fi\/wp-json\/wp\/v2\/types\/post"}],"author":[{"embeddable":true,"href":"https:\/\/www.europesays.com\/fi\/wp-json\/wp\/v2\/users\/2"}],"replies":[{"embeddable":true,"href":"https:\/\/www.europesays.com\/fi\/wp-json\/wp\/v2\/comments?post=141877"}],"version-history":[{"count":0,"href":"https:\/\/www.europesays.com\/fi\/wp-json\/wp\/v2\/posts\/141877\/revisions"}],"wp:featuredmedia":[{"embeddable":true,"href":"https:\/\/www.europesays.com\/fi\/wp-json\/wp\/v2\/media\/141878"}],"wp:attachment":[{"href":"https:\/\/www.europesays.com\/fi\/wp-json\/wp\/v2\/media?parent=141877"}],"wp:term":[{"taxonomy":"category","embeddable":true,"href":"https:\/\/www.europesays.com\/fi\/wp-json\/wp\/v2\/categories?post=141877"},{"taxonomy":"post_tag","embeddable":true,"href":"https:\/\/www.europesays.com\/fi\/wp-json\/wp\/v2\/tags?post=141877"}],"curies":[{"name":"wp","href":"https:\/\/api.w.org\/{rel}","templated":true}]}}