{"id":141881,"date":"2026-01-14T07:57:08","date_gmt":"2026-01-14T07:57:08","guid":{"rendered":"https:\/\/www.europesays.com\/fi\/141881\/"},"modified":"2026-01-14T07:57:08","modified_gmt":"2026-01-14T07:57:08","slug":"talvikunnossapidon-viikkotiedote-vk-3-kirkkonummi","status":"publish","type":"post","link":"https:\/\/www.europesays.com\/fi\/141881\/","title":{"rendered":"Talvikunnossapidon viikkotiedote vk 3 &#8211; Kirkkonummi"},"content":{"rendered":"<p><strong>Ajankohtaista<\/strong><\/p>\n<p><strong>V\u00e4\u00e4rinpys\u00e4k\u00f6idyt ajoneuvot haittaavat talvikunnossapitoa<\/strong><\/p>\n<p>Talvikunnossapidon sujuvuus edellytt\u00e4\u00e4, ett\u00e4 kunnossapitokalusto p\u00e4\u00e4see liikkumaan esteett\u00e4. V\u00e4\u00e4rinpys\u00e4k\u00f6idyt ajoneuvot hidastavat ja est\u00e4v\u00e4t lumenpoistoa sek\u00e4 liukkauden torjuntaa, mik\u00e4 voi aiheuttaa vaaratilanteita. <strong>Muistathan huolehtia, ett\u00e4 ajoneuvosi ei est\u00e4 talvikunnossapitot\u00f6it\u00e4.<\/strong><\/p>\n<p><strong>Ajoneuvojen l\u00e4hisiirtoja tehd\u00e4\u00e4n tarpeen mukaan<\/strong><\/p>\n<ul class=\"wp-block-list\">\n<li>suunnitelluista ajoneuvojen l\u00e4hisiirroista ilmoitamme aina erillisell\u00e4 tiedotteella ja asennamme siirtokehotusmerkit paikoilleen v\u00e4hint\u00e4\u00e4n kaksi vuorokautta ennen siirtoajankohtaa.<\/li>\n<li>Ajoneuvot siirret\u00e4\u00e4n l\u00e4himm\u00e4lle mahdolliselle kadulle tai parkkipaikalle ja silloin <strong>l\u00e4hisiirtokustannukset tulee ajoneuvon omistajan tai haltijan maksettavaksi.<\/strong><\/li>\n<\/ul>\n<p><strong>Katuty\u00f6maat ja talvikunnossapito<\/strong><strong\/><\/p>\n<ul class=\"wp-block-list\">\n<li>Katu- ja kaapelity\u00f6maita on k\u00e4ynniss\u00e4 ymp\u00e4ri kuntaa my\u00f6s talviaikaan.<\/li>\n<li>Kaivuty\u00f6maiden osalta talvikunnossapito on ty\u00f6maan urakoitsijan vastuulla.<\/li>\n<\/ul>\n<p><strong>Talvinen keli jatkuu<\/strong><\/p>\n<ul class=\"wp-block-list\">\n<li>S\u00e4\u00e4n ja kunnossapidon tilanteet voivat muuttua nopeasti. Suosittelemme seuraamaan ajankohtaisia s\u00e4\u00e4tiedotuksia esimerkiksi <a href=\"https:\/\/www.ilmatieteenlaitos.fi\/saa\/kirkkonummi\" rel=\"nofollow noopener\" target=\"_blank\">Ilmatieteen laitoksen<\/a> kautta.<\/li>\n<\/ul>\n<p><strong>Seuraa karttapalvelusta talvikunnossapidon tekemi\u00e4 t\u00f6it\u00e4 juuri sinun kotikadullasi<\/strong><\/p>\n<p><a href=\"https:\/\/kirkkonummi.fi\/auraus-ja-hiekoitus\/\" rel=\"nofollow noopener\" target=\"_blank\">Seuraa Kirkkonummen ajankohtaista auraus- ja hiekoitustilannetta t\u00e4\u00e4lt\u00e4.<\/a><\/p>\n<p><strong>Anna palautetta talvikunnossapidosta<\/strong><\/p>\n<p>Talvikunnossapidosta voi laittaa palautetta ja kysymyksi\u00e4 \u00a0<a href=\"https:\/\/kirkkonummi.karttatiimi.fi\/palaute\" rel=\"nofollow noopener\" target=\"_blank\">s\u00e4hk\u00f6isen palautej\u00e4rjestelm\u00e4n<\/a>\u00a0 kautta. Kaikki palautej\u00e4rjestelm\u00e4\u00e4n tulleet viestit luetaan ja ohjataan asiantuntijoille toimenpiteit\u00e4 varten.<\/p>\n<p><strong>Kunnossapidon asiakaspalvelu arkisin klo 8-16 v\u00e4lill\u00e4 numerosta 040 8649 084<\/strong><\/p>\n<p>\n\tAiheeseen liittyy<\/p>\n","protected":false},"excerpt":{"rendered":"Ajankohtaista V\u00e4\u00e4rinpys\u00e4k\u00f6idyt ajoneuvot haittaavat talvikunnossapitoa Talvikunnossapidon sujuvuus edellytt\u00e4\u00e4, ett\u00e4 kunnossapitokalusto p\u00e4\u00e4see liikkumaan esteett\u00e4. V\u00e4\u00e4rinpys\u00e4k\u00f6idyt ajoneuvot hidastavat ja est\u00e4v\u00e4t&hellip;\n","protected":false},"author":2,"featured_media":129893,"comment_status":"","ping_status":"","sticky":false,"template":"","format":"standard","meta":{"footnotes":""},"categories":[12],"tags":[22,23,26,27,33,31,30,17,24,25,28,29,15,18,21,32,19,20,16],"class_list":{"0":"post-141881","1":"post","2":"type-post","3":"status-publish","4":"format-standard","5":"has-post-thumbnail","7":"category-suomi","8":"tag-breaking-news","9":"tag-breakingnews","10":"tag-featured-news","11":"tag-featurednews","12":"tag-fi","13":"tag-finland","14":"tag-finnish","15":"tag-headlines","16":"tag-latest-news","17":"tag-latestnews","18":"tag-main-news","19":"tag-mainnews","20":"tag-news","21":"tag-otsikot","22":"tag-paauutiset","23":"tag-suomi","24":"tag-top-stories","25":"tag-topstories","26":"tag-uutiset"},"share_on_mastodon":{"url":"https:\/\/pubeurope.com\/@fi\/115892390734965930","error":""},"_links":{"self":[{"href":"https:\/\/www.europesays.com\/fi\/wp-json\/wp\/v2\/posts\/141881","targetHints":{"allow":["GET"]}}],"collection":[{"href":"https:\/\/www.europesays.com\/fi\/wp-json\/wp\/v2\/posts"}],"about":[{"href":"https:\/\/www.europesays.com\/fi\/wp-json\/wp\/v2\/types\/post"}],"author":[{"embeddable":true,"href":"https:\/\/www.europesays.com\/fi\/wp-json\/wp\/v2\/users\/2"}],"replies":[{"embeddable":true,"href":"https:\/\/www.europesays.com\/fi\/wp-json\/wp\/v2\/comments?post=141881"}],"version-history":[{"count":0,"href":"https:\/\/www.europesays.com\/fi\/wp-json\/wp\/v2\/posts\/141881\/revisions"}],"wp:featuredmedia":[{"embeddable":true,"href":"https:\/\/www.europesays.com\/fi\/wp-json\/wp\/v2\/media\/129893"}],"wp:attachment":[{"href":"https:\/\/www.europesays.com\/fi\/wp-json\/wp\/v2\/media?parent=141881"}],"wp:term":[{"taxonomy":"category","embeddable":true,"href":"https:\/\/www.europesays.com\/fi\/wp-json\/wp\/v2\/categories?post=141881"},{"taxonomy":"post_tag","embeddable":true,"href":"https:\/\/www.europesays.com\/fi\/wp-json\/wp\/v2\/tags?post=141881"}],"curies":[{"name":"wp","href":"https:\/\/api.w.org\/{rel}","templated":true}]}}