{"id":141882,"date":"2026-01-14T07:58:07","date_gmt":"2026-01-14T07:58:07","guid":{"rendered":"https:\/\/www.europesays.com\/fi\/141882\/"},"modified":"2026-01-14T07:58:07","modified_gmt":"2026-01-14T07:58:07","slug":"tilastokeskus-kahvin-hinta-nousi-lahes-30-prosenttia-vuonna-2025","status":"publish","type":"post","link":"https:\/\/www.europesays.com\/fi\/141882\/","title":{"rendered":"Tilastokeskus: Kahvin hinta nousi l\u00e4hes 30 prosenttia vuonna 2025"},"content":{"rendered":"<p>Elintarvikkeiden ja asumisen hintojen kehityksess\u00e4 n\u00e4kyy suuria eroja. Joidenkin tuotteiden hinnat nousivat todella paljon.<\/p>\n<p class=\"article-body mb-nof-24 px-nof-16\">Koko vuoden 2025 keskim\u00e4\u00e4r\u00e4inen inflaatio oli vain 0,3 prosenttia, kertoo Tilastokeskus tiedotteessaan. Tilastokeskuksen mukaan inflaatio pysyi viime vuonna jopa poikkeuksellisen matalana.<\/p>\n<p class=\"article-body mb-nof-24 px-nof-16\">Esimerkiksi elintarvikkeiden ja alkoholittomien juomien hinnat olivat joulukuussa kaksi prosenttia korkeammalla verrattuna vuoden 2024 joulukuuhun.<\/p>\n<p class=\"article-body mb-nof-24 px-nof-16\">\u2013 Keskim\u00e4\u00e4r\u00e4isten vuosimuutosten perusteella n\u00e4ytt\u00e4\u00e4, ett\u00e4 vaikka elintarvikkeiden hinnat nousivat vuonna 2025 vain 2 prosenttia, joillakin tuotteilla nousua oli paljon enemm\u00e4n, kertoo Tilastokeskuksen yliaktuaari <a class=\"font-bold underline-offset-[0.12em] [text-decoration:var(--person-link-text-decoration)] ![text-decoration-color:var(--person-link-text-decoration-color)]\" href=\"https:\/\/www.is.fi\/haku\/?query=Kristiina%20Nieminen\" rel=\"nofollow noopener\" target=\"_blank\">Kristiina Nieminen<\/a>.<\/p>\n<p class=\"article-body mb-nof-24 px-nof-16\">Yksitt\u00e4isten tuotteiden hinnoissa oli suuria eroja. Naudan- ja vasikanlihan hinnat kallistuivat keskim\u00e4\u00e4rin 12 prosenttia edellisvuodesta, suklaan 20 prosenttia ja kahvin 29 prosenttia. Sokeri on sen sijaan halventunut 14 prosenttia.<\/p>\n<p class=\"article-body mb-nof-24 px-nof-16\">Lue lis\u00e4\u00e4: <a class=\"underline underline-offset-[0.12em] [text-decoration-thickness:var(--generic-link-underline-thickness)] [text-decoration-color:var(--generic-link-underline-color)] [text-decoration-skip-ink:var(--generic-link-underline-skip-ink)] break-words\" href=\"https:\/\/www.is.fi\/taloussanomat\/art-2000011626576.html\" rel=\"nofollow noopener\" target=\"_blank\">Kahvin hinta juuttui pilviin<\/a><\/p>\n<p class=\"article-body mb-nof-24 px-nof-16\">Kokonaisinflaatio pysyi kuitenkin alle 0,7 prosentin koko vuoden 2025 ajan. Pohjalukema saavutettiin lokakuussa, kun kuluttajahintojen vuosimuutos k\u00e4v\u00e4isi alimmillaan miinus 0,2 prosentissa.<\/p>\n<p class=\"article-body mb-nof-24 px-nof-16\">\u2013 Inflaatioprosentti heiluu hieman kuukaudesta toiseen, koska kulutus ja kuluttajahinnat eiv\u00e4t pysy samanlaisena l\u00e4pi vuoden, sanoo Nieminen.<\/p>\n<p class=\"article-body mb-nof-24 px-nof-16\">Lue lis\u00e4\u00e4: <a class=\"underline underline-offset-[0.12em] [text-decoration-thickness:var(--generic-link-underline-thickness)] [text-decoration-color:var(--generic-link-underline-color)] [text-decoration-skip-ink:var(--generic-link-underline-skip-ink)] break-words\" href=\"https:\/\/www.is.fi\/taloussanomat\/art-2000011703574.html\" rel=\"nofollow noopener\" target=\"_blank\">Suomen Pankilta entist\u00e4kin vaisumpi ennuste<\/a><\/p>\n<p class=\"article-body mb-nof-24 px-nof-16\">Asumisen, veden, s\u00e4hk\u00f6n, kaasun ja muiden polttoaineiden p\u00e4\u00e4ryhm\u00e4ss\u00e4 hinnat halpenivat joulukuussa noin kaksi prosenttia vuotta aiemmasta. S\u00e4hk\u00f6 halpeni seitsem\u00e4n prosenttia.<\/p>\n<p class=\"article-body mb-nof-24 px-nof-16\">Veden ja j\u00e4teveden hinnat sen sijaan nousivat. Veden kuluttajahinnat nousivat 4,3 prosenttia ja j\u00e4teveden hinnat 4,2 prosenttia vuodentakaisesta.<\/p>\n<p class=\"article-body mb-nof-24 px-nof-16\">Asuntolainojen korot ovat laskeneet keskim\u00e4\u00e4rin 22 prosenttia ja kulutusluottojen korot 14 prosenttia edelt\u00e4v\u00e4\u00e4n vuoteen verrattuna. Korot ovat vet\u00e4neet inflaatiota alasp\u00e4in.<\/p>\n<p class=\"article-body mb-nof-24 px-nof-16\">\u2013 Koska inflaatio on pysynyt alle prosentissa koko vuoden, joidenkin tuotteiden tai palveluiden hintojen on pit\u00e4nyt my\u00f6s laskea, Nieminen muistuttaa.<\/p>\n<p class=\"article-body mb-nof-24 px-nof-16\">Diesel halventui l\u00e4hes 6 prosenttia ja hotellimajoitus runsaat 5 prosenttia.<\/p>\n","protected":false},"excerpt":{"rendered":"Elintarvikkeiden ja asumisen hintojen kehityksess\u00e4 n\u00e4kyy suuria eroja. Joidenkin tuotteiden hinnat nousivat todella paljon. Koko vuoden 2025 keskim\u00e4\u00e4r\u00e4inen&hellip;\n","protected":false},"author":2,"featured_media":141883,"comment_status":"","ping_status":"","sticky":false,"template":"","format":"standard","meta":{"footnotes":""},"categories":[5],"tags":[22,23,26,27,33,31,30,17,34,24,25,28,29,15,18,21,32,19,20,16],"class_list":{"0":"post-141882","1":"post","2":"type-post","3":"status-publish","4":"format-standard","5":"has-post-thumbnail","7":"category-otsikot","8":"tag-breaking-news","9":"tag-breakingnews","10":"tag-featured-news","11":"tag-featurednews","12":"tag-fi","13":"tag-finland","14":"tag-finnish","15":"tag-headlines","16":"tag-ilta-sanomat","17":"tag-latest-news","18":"tag-latestnews","19":"tag-main-news","20":"tag-mainnews","21":"tag-news","22":"tag-otsikot","23":"tag-paauutiset","24":"tag-suomi","25":"tag-top-stories","26":"tag-topstories","27":"tag-uutiset"},"share_on_mastodon":{"url":"https:\/\/pubeurope.com\/@fi\/115892394691285017","error":""},"_links":{"self":[{"href":"https:\/\/www.europesays.com\/fi\/wp-json\/wp\/v2\/posts\/141882","targetHints":{"allow":["GET"]}}],"collection":[{"href":"https:\/\/www.europesays.com\/fi\/wp-json\/wp\/v2\/posts"}],"about":[{"href":"https:\/\/www.europesays.com\/fi\/wp-json\/wp\/v2\/types\/post"}],"author":[{"embeddable":true,"href":"https:\/\/www.europesays.com\/fi\/wp-json\/wp\/v2\/users\/2"}],"replies":[{"embeddable":true,"href":"https:\/\/www.europesays.com\/fi\/wp-json\/wp\/v2\/comments?post=141882"}],"version-history":[{"count":0,"href":"https:\/\/www.europesays.com\/fi\/wp-json\/wp\/v2\/posts\/141882\/revisions"}],"wp:featuredmedia":[{"embeddable":true,"href":"https:\/\/www.europesays.com\/fi\/wp-json\/wp\/v2\/media\/141883"}],"wp:attachment":[{"href":"https:\/\/www.europesays.com\/fi\/wp-json\/wp\/v2\/media?parent=141882"}],"wp:term":[{"taxonomy":"category","embeddable":true,"href":"https:\/\/www.europesays.com\/fi\/wp-json\/wp\/v2\/categories?post=141882"},{"taxonomy":"post_tag","embeddable":true,"href":"https:\/\/www.europesays.com\/fi\/wp-json\/wp\/v2\/tags?post=141882"}],"curies":[{"name":"wp","href":"https:\/\/api.w.org\/{rel}","templated":true}]}}