{"id":141884,"date":"2026-01-14T07:59:06","date_gmt":"2026-01-14T07:59:06","guid":{"rendered":"https:\/\/www.europesays.com\/fi\/141884\/"},"modified":"2026-01-14T07:59:06","modified_gmt":"2026-01-14T07:59:06","slug":"haavoittunut-huuhkaja-loytyi-moottoritien-poskesta-nurmijarvelta-paikalliset","status":"publish","type":"post","link":"https:\/\/www.europesays.com\/fi\/141884\/","title":{"rendered":"Haavoittunut huuhkaja l\u00f6ytyi moottoritien poskesta Nurmij\u00e4rvelt\u00e4 | Paikalliset"},"content":{"rendered":"<p>Huuhkaja j\u00e4i pinteeseen moottoritiell\u00e4 Nurmij\u00e4rvell\u00e4 tiistaina kello 13.30 aikaan. Keski-Uudenmaan pelastuslaitoksen p\u00e4ivyst\u00e4v\u00e4 paloesimies kertoo, ett\u00e4 el\u00e4in oli viel\u00e4p\u00e4 isokokoinen huuhkajaksi.<\/p>\n<p>Se oli loukannut silmin n\u00e4hden itsens\u00e4. Siit\u00e4 ei ole tietoa, miksi.<\/p>\n<p>\u2013 Huuhkaja oli aluksi hirviaidan tyk\u00f6n\u00e4, josta se lenn\u00e4hti ojan pohjalle ja j\u00e4i k\u00f6k\u00f6tt\u00e4m\u00e4\u00e4n sinne.<\/p>\n<p><strong class=\"diks-storyline__impact\">Pelastajan mukaan huuhkajan <\/strong>toinen silm\u00e4 veresti.<\/p>\n<p>\u2013 Se oli ojan pohjalla ihan p\u00f6ll\u00e4mystyneen\u00e4, paloesimies kuvailee.<\/p>\n<p>Pelastajat laittoivat huuhkajan p\u00e4\u00e4lle viltin ja t\u00e4st\u00e4 h\u00e4kkiin.<\/p>\n<p>Sen j\u00e4lkeen kuljetuksen Korkeasaaren el\u00e4insairaalaan hoiti Nurmij\u00e4rven kirkonkyl\u00e4n sopimuspalokunta.<\/p>\n<p><strong class=\"diks-storyline__impact\">Paloesimies kertoo, ett\u00e4<\/strong> t\u00e4m\u00e4 sopimuspalokunta hoitaa itse asiassa l\u00e4hes kaikki el\u00e4inkuljetukset joko Korkeasaareen tai vaikkapa Riihim\u00e4en Onnentassuun.<\/p>\n<p>\u2013 Se yksikk\u00f6 on erikoistunut nimenomaan haavoittuneiden tai pelastettavien el\u00e4inten kuljettamiseen.<\/p>\n<p>Asia keskitettiin aikanaan t\u00e4h\u00e4n yksikk\u00f6\u00f6n aikana, kun lintuinfluenssa jyll\u00e4si Etel\u00e4-Suomessa.<\/p>\n<p>\u2013 Vaikka mit\u00e4 he ovat kuskanneet. On ollut k\u00e4\u00e4rmeit\u00e4kin. Kotiel\u00e4imille taas on viel\u00e4 omat sairaalansa, joista yksi sijaitsee Viikiss\u00e4.<\/p>\n<p>Haavoittunut huuhkaja l\u00f6ytyi moottoritielt\u00e4 Mets\u00e4kyl\u00e4n kohdalta, ohitustiest\u00e4 noin nelj\u00e4 kilometri\u00e4 pohjoiseen.<\/p>\n","protected":false},"excerpt":{"rendered":"Huuhkaja j\u00e4i pinteeseen moottoritiell\u00e4 Nurmij\u00e4rvell\u00e4 tiistaina kello 13.30 aikaan. Keski-Uudenmaan pelastuslaitoksen p\u00e4ivyst\u00e4v\u00e4 paloesimies kertoo, ett\u00e4 el\u00e4in oli viel\u00e4p\u00e4&hellip;\n","protected":false},"author":2,"featured_media":141885,"comment_status":"","ping_status":"","sticky":false,"template":"","format":"standard","meta":{"footnotes":""},"categories":[117],"tags":[33,31,30,403,5201,121,72,476,401,120,1791,118,32,679,119,477],"class_list":{"0":"post-141884","1":"post","2":"type-post","3":"status-publish","4":"format-standard","5":"has-post-thumbnail","7":"category-luonto","8":"tag-fi","9":"tag-finland","10":"tag-finnish","11":"tag-helsingin-seutu","12":"tag-hyvinkaa","13":"tag-liikenne-ja-kuljetus","14":"tag-luonto","15":"tag-nature","16":"tag-nurmijarvi","17":"tag-onnettomuustapaus","18":"tag-riihimaki","19":"tag-science","20":"tag-suomi","21":"tag-terveydenhuollon-toimintalaitokset","22":"tag-tiede","23":"tag-wildlife"},"share_on_mastodon":{"url":"https:\/\/pubeurope.com\/@fi\/115892398528638003","error":""},"_links":{"self":[{"href":"https:\/\/www.europesays.com\/fi\/wp-json\/wp\/v2\/posts\/141884","targetHints":{"allow":["GET"]}}],"collection":[{"href":"https:\/\/www.europesays.com\/fi\/wp-json\/wp\/v2\/posts"}],"about":[{"href":"https:\/\/www.europesays.com\/fi\/wp-json\/wp\/v2\/types\/post"}],"author":[{"embeddable":true,"href":"https:\/\/www.europesays.com\/fi\/wp-json\/wp\/v2\/users\/2"}],"replies":[{"embeddable":true,"href":"https:\/\/www.europesays.com\/fi\/wp-json\/wp\/v2\/comments?post=141884"}],"version-history":[{"count":0,"href":"https:\/\/www.europesays.com\/fi\/wp-json\/wp\/v2\/posts\/141884\/revisions"}],"wp:featuredmedia":[{"embeddable":true,"href":"https:\/\/www.europesays.com\/fi\/wp-json\/wp\/v2\/media\/141885"}],"wp:attachment":[{"href":"https:\/\/www.europesays.com\/fi\/wp-json\/wp\/v2\/media?parent=141884"}],"wp:term":[{"taxonomy":"category","embeddable":true,"href":"https:\/\/www.europesays.com\/fi\/wp-json\/wp\/v2\/categories?post=141884"},{"taxonomy":"post_tag","embeddable":true,"href":"https:\/\/www.europesays.com\/fi\/wp-json\/wp\/v2\/tags?post=141884"}],"curies":[{"name":"wp","href":"https:\/\/api.w.org\/{rel}","templated":true}]}}