{"id":141886,"date":"2026-01-14T08:03:08","date_gmt":"2026-01-14T08:03:08","guid":{"rendered":"https:\/\/www.europesays.com\/fi\/141886\/"},"modified":"2026-01-14T08:03:08","modified_gmt":"2026-01-14T08:03:08","slug":"ilmastonmuutokseen-varautuminen-voi-poikia-uutta-liiketoimintaa-paijat-hame","status":"publish","type":"post","link":"https:\/\/www.europesays.com\/fi\/141886\/","title":{"rendered":"Ilmastonmuutokseen varautuminen voi poikia uutta liiketoimintaa | P\u00e4ij\u00e4t-H\u00e4me"},"content":{"rendered":"<p class=\"aw-1gybjub aw-5vja16 kEtdKx kmuxyA yle__article__paragraph\">P\u00e4ij\u00e4t-H\u00e4meess\u00e4 on k\u00e4ynnistynyt uusi hanke, jossa keskityt\u00e4\u00e4n ilmastonmuutokseen sopeutumiseen.<\/p>\n<p><img decoding=\"async\" alt=\"L\u00e4hikuvassa on viem\u00e4rikaivon kansi. Sadevett\u00e4 tulee viem\u00e4riin putkea pitkin. \" src=\"https:\/\/www.europesays.com\/fi\/wp-content\/uploads\/2026\/01\/39-1316121668e09b6de17b.jpeg\" class=\"aw-1l9m598 hKVVvP\"\/><\/p>\n<p>Avaa kuvien katselu<\/p>\n<p>Ilmastonmuutos lis\u00e4\u00e4 Suomessa s\u00e4\u00e4n \u00e4\u00e4ri-ilmi\u00f6it\u00e4, kuten rankkasateita. Arkistokuva hein\u00e4kuulta 2024. Kuva: Petri Niemi \/ Yle<\/p>\n<p class=\"aw-1gybjub aw-1p7kakr kEtdKx cEmitX yle__article__paragraph\">P\u00e4ij\u00e4t-H\u00e4meen yritykset ja kunnat halutaan saada tunnistamaan ilmastonmuutoksen riskej\u00e4 ja mahdollisuuksia entist\u00e4 paremmin.<\/p>\n<p class=\"aw-1gybjub aw-1p7kakr kEtdKx cEmitX yle__article__paragraph\">T\u00e4m\u00e4n vuoden alussa k\u00e4ynnistyi Ilmastonmuutokseen sopeutuminen P\u00e4ij\u00e4t-H\u00e4meess\u00e4 &#8211; hanke, jonka on m\u00e4\u00e4r\u00e4 auttaa kuntia ja yrityksi\u00e4.<\/p>\n<p class=\"aw-1gybjub aw-1p7kakr kEtdKx cEmitX yle__article__paragraph\">\u2013 Ilmasto on jo muuttunut ja tulee muuttumaan joka tapauksessa, vaikka teht\u00e4isiin hillint\u00e4toimia. Sen takia on tarvetta my\u00f6s sopeutua ja varautua ilmastonmuutokseen, sanoo projektip\u00e4\u00e4llikk\u00f6 <strong class=\"aw-ak79eh KyCXm yle__article__strong\">Maarit Virtanen<\/strong>.<\/p>\n<p class=\"aw-1gybjub aw-1p7kakr kEtdKx cEmitX yle__article__paragraph\">Ilmastonmuutos vaikuttaa Virtasen mukaan monin tavoin.<\/p>\n<p class=\"aw-1gybjub aw-1p7kakr kEtdKx cEmitX yle__article__paragraph\">\u2014 Suomessa ei ole ihan \u00e4lytt\u00f6m\u00e4n isoja suoria riskej\u00e4 kuten tulvia tai hirmumyrskyj\u00e4, mutta meill\u00e4 on infrastruktuuririskej\u00e4 kuten hulevesitulvia. Korkeat l\u00e4mp\u00f6tilat voivat vaikuttaa joillakin aloilla enemm\u00e4n, Virtanen arvioi.<\/p>\n<p class=\"aw-1gybjub aw-1p7kakr kEtdKx cEmitX yle__article__paragraph\">Suomalaisyritykset kokevat my\u00f6s v\u00e4lillisi\u00e4 riskej\u00e4. Kun ilmastonmuutos vaikuttaa muualla enemm\u00e4n, niin se esimerkiksi voi vaikeuttaa kuljetuksia ja kotimaisten yritysten mahdollisuuksia saada raaka-aineita.<\/p>\n<p>Muutos voi luoda uutta tuotantoa<\/p>\n<p class=\"aw-1gybjub aw-1p7kakr kEtdKx cEmitX yle__article__paragraph\">P\u00e4ij\u00e4t-H\u00e4meess\u00e4 hankkeessa tarkastellaan erityisesti ruokaj\u00e4rjestelm\u00e4\u00e4, mik\u00e4 tarkoittaa alkutuotannon, jalostuksen, kuljetuksen ja kaupan kokonaisuutta.<\/p>\n<p class=\"aw-1gybjub aw-1p7kakr kEtdKx cEmitX yle__article__paragraph\">\u2014 Tarkoitus on katsoa koko ruokaketjua ja tunnistaa merkitt\u00e4vimm\u00e4t riskit. Toisaalta selvitet\u00e4\u00e4n my\u00f6s, tuleeko muutoksista mahdollisuuksia kuten uusia viljelykasveja tai kasvipohjaista tuotantoa, Virtanen kertoo.<\/p>\n<p class=\"aw-1gybjub aw-1p7kakr kEtdKx cEmitX yle__article__paragraph\">P\u00e4ij\u00e4t-H\u00e4meess\u00e4 on jo olemassa maakunnallinen ilmastonmuutoksen sopeutumissuunnitelma. Vuoden 2028 loppuun jatkuvan hankkeen tarkoitus on kehitt\u00e4\u00e4 toimenpiteit\u00e4 suunnitelman toteuttamiseksi<\/p>\n<p class=\"aw-1gybjub aw-1p7kakr kEtdKx cEmitX yle__article__paragraph\">Mukana hankkeessa on LAB-ammattikorkeakoulu, joka auttaa yrityksi\u00e4 l\u00f6yt\u00e4m\u00e4\u00e4n uusia liiketoimintamahdollisuuksia ja uusia tuotteita.<\/p>\n<p><strong class=\"aw-1bgq5a3 bSmpIc\">Projektip\u00e4\u00e4llikk\u00f6 Maarit Virtanen kertoo ilmastonmuutokseen sopeutumishankkeesta<\/strong><\/p>\n<p><img decoding=\"async\" alt=\"\" src=\"https:\/\/www.europesays.com\/fi\/wp-content\/uploads\/2025\/09\/13-1-1591985.png\" class=\"aw-1l9m598 hKVVvP\"\/><\/p>\n","protected":false},"excerpt":{"rendered":"P\u00e4ij\u00e4t-H\u00e4meess\u00e4 on k\u00e4ynnistynyt uusi hanke, jossa keskityt\u00e4\u00e4n ilmastonmuutokseen sopeutumiseen. Avaa kuvien katselu Ilmastonmuutos lis\u00e4\u00e4 Suomessa s\u00e4\u00e4n \u00e4\u00e4ri-ilmi\u00f6it\u00e4, kuten&hellip;\n","protected":false},"author":2,"featured_media":141887,"comment_status":"","ping_status":"","sticky":false,"template":"","format":"standard","meta":{"footnotes":""},"categories":[113],"tags":[446,33,31,30,24418,1776,1833,24420,1801,1268,24419,118,32,119,447,1356],"class_list":{"0":"post-141886","1":"post","2":"type-post","3":"status-publish","4":"format-standard","5":"has-post-thumbnail","7":"category-ymparisto","8":"tag-environment","9":"tag-fi","10":"tag-finland","11":"tag-finnish","12":"tag-ilmastonmuutokseen-sopeutuminen","13":"tag-ilmastonmuutos","14":"tag-kunnat","15":"tag-lab-ammattikorkeakoulu","16":"tag-lahti","17":"tag-paijat-hame","18":"tag-paijat-hameen-liitto","19":"tag-science","20":"tag-suomi","21":"tag-tiede","22":"tag-ymparisto","23":"tag-yritykset"},"share_on_mastodon":{"url":"https:\/\/pubeurope.com\/@fi\/115892414260659549","error":""},"_links":{"self":[{"href":"https:\/\/www.europesays.com\/fi\/wp-json\/wp\/v2\/posts\/141886","targetHints":{"allow":["GET"]}}],"collection":[{"href":"https:\/\/www.europesays.com\/fi\/wp-json\/wp\/v2\/posts"}],"about":[{"href":"https:\/\/www.europesays.com\/fi\/wp-json\/wp\/v2\/types\/post"}],"author":[{"embeddable":true,"href":"https:\/\/www.europesays.com\/fi\/wp-json\/wp\/v2\/users\/2"}],"replies":[{"embeddable":true,"href":"https:\/\/www.europesays.com\/fi\/wp-json\/wp\/v2\/comments?post=141886"}],"version-history":[{"count":0,"href":"https:\/\/www.europesays.com\/fi\/wp-json\/wp\/v2\/posts\/141886\/revisions"}],"wp:featuredmedia":[{"embeddable":true,"href":"https:\/\/www.europesays.com\/fi\/wp-json\/wp\/v2\/media\/141887"}],"wp:attachment":[{"href":"https:\/\/www.europesays.com\/fi\/wp-json\/wp\/v2\/media?parent=141886"}],"wp:term":[{"taxonomy":"category","embeddable":true,"href":"https:\/\/www.europesays.com\/fi\/wp-json\/wp\/v2\/categories?post=141886"},{"taxonomy":"post_tag","embeddable":true,"href":"https:\/\/www.europesays.com\/fi\/wp-json\/wp\/v2\/tags?post=141886"}],"curies":[{"name":"wp","href":"https:\/\/api.w.org\/{rel}","templated":true}]}}