{"id":141890,"date":"2026-01-14T08:13:09","date_gmt":"2026-01-14T08:13:09","guid":{"rendered":"https:\/\/www.europesays.com\/fi\/141890\/"},"modified":"2026-01-14T08:13:09","modified_gmt":"2026-01-14T08:13:09","slug":"suolahtelainen-tom-soderstrom-mukaan-voice-of-finlandiin","status":"publish","type":"post","link":"https:\/\/www.europesays.com\/fi\/141890\/","title":{"rendered":"Suolahtelainen Tom S\u00f6derstr\u00f6m mukaan Voice of Finlandiin"},"content":{"rendered":"<p><strong>The Voice of Finland -kaudella punaisilla tuoleilla n\u00e4hd\u00e4\u00e4n viime kaudelta tutut t\u00e4htivalmentajien SANNIN, Arttu Wiskarin, Elastisen ja Jenni Vartiaisen lis\u00e4ksi my\u00f6s suolahteleisverta, kun kisaamaan p\u00e4\u00e4si karsintojen j\u00e4lkeen my\u00f6s Tom S\u00f6derstr\u00f6m, 60.\u00a0<\/strong><\/p>\n<p>\u00a0<\/p>\n<p>Suolahtelainen<strong> Tom S\u00f6derst\u00f6m<\/strong> kertoo laulaneensa aina.<\/p>\n<p>\u2013 Olen laulanut pienest\u00e4 pit\u00e4en, kun minut laitettiin laulamaan perhejuhlissa. Ensimm\u00e4inen \u201dkeikka\u201d oli kuusivuotiaana. Laulu j\u00e4i jossain vaiheessa, mutta aikuisi\u00e4ll\u00e4 homma alkoi uudestaan kiinnostamaan. Vaimon kanssa ollaan laulettu helluntaiseurakunnan tapahtumissa duettoja ja varsinaisia esiintymisi\u00e4 on ollut my\u00f6s teatterin lavalta. Yksinlaulua en ole juuri harrastanut, mutta kun tyt\u00e4r meni naimisiin, lauloin h\u00e4iss\u00e4 h\u00e4nen tekem\u00e4ns\u00e4 kappaleen. Mieli tekee laulaa, ja katsotaan kuinka kisassa edet\u00e4\u00e4n, S\u00f6derst\u00f6m naurahtaa.<\/p>\n<p>H\u00e4n haki kisaan vaimon yllytt\u00e4m\u00e4n\u00e4. Prosessi on ollut pitk\u00e4, h\u00e4n p\u00e4\u00e4si karsintojen j\u00e4lkeen\u00a0 koelauluihin, jotka pidettiin jo hein\u00e4kuussa.<\/p>\n<p>\u2013 1. helmikuuta n\u00e4hd\u00e4\u00e4n telkkarissa \u00e4\u00e4ni ratkaisee -vaihe, jossa olen mukana. Nauhoitukset on tehty jo lokakuussa ja tammikuussa on ty\u00f6 jatkunut.<\/p>\n<p>S\u00f6derstr\u00f6m kertoo kisaamisen olleen t\u00e4h\u00e4n asti mukavaa.<\/p>\n<p>\u2013 Olen jo sen ik\u00e4inen, ett\u00e4 jos meinaa l\u00e4hte\u00e4 mukaan, niin nyt on aika. On kiva p\u00e4\u00e4st\u00e4 kokeilemaan t\u00e4llaista hommaa. Olen yll\u00e4ttynyt, ett\u00e4 p\u00e4\u00e4sin mukaan.<\/p>\n<p>Esiintymiseen on rutiinia, eik\u00e4 ole kauhun paikka olla yleis\u00f6n \u2013 tai tv-kameroiden edess\u00e4.<\/p>\n<p>\u2013 P\u00e4invastoin, nautin suuresti joka hetkest\u00e4. On kiva n\u00e4hd\u00e4 my\u00f6s tuotannon prosessi, ja olla mukana ammattitaitoisten tekij\u00f6iden seurassa. Formaatti on positiivinen ja kun on p\u00e4\u00e4ssyt osaksi t\u00e4t\u00e4, voi vain olla onnellinen saamistani kokemuksista. T\u00e4m\u00e4 on ollut kiva yll\u00e4ri, Tom S\u00f6derstr\u00f6m sanoo.<\/p>\n<p>\n\tAiheeseen liittyy<\/p>\n","protected":false},"excerpt":{"rendered":"The Voice of Finland -kaudella punaisilla tuoleilla n\u00e4hd\u00e4\u00e4n viime kaudelta tutut t\u00e4htivalmentajien SANNIN, Arttu Wiskarin, Elastisen ja Jenni&hellip;\n","protected":false},"author":2,"featured_media":141891,"comment_status":"","ping_status":"","sticky":false,"template":"","format":"standard","meta":{"footnotes":""},"categories":[133],"tags":[137,33,31,30,32,206,156,109],"class_list":{"0":"post-141890","1":"post","2":"type-post","3":"status-publish","4":"format-standard","5":"has-post-thumbnail","7":"category-televisiot","8":"tag-entertainment","9":"tag-fi","10":"tag-finland","11":"tag-finnish","12":"tag-suomi","13":"tag-televisiot","14":"tag-tv","15":"tag-viihde"},"share_on_mastodon":{"url":"https:\/\/pubeurope.com\/@fi\/115892453539318679","error":""},"_links":{"self":[{"href":"https:\/\/www.europesays.com\/fi\/wp-json\/wp\/v2\/posts\/141890","targetHints":{"allow":["GET"]}}],"collection":[{"href":"https:\/\/www.europesays.com\/fi\/wp-json\/wp\/v2\/posts"}],"about":[{"href":"https:\/\/www.europesays.com\/fi\/wp-json\/wp\/v2\/types\/post"}],"author":[{"embeddable":true,"href":"https:\/\/www.europesays.com\/fi\/wp-json\/wp\/v2\/users\/2"}],"replies":[{"embeddable":true,"href":"https:\/\/www.europesays.com\/fi\/wp-json\/wp\/v2\/comments?post=141890"}],"version-history":[{"count":0,"href":"https:\/\/www.europesays.com\/fi\/wp-json\/wp\/v2\/posts\/141890\/revisions"}],"wp:featuredmedia":[{"embeddable":true,"href":"https:\/\/www.europesays.com\/fi\/wp-json\/wp\/v2\/media\/141891"}],"wp:attachment":[{"href":"https:\/\/www.europesays.com\/fi\/wp-json\/wp\/v2\/media?parent=141890"}],"wp:term":[{"taxonomy":"category","embeddable":true,"href":"https:\/\/www.europesays.com\/fi\/wp-json\/wp\/v2\/categories?post=141890"},{"taxonomy":"post_tag","embeddable":true,"href":"https:\/\/www.europesays.com\/fi\/wp-json\/wp\/v2\/tags?post=141890"}],"curies":[{"name":"wp","href":"https:\/\/api.w.org\/{rel}","templated":true}]}}