{"id":141892,"date":"2026-01-14T08:17:08","date_gmt":"2026-01-14T08:17:08","guid":{"rendered":"https:\/\/www.europesays.com\/fi\/141892\/"},"modified":"2026-01-14T08:17:08","modified_gmt":"2026-01-14T08:17:08","slug":"liput-kayvat-vahiin-runkosarjan-viimeiseen-satakunnan-derbyyn","status":"publish","type":"post","link":"https:\/\/www.europesays.com\/fi\/141892\/","title":{"rendered":"Liput k\u00e4yv\u00e4t v\u00e4hiin runkosarjan viimeiseen Satakunnan derbyyn!"},"content":{"rendered":"<p>            \ud83d\udd25 Varmista paikkasi lauantain Lukko\u2013\u00c4ss\u00e4t-otteluun!<\/p>\n<p data-end=\"374\" data-start=\"209\">Viimeiset liput ovat nyt myynniss\u00e4 <strong>back-to-back-otteluparin<\/strong> toiseen osaotteluun, joka pelataan<br \/><strong>lauantaina 24.1. klo 17.00<\/strong> Raumalla <strong>Kivikyl\u00e4n Areenalla<\/strong>.<\/p>\n<p data-end=\"416\" data-start=\"376\">T\u00e4st\u00e4 tunnelmasta et halua j\u00e4\u00e4d\u00e4 paitsi!<\/p>\n<p data-end=\"462\" data-start=\"418\">\ud83d\udc49 <strong>Lippuja myyty jo yli 3 900 kappaletta<\/strong><\/p>\n<p><a class=\"article__figure__link\" data-type=\"custom\" href=\"https:\/\/lukko.tmtickets.fi\/EDP\/Event\/Index\/29?position=1\" target=\"_blank\" rel=\"nofollow noopener\"><img decoding=\"async\" alt=\"\" src=\"https:\/\/www.europesays.com\/fi\/wp-content\/uploads\/2026\/01\/toimisto-n-ytt-sivut-1-c63f79de-ffbe-4dda-9d7e-0d1cfbca6c2b_s808x0_q80_noupscale.png\"\/><\/a><\/p>\n<p>\ud83c\udfd2 Lukko\u2013\u00c4ss\u00e4t t\u00e4ll\u00e4 kaudella<\/p>\n<tr>\n\t\t\tP\u00e4iv\u00e4<br \/>\n\t\t\tOttelu<br \/>\n\t\t\tTulos<br \/>\n\t\t\tSarja \/ Turnaus<br \/>\n\t\t<\/tr>\n<tr>\n<td>Pe 1.8.2025<\/td>\n<td>Lukko \u2013 \u00c4ss\u00e4t<\/td>\n<td><strong>2\u20131 \ud83d\udfe1<\/strong><\/td>\n<td>Pitsiturnaus<\/td>\n<\/tr>\n<tr>\n<td>La 16.8.2025<\/td>\n<td>\u00c4ss\u00e4t \u2013 Lukko<\/td>\n<td><strong>0\u20134 \ud83d\udfe1<\/strong><\/td>\n<td>John Scott\u2019s -turnaus<\/td>\n<\/tr>\n<tr>\n<td>To 21.8.2025<\/td>\n<td>\u00c4ss\u00e4t \u2013 Lukko<\/td>\n<td><strong>1\u20137 \ud83d\udfe1<\/strong><\/td>\n<td>Harjoitusottelu<\/td>\n<\/tr>\n<tr>\n<td>Pe 24.10.2025<\/td>\n<td>Lukko \u2013 \u00c4ss\u00e4t<\/td>\n<td><strong>5\u20133 \ud83d\udfe1<\/strong><\/td>\n<td>Liiga<\/td>\n<\/tr>\n<tr>\n<td>La 25.10.2025<\/td>\n<td>\u00c4ss\u00e4t \u2013 Lukko<\/td>\n<td>3\u20132<\/td>\n<td>Liiga<\/td>\n<\/tr>\n<tr>\n<td>Pe 12.12.2025<\/td>\n<td>\u00c4ss\u00e4t \u2013 Lukko<\/td>\n<td><strong>1\u20135 \ud83d\udfe1<\/strong><\/td>\n<td>Liiga<\/td>\n<\/tr>\n<tr>\n<td>La 13.12.2025<\/td>\n<td>Lukko \u2013 \u00c4ss\u00e4t<\/td>\n<td><strong>8\u20133 \ud83d\udfe1<\/strong><\/td>\n<td>Liiga<\/td>\n<\/tr>\n<p data-end=\"1005\" data-start=\"984\">\ud83d\udfe1 = <strong>Lukon voitto<\/strong><\/p>\n<p>\u00a0<\/p>\n<p>\u00a0<\/p>\n","protected":false},"excerpt":{"rendered":"\ud83d\udd25 Varmista paikkasi lauantain Lukko\u2013\u00c4ss\u00e4t-otteluun! Viimeiset liput ovat nyt myynniss\u00e4 back-to-back-otteluparin toiseen osaotteluun, joka pelataanlauantaina 24.1. klo 17.00&hellip;\n","protected":false},"author":2,"featured_media":141893,"comment_status":"","ping_status":"","sticky":false,"template":"","format":"standard","meta":{"footnotes":""},"categories":[158],"tags":[33,31,30,159,32,160],"class_list":{"0":"post-141892","1":"post","2":"type-post","3":"status-publish","4":"format-standard","5":"has-post-thumbnail","7":"category-urheilu","8":"tag-fi","9":"tag-finland","10":"tag-finnish","11":"tag-sports","12":"tag-suomi","13":"tag-urheilu"},"share_on_mastodon":{"url":"https:\/\/pubeurope.com\/@fi\/115892469602877600","error":""},"_links":{"self":[{"href":"https:\/\/www.europesays.com\/fi\/wp-json\/wp\/v2\/posts\/141892","targetHints":{"allow":["GET"]}}],"collection":[{"href":"https:\/\/www.europesays.com\/fi\/wp-json\/wp\/v2\/posts"}],"about":[{"href":"https:\/\/www.europesays.com\/fi\/wp-json\/wp\/v2\/types\/post"}],"author":[{"embeddable":true,"href":"https:\/\/www.europesays.com\/fi\/wp-json\/wp\/v2\/users\/2"}],"replies":[{"embeddable":true,"href":"https:\/\/www.europesays.com\/fi\/wp-json\/wp\/v2\/comments?post=141892"}],"version-history":[{"count":0,"href":"https:\/\/www.europesays.com\/fi\/wp-json\/wp\/v2\/posts\/141892\/revisions"}],"wp:featuredmedia":[{"embeddable":true,"href":"https:\/\/www.europesays.com\/fi\/wp-json\/wp\/v2\/media\/141893"}],"wp:attachment":[{"href":"https:\/\/www.europesays.com\/fi\/wp-json\/wp\/v2\/media?parent=141892"}],"wp:term":[{"taxonomy":"category","embeddable":true,"href":"https:\/\/www.europesays.com\/fi\/wp-json\/wp\/v2\/categories?post=141892"},{"taxonomy":"post_tag","embeddable":true,"href":"https:\/\/www.europesays.com\/fi\/wp-json\/wp\/v2\/tags?post=141892"}],"curies":[{"name":"wp","href":"https:\/\/api.w.org\/{rel}","templated":true}]}}