{"id":141903,"date":"2026-01-14T08:24:06","date_gmt":"2026-01-14T08:24:06","guid":{"rendered":"https:\/\/www.europesays.com\/fi\/141903\/"},"modified":"2026-01-14T08:24:06","modified_gmt":"2026-01-14T08:24:06","slug":"sosiaali-ja-terveydenhuollon-kuljetuspalveluihin-oikeutetut-asiakkaat-tilaavat-kuljetuksen-uudesta-numerosta-1-2-2026-alkaen-keski-suomen-hyvinvointialueella","status":"publish","type":"post","link":"https:\/\/www.europesays.com\/fi\/141903\/","title":{"rendered":"Sosiaali- ja terveydenhuollon kuljetuspalveluihin oikeutetut asiakkaat tilaavat kuljetuksen uudesta numerosta 1.2.2026 alkaen Keski-Suomen hyvinvointialueella"},"content":{"rendered":"<p>\n      Kuljetuspalvelup\u00e4\u00e4t\u00f6ksen saaneet asiakkaat tilaavat kuljetuksensa jatkossa Taksi Helsingilt\u00e4 uudesta numerosta, tekstiviestill\u00e4 tai sovelluksella.\n  <\/p>\n<p>Taksi Helsinki tuottaa 1.2.2026 alkaen sosiaali- ja terveydenhuollon kuljetusten v\u00e4litys- ja kuljetuspalvelut Keski-Suomen hyvinvointialueella. Kuljetuspalvelup\u00e4\u00e4t\u00f6ksen saaneet asiakkaat tilaavat kuljetuksensa jatkossa Taksi Helsingilt\u00e4 uudesta numerosta, tekstiviestill\u00e4 tai sovelluksella. Helmikuun kyytej\u00e4 voi tilata jo 26.1.2026 alkaen.\u00a0<\/p>\n<p>Aiempien tilausnumeroiden vastaajaviesti kertoo uuden numeron. Hyvinvointialue laskuttaa kuljetusten omavastuut asiakkailta j\u00e4lkik\u00e4teen, kuten aiemminkin.<\/p>\n<p>Jatkossa kuljetus tulee tilata viimeist\u00e4\u00e4n 1,5 tuntia ennen toivottua l\u00e4ht\u00f6aikaa ja perua viimeist\u00e4\u00e4n 60 minuuttia ennen l\u00e4ht\u00f6aikaa.\u00a0<\/p>\n<p>\u2013 Puolentoista tunnin ennakoinnin otamme k\u00e4ytt\u00f6\u00f6n siksi, ett\u00e4 voimme ennakoida autojen saatavuutta paremmin ja luoda tehokkaammin yhdisteltyj\u00e4 kuljetuksia. Taustalla on Keski-Suomen hyvinvointialueen taloudellinen tilanne ja valtionvarainministeri\u00f6n asettama arviointimenettely, joka edellytt\u00e4\u00e4 talouden sopeuttamisen toimia kaikilla palvelualueilla, logistiikkap\u00e4\u00e4llikk\u00f6 <strong>Sari Hy\u00f6tyl\u00e4inen<\/strong> selvitt\u00e4\u00e4.<\/p>\n<p>Matkaoikeusasiakkaat voivat k\u00e4ytt\u00e4\u00e4 Toivetaksia edelleen, jos kyydiss\u00e4 on samansuuntaisella reitill\u00e4 yht\u00e4 aikaa kaksi tai useampi matkaoikeuden saanutta asiakasta, eli p\u00e4iv\u00e4aikaan kuljetuksissa k\u00e4ytet\u00e4\u00e4n yhdistely\u00e4. Toivetaksia voi k\u00e4ytt\u00e4\u00e4 edelleen yksin matkustamiseen \u00f6isin kello 21\u201306.<\/p>\n<p>Tavoitteena laadukkaat ja kustannustehokkaat kuljetuspalvelut<\/p>\n<p>Taksi Helsinki tekee tiivist\u00e4 yhteisty\u00f6t\u00e4 alueellisten taksiyhti\u00f6iden kanssa.<\/p>\n<p>\u2013 Paikallisuus on t\u00e4rke\u00e4\u00e4 onnistuneessa palvelutuotannossa, sanoo liiketoimintajohtaja <strong>Mikko Koivu<\/strong> Taksi Helsingist\u00e4.<\/p>\n<p>\u2013 Tavoitteenamme on turvata j\u00e4rjest\u00e4misvastuullamme olevien kuljetuspalveluiden toteutuminen asiakkaille ja potilaille laadukkaasti, yhdenvertaisesti ja kustannustehokkaasti sek\u00e4 mahdollistaa asiakkaiden matkat heille my\u00f6nnettyjen matkaoikeuksien mukaisesti, logistiikkap\u00e4\u00e4llikk\u00f6 Sari Hy\u00f6tyl\u00e4inen hyvinvointialueelta t\u00e4hdent\u00e4\u00e4.<\/p>\n<p>Henkil\u00f6kuljetuksilla tarkoitetaan muun muassa vammaispalvelu-, sosiaalihuolto-, lastensuojelu- ja erityishuoltolain perusteella tapahtuvia hyvinvointialueen vastuulle kuuluvia henkil\u00f6iden kuljetuspalveluita, kuten ik\u00e4\u00e4ntyneiden ja vammaisten henkil\u00f6iden asiointi- ja virkistysmatkoja. Kela-kuljetukset eiv\u00e4t kuulu t\u00e4h\u00e4n kokonaisuuteen eik\u00e4 hyvinvointialueen j\u00e4rjest\u00e4misvastuulle, vaan niist\u00e4 vastaa Kela.\u00a0<\/p>\n<p>Kuljetuspalvelut on tarkoitettu henkil\u00f6ille, jotka eiv\u00e4t sairauden, vamman tai ik\u00e4\u00e4ntymisen takia pysty k\u00e4ytt\u00e4m\u00e4\u00e4n julkista liikennett\u00e4 asiointimatkoillaan.\u00a0Kuljetuspalveluita haetaan joko vammaispalveluista\u00a0(vammaispalvelulain mukainen liikkumisen tuki)\u00a0tai\u00a0ik\u00e4\u00e4ntyneiden\u00a0asiakasohjauksesta (sosiaalihuoltolain mukainen liikkumisen tuki).\u00a0<\/p>\n<p>Keski-Suomen ja Pohjois-Savon hyvinvointialueet ovat tehneet v\u00e4liaikaisen sopimuksen Taksi Helsingin kanssa sosiaali- ja terveydenhuollon kuljetuspalveluiden tuottamisesta 1. helmikuuta 2026 alkaen. Palvelukokonaisuus sis\u00e4lt\u00e4\u00e4 v\u00e4litys- ja kuljetuspalvelun. Varsinainen kuljetuspalveluiden hankintamenettelyn tulos on parhaillaan markkinaoikeudessa k\u00e4sitelt\u00e4v\u00e4n\u00e4.<\/p>\n<p>Kuljetuspalveluiden asiakas, n\u00e4in tilaat kuljetuksen<\/p>\n<p><strong>Taksi Helsinki<\/strong><\/p>\n<ul>\n<li>puhelintilaus numerosta 014\u00a0211 040 (Puhelusta ei mene palvelumaksua, vaan oma operaattorisi veloittaa paikallisverkkomaksun, jos soitat kiinte\u00e4st\u00e4 puhelinverkosta tai matkapuhelinmaksun, jos soitat matkapuhelimesta.)<\/li>\n<li>tekstiviestitilaus numerosta: 045\u00a0739 80493<\/li>\n<li>SOTE Kyyti-mobiilisovelluksella tai internet-tilaussovelluksella. Sote Kyyti-mobiilisovellukseen ja internet-tilaussovellukseen kirjaudutaan henkil\u00f6kohtaisella puhelinnumerolla tai s\u00e4hk\u00f6postilla, joka on kirjattuna asiakasprofiiliisi.<br \/>\u00a0<\/li>\n<li>Asiakas, tilaathan matkasi v\u00e4hint\u00e4\u00e4n 1,5 tuntia ennen toivomaasi l\u00e4ht\u00f6aikaa.<\/li>\n<li>Peru kyytisi viimeist\u00e4\u00e4n 60 minuuttia ennen l\u00e4ht\u00f6aikaa.<\/li>\n<li>Meno- ja paluukyyti suositellaan tilattavaksi samalla kertaa.<\/li>\n<\/ul>\n<p>Kuljetuspalveluiden yhteystiedot ja p\u00e4ivitetyt ohjeet l\u00f6ytyv\u00e4t <a href=\"https:\/\/www.hyvaks.fi\/asiointi\/kuljetuspalvelujen-yhteystiedot\" rel=\"nofollow noopener\" target=\"_blank\">hyvinvointialueen<\/a> ja <a href=\"https:\/\/taksihelsinki.fi\/sote-taksi\/hyvaks\/\" rel=\"nofollow noopener\" target=\"_blank\">Taksi Helsingin<\/a> verkkosivuilta. Hyvinvointialue tiedottaa uusista numeroista ja ohjeista asiakkaille my\u00f6s esimerkiksi kuljetusp\u00e4\u00e4t\u00f6skirjeiss\u00e4 sek\u00e4 tekstiviestein tammikuun aikana.<\/p>\n<p>Tiedote 18.12.2025: <a href=\"https:\/\/www.hyvaks.fi\/uutiset\/matkaoikeuspaatoksen-saaneiden-asiakkaiden-toivetaksi-palveluihin-muutoksia-12-alkaen\" rel=\"nofollow noopener\" target=\"_blank\">Matkaoikeusp\u00e4\u00e4t\u00f6ksen saaneiden asiakkaiden Toivetaksi-\u200bpalveluihin muutoksia 1.2. alkaen<\/a><\/p>\n<p>Lis\u00e4tietoja:\u00a0<\/p>\n<ul>\n<li>Sari Hy\u00f6tyl\u00e4inen, logistiikkap\u00e4\u00e4llikk\u00f6, Keski-Suomen hyvinvointialue,\u00a0<a href=\"http:\/\/www.hyvaks.fi\/cdn-cgi\/l\/email-protection#671406150e490f1e08131e0b060e090209270f1e11060c1449010e\" rel=\"nofollow noopener\" target=\"_blank\">sari.hyotylainen(at)hyvaks.fi<\/a>, p. 050 312 5380<\/li>\n<li>Elina Hienola, palvelup\u00e4\u00e4llikk\u00f6, Keski-Suomen hyvinvointialue, vammaispalvelut, elina.hienola(at)hyvaks.fi, p. 050\u202f331 2737<\/li>\n<li>Mikko Koivu, liiketoimintajohtaja, Taksi Helsinki Oy, mikko.koivu(at)taksihelsinki.fi, p. 040 486 7088<\/li>\n<li><a href=\"http:\/\/www.hyvaks.fi\/kuljetuspalvelut\" rel=\"nofollow noopener\" target=\"_blank\">www.hyvaks.fi\/kuljetuspalvelut<\/a><\/li>\n<li><a href=\"https:\/\/taksihelsinki.fi\/sote-taksi\/hyvaks\/\" rel=\"nofollow noopener\" target=\"_blank\">Taksi Helsinki<\/a><\/li>\n<\/ul>\n","protected":false},"excerpt":{"rendered":"Kuljetuspalvelup\u00e4\u00e4t\u00f6ksen saaneet asiakkaat tilaavat kuljetuksensa jatkossa Taksi Helsingilt\u00e4 uudesta numerosta, tekstiviestill\u00e4 tai sovelluksella. Taksi Helsinki tuottaa 1.2.2026 alkaen&hellip;\n","protected":false},"author":2,"featured_media":141904,"comment_status":"","ping_status":"","sticky":false,"template":"","format":"standard","meta":{"footnotes":""},"categories":[5],"tags":[22,23,26,27,33,31,30,17,24,25,28,29,15,18,21,32,19,20,16],"class_list":{"0":"post-141903","1":"post","2":"type-post","3":"status-publish","4":"format-standard","5":"has-post-thumbnail","7":"category-otsikot","8":"tag-breaking-news","9":"tag-breakingnews","10":"tag-featured-news","11":"tag-featurednews","12":"tag-fi","13":"tag-finland","14":"tag-finnish","15":"tag-headlines","16":"tag-latest-news","17":"tag-latestnews","18":"tag-main-news","19":"tag-mainnews","20":"tag-news","21":"tag-otsikot","22":"tag-paauutiset","23":"tag-suomi","24":"tag-top-stories","25":"tag-topstories","26":"tag-uutiset"},"share_on_mastodon":{"url":"https:\/\/pubeurope.com\/@fi\/115892496823568043","error":""},"_links":{"self":[{"href":"https:\/\/www.europesays.com\/fi\/wp-json\/wp\/v2\/posts\/141903","targetHints":{"allow":["GET"]}}],"collection":[{"href":"https:\/\/www.europesays.com\/fi\/wp-json\/wp\/v2\/posts"}],"about":[{"href":"https:\/\/www.europesays.com\/fi\/wp-json\/wp\/v2\/types\/post"}],"author":[{"embeddable":true,"href":"https:\/\/www.europesays.com\/fi\/wp-json\/wp\/v2\/users\/2"}],"replies":[{"embeddable":true,"href":"https:\/\/www.europesays.com\/fi\/wp-json\/wp\/v2\/comments?post=141903"}],"version-history":[{"count":0,"href":"https:\/\/www.europesays.com\/fi\/wp-json\/wp\/v2\/posts\/141903\/revisions"}],"wp:featuredmedia":[{"embeddable":true,"href":"https:\/\/www.europesays.com\/fi\/wp-json\/wp\/v2\/media\/141904"}],"wp:attachment":[{"href":"https:\/\/www.europesays.com\/fi\/wp-json\/wp\/v2\/media?parent=141903"}],"wp:term":[{"taxonomy":"category","embeddable":true,"href":"https:\/\/www.europesays.com\/fi\/wp-json\/wp\/v2\/categories?post=141903"},{"taxonomy":"post_tag","embeddable":true,"href":"https:\/\/www.europesays.com\/fi\/wp-json\/wp\/v2\/tags?post=141903"}],"curies":[{"name":"wp","href":"https:\/\/api.w.org\/{rel}","templated":true}]}}