{"id":141910,"date":"2026-01-14T08:41:08","date_gmt":"2026-01-14T08:41:08","guid":{"rendered":"https:\/\/www.europesays.com\/fi\/141910\/"},"modified":"2026-01-14T08:41:08","modified_gmt":"2026-01-14T08:41:08","slug":"maailman-ehka-vasynein-elokuvasarja-jatkuu-helmikuussa-tassa-seitsemannen-osan-traileri-jos-nyt-ketaan-enaa-edes-kiinnostaa","status":"publish","type":"post","link":"https:\/\/www.europesays.com\/fi\/141910\/","title":{"rendered":"Maailman ehk\u00e4 v\u00e4synein elokuvasarja jatkuu helmikuussa &#8211; t\u00e4ss\u00e4 seitsem\u00e4nnen osan traileri, jos nyt ket\u00e4\u00e4n en\u00e4\u00e4 edes kiinnostaa"},"content":{"rendered":"<p>Wes Cravenin ohjaama ja Kevin Williamsonin ensimm\u00e4inen Scream oli oivaltava piristysruiske teinislashereille. 30 vuotta my\u00f6hemmin koko elokuvasarja on k\u00e4\u00e4ntynyt irvikuvaksi itsest\u00e4\u00e4n.<\/p>\n<p><a href=\"https:\/\/muropaketti.com\/avainsana\/scream-7\/\" rel=\"nofollow noopener\" target=\"_blank\">Scream 7<\/a> saa ensi-iltansa helmikuun lopulla, ja nyt Paramount Pictures on julkaissut elokuvasta uuden trailerin.<\/p>\n<p>Puukkohippailun raamit ovat t\u00e4ll\u00e4 kertaa seuraavat:<\/p>\n<p>\u201dKun uusi Ghostface-tappaja ilmestyy hiljaiseen kaupunkiin, jossa Sidney Prescott (Neve Campbell) on rakentanut uuden el\u00e4m\u00e4n, h\u00e4nen synkimm\u00e4t pelkonsa k\u00e4yv\u00e4t toteen h\u00e4nen tytt\u00e4rens\u00e4 (Isabel May) ollessa\u00a0seuraava kohde. P\u00e4\u00e4tt\u00e4v\u00e4isen\u00e4 suojellakseen perhett\u00e4\u00e4n Sidney joutuu kohtaamaan menneisyytens\u00e4 kauhut lopettaakseen verenvuodatuksen lopullisesti.\u201d<\/p>\n<p>Ohjaajan pallille nousseen Kevin Williamsonin elokuvaa t\u00e4hditt\u00e4v\u00e4t my\u00f6s Courteney Cox, Jasmin Savoy Brown, Mason Gooding, Anna Camp, Joel McHale ja Mckenna Grace.<\/p>\n<p>Suomen teattereihin Scream 7 saapuu 27. helmikuuta.<\/p>\n<p><a href=\"https:\/\/muropaketti.com\/wp-content\/uploads\/2025\/10\/scream-7-juliste.jpg\" rel=\"nofollow noopener\" target=\"_blank\"><img fetchpriority=\"high\" decoding=\"async\" width=\"691\" height=\"1024\" alt=\"Scream 7\" class=\"wp-image-904068 awpo-lazy\" style=\"width:840px;height:auto\"  data- src=\"https:\/\/www.europesays.com\/fi\/wp-content\/uploads\/2025\/10\/scream-7-juliste-691x1024.jpg\"\/><\/a>Kuva: \u00a9 Paramount Pictures<\/p>\n","protected":false},"excerpt":{"rendered":"Wes Cravenin ohjaama ja Kevin Williamsonin ensimm\u00e4inen Scream oli oivaltava piristysruiske teinislashereille. 30 vuotta my\u00f6hemmin koko elokuvasarja on&hellip;\n","protected":false},"author":2,"featured_media":141911,"comment_status":"","ping_status":"","sticky":false,"template":"","format":"standard","meta":{"footnotes":""},"categories":[131],"tags":[155,2873,137,33,173,31,30,172,16326,5189,32,109],"class_list":{"0":"post-141910","1":"post","2":"type-post","3":"status-publish","4":"format-standard","5":"has-post-thumbnail","7":"category-elokuvat","8":"tag-elokuvat","9":"tag-elokuvatrailerit","10":"tag-entertainment","11":"tag-fi","12":"tag-film","13":"tag-finland","14":"tag-finnish","15":"tag-movies","16":"tag-scream","17":"tag-scream-7","18":"tag-suomi","19":"tag-viihde"},"share_on_mastodon":{"url":"https:\/\/pubeurope.com\/@fi\/115892563676811994","error":""},"_links":{"self":[{"href":"https:\/\/www.europesays.com\/fi\/wp-json\/wp\/v2\/posts\/141910","targetHints":{"allow":["GET"]}}],"collection":[{"href":"https:\/\/www.europesays.com\/fi\/wp-json\/wp\/v2\/posts"}],"about":[{"href":"https:\/\/www.europesays.com\/fi\/wp-json\/wp\/v2\/types\/post"}],"author":[{"embeddable":true,"href":"https:\/\/www.europesays.com\/fi\/wp-json\/wp\/v2\/users\/2"}],"replies":[{"embeddable":true,"href":"https:\/\/www.europesays.com\/fi\/wp-json\/wp\/v2\/comments?post=141910"}],"version-history":[{"count":0,"href":"https:\/\/www.europesays.com\/fi\/wp-json\/wp\/v2\/posts\/141910\/revisions"}],"wp:featuredmedia":[{"embeddable":true,"href":"https:\/\/www.europesays.com\/fi\/wp-json\/wp\/v2\/media\/141911"}],"wp:attachment":[{"href":"https:\/\/www.europesays.com\/fi\/wp-json\/wp\/v2\/media?parent=141910"}],"wp:term":[{"taxonomy":"category","embeddable":true,"href":"https:\/\/www.europesays.com\/fi\/wp-json\/wp\/v2\/categories?post=141910"},{"taxonomy":"post_tag","embeddable":true,"href":"https:\/\/www.europesays.com\/fi\/wp-json\/wp\/v2\/tags?post=141910"}],"curies":[{"name":"wp","href":"https:\/\/api.w.org\/{rel}","templated":true}]}}