{"id":141914,"date":"2026-01-14T08:44:08","date_gmt":"2026-01-14T08:44:08","guid":{"rendered":"https:\/\/www.europesays.com\/fi\/141914\/"},"modified":"2026-01-14T08:44:08","modified_gmt":"2026-01-14T08:44:08","slug":"hs-tanaan-60-vuotta-tayttava-marko-hietala-kertoo-vauva-arjestaan","status":"publish","type":"post","link":"https:\/\/www.europesays.com\/fi\/141914\/","title":{"rendered":"HS: T\u00e4n\u00e4\u00e4n 60 vuotta t\u00e4ytt\u00e4v\u00e4 Marko Hietala kertoo vauva-arjestaan"},"content":{"rendered":"<p>Marko Hietala t\u00e4ytt\u00e4\u00e4 py\u00f6reit\u00e4.<\/p>\n<p class=\"article-body mb-nof-24 px-nof-16\">Muusikko <a class=\"font-bold underline-offset-[0.12em] [text-decoration:var(--person-link-text-decoration)] ![text-decoration-color:var(--person-link-text-decoration-color)]\" href=\"https:\/\/www.is.fi\/haku\/?query=Marko%20Hietala\" rel=\"nofollow noopener\" target=\"_blank\">Marko Hietala<\/a> kertoi viime kev\u00e4\u00e4n\u00e4 saavansa lapsen vaimonsa <a class=\"font-bold underline-offset-[0.12em] [text-decoration:var(--person-link-text-decoration)] ![text-decoration-color:var(--person-link-text-decoration-color)]\" href=\"https:\/\/www.is.fi\/haku\/?query=Camilla%20Cavalcantin\" rel=\"nofollow noopener\" target=\"_blank\">Camilla Cavalcantin<\/a> kanssa.<\/p>\n<p class=\"article-body mb-nof-24 px-nof-16\">Tulokkaan lis\u00e4ksi Hietalalla on 3-vuotias tyt\u00e4r ja edellisest\u00e4 liitosta 24-vuotiaat kaksospojat, joista toisella on jo lapsi.<\/p>\n<p class=\"article-body mb-nof-24 px-nof-16\">Nyt Hietala, 60, kertoo <a class=\"underline underline-offset-[0.12em] [text-decoration-thickness:var(--generic-link-underline-thickness)] [text-decoration-color:var(--generic-link-underline-color)] [text-decoration-skip-ink:var(--generic-link-underline-skip-ink)] break-words\" href=\"https:\/\/www.hs.fi\/kulttuuri\/art-2000011733500.html\" rel=\"nofollow noopener\" target=\"_blank\">Helsingin Sanomille<\/a> vauva-arjestaan.<\/p>\n<p class=\"article-body mb-nof-24 px-nof-16\">\u2013 Kummasti on el\u00e4m\u00e4niloa tuonut kahdeksan kuukauden ik\u00e4inen pikkumies, muusikko toteaa lehdelle.<\/p>\n<p class=\"article-body mb-nof-24 px-nof-16\">Hietala vertaa perhekuviotaan Kauniit ja rohkeat-tv-sarjaan kuvaillen, kuinka h\u00e4nen lapsenlapsensa set\u00e4 ja t\u00e4ti ovat t\u00e4t\u00e4 nuorempia.<\/p>\n<p class=\"article-body mb-nof-24 px-nof-16\">\u2013 Seh\u00e4n sopii! Kun kerran pit\u00e4\u00e4 n\u00e4ytell\u00e4 t\u00e4llaista maailmallakin menestynytt\u00e4 rockstaraa, niin pit\u00e4\u00e4 olla nuorempi vaimo ja lapsia, h\u00e4n sanoo ja virnist\u00e4\u00e4 niin, ett\u00e4 vitsailu tulee selv\u00e4ksi.<\/p>\n<p><img decoding=\"async\" src=\"https:\/\/www.europesays.com\/fi\/wp-content\/uploads\/2026\/01\/1768380248_981_468.jpg\" alt=\"\" class=\"_Img_1rerz_1\" style=\"aspect-ratio:0.6666666666666666\" loading=\"eager\"\/><\/p>\n<p class=\"article-body mb-nof-24 px-nof-16\">Hietala kertoi <a class=\"underline underline-offset-[0.12em] [text-decoration-thickness:var(--generic-link-underline-thickness)] [text-decoration-color:var(--generic-link-underline-color)] [text-decoration-skip-ink:var(--generic-link-underline-skip-ink)] break-words\" href=\"https:\/\/www.iltalehti.fi\/viihdeuutiset\/a\/02221efe-0689-4d7c-90e9-927e4ab5927b\" rel=\"nofollow noopener\" target=\"_blank\">Iltalehdelle<\/a> vuonna 2023, ett\u00e4 h\u00e4nt\u00e4 j\u00e4nnitti tulla uudelleen is\u00e4ksi 56-vuotiaana. Edellisest\u00e4 kerrasta oli ehtinyt vier\u00e4ht\u00e4\u00e4 jo sen verran aikaa.<\/p>\n<p class=\"article-body mb-nof-24 px-nof-16\">\u2013 Vaimo on 20 vuotta nuorempi. Koin, ett\u00e4 h\u00e4nell\u00e4 on t\u00e4ysi oikeus toteuttaa el\u00e4m\u00e4\u00e4ns\u00e4 naisena ja \u00e4itin\u00e4. Sanoin, ett\u00e4 jos h\u00e4n luottaa siihen, ett\u00e4 pysyn hengiss\u00e4 viel\u00e4 ainakin parikymment\u00e4 vuotta, se on h\u00e4nen p\u00e4\u00e4t\u00f6ksens\u00e4, Hietala kertoi lehdelle.<\/p>\n<p class=\"article-body mb-nof-24 px-nof-16\">Hietala on pyrkinyt j\u00e4rjest\u00e4m\u00e4\u00e4n esiintymisens\u00e4 siten, etteiv\u00e4t yht\u00e4jaksoiset poissaolot kotoa veny liian pitkiksi.<\/p>\n<p class=\"article-body mb-nof-24 px-nof-16\">\u2013 Olen lukenut, ett\u00e4 lapset saattavat pident\u00e4\u00e4 miesten el\u00e4m\u00e4\u00e4. H\u00e4n on suonut paljon positiivista ja inhimillist\u00e4 l\u00e4mp\u00f6\u00e4 el\u00e4m\u00e4\u00e4n, h\u00e4n sanoi Iltalehdelle tuolloin.<\/p>\n","protected":false},"excerpt":{"rendered":"Marko Hietala t\u00e4ytt\u00e4\u00e4 py\u00f6reit\u00e4. Muusikko Marko Hietala kertoi viime kev\u00e4\u00e4n\u00e4 saavansa lapsen vaimonsa Camilla Cavalcantin kanssa. Tulokkaan lis\u00e4ksi&hellip;\n","protected":false},"author":2,"featured_media":141915,"comment_status":"","ping_status":"","sticky":false,"template":"","format":"standard","meta":{"footnotes":""},"categories":[130],"tags":[137,33,31,30,34,32,109],"class_list":{"0":"post-141914","1":"post","2":"type-post","3":"status-publish","4":"format-standard","5":"has-post-thumbnail","7":"category-viihde","8":"tag-entertainment","9":"tag-fi","10":"tag-finland","11":"tag-finnish","12":"tag-ilta-sanomat","13":"tag-suomi","14":"tag-viihde"},"share_on_mastodon":{"url":"https:\/\/pubeurope.com\/@fi\/115892575427155145","error":""},"_links":{"self":[{"href":"https:\/\/www.europesays.com\/fi\/wp-json\/wp\/v2\/posts\/141914","targetHints":{"allow":["GET"]}}],"collection":[{"href":"https:\/\/www.europesays.com\/fi\/wp-json\/wp\/v2\/posts"}],"about":[{"href":"https:\/\/www.europesays.com\/fi\/wp-json\/wp\/v2\/types\/post"}],"author":[{"embeddable":true,"href":"https:\/\/www.europesays.com\/fi\/wp-json\/wp\/v2\/users\/2"}],"replies":[{"embeddable":true,"href":"https:\/\/www.europesays.com\/fi\/wp-json\/wp\/v2\/comments?post=141914"}],"version-history":[{"count":0,"href":"https:\/\/www.europesays.com\/fi\/wp-json\/wp\/v2\/posts\/141914\/revisions"}],"wp:featuredmedia":[{"embeddable":true,"href":"https:\/\/www.europesays.com\/fi\/wp-json\/wp\/v2\/media\/141915"}],"wp:attachment":[{"href":"https:\/\/www.europesays.com\/fi\/wp-json\/wp\/v2\/media?parent=141914"}],"wp:term":[{"taxonomy":"category","embeddable":true,"href":"https:\/\/www.europesays.com\/fi\/wp-json\/wp\/v2\/categories?post=141914"},{"taxonomy":"post_tag","embeddable":true,"href":"https:\/\/www.europesays.com\/fi\/wp-json\/wp\/v2\/tags?post=141914"}],"curies":[{"name":"wp","href":"https:\/\/api.w.org\/{rel}","templated":true}]}}