{"id":141924,"date":"2026-01-14T09:02:07","date_gmt":"2026-01-14T09:02:07","guid":{"rendered":"https:\/\/www.europesays.com\/fi\/141924\/"},"modified":"2026-01-14T09:02:07","modified_gmt":"2026-01-14T09:02:07","slug":"ville-merisen-lausunnosta-nousi-kohu-nain-han-kommentoi-nyt","status":"publish","type":"post","link":"https:\/\/www.europesays.com\/fi\/141924\/","title":{"rendered":"Ville Merisen lausunnosta nousi kohu \u2013 n\u00e4in h\u00e4n kommentoi nyt"},"content":{"rendered":"<p>Ongelma ei poistu, jos se kiistet\u00e4\u00e4n, Merinen kirjoittaa.<\/p>\n<p class=\"article-body mb-nof-24 px-nof-16\">Kansanedustaja <a class=\"font-bold underline-offset-[0.12em] [text-decoration:var(--person-link-text-decoration)] ![text-decoration-color:var(--person-link-text-decoration-color)]\" href=\"https:\/\/www.is.fi\/haku\/?query=Ville%20Merinen\" rel=\"nofollow noopener\" target=\"_blank\">Ville Merinen<\/a> (sd) ottaa <a class=\"underline underline-offset-[0.12em] [text-decoration-thickness:var(--generic-link-underline-thickness)] [text-decoration-color:var(--generic-link-underline-color)] [text-decoration-skip-ink:var(--generic-link-underline-skip-ink)] break-words\" href=\"https:\/\/www.instagram.com\/p\/DTenfQpCgTQ\/?igsh=MTk2bXByMW52YThmZw==\" rel=\"nofollow noopener\" target=\"_blank\">Instagramissa<\/a> kantaa h\u00e4nen lausuntonsa ymp\u00e4rill\u00e4 vellovaan kohuun. Merinen antoi Ylen Vallan algoritmi -sarjassa ymm\u00e4rt\u00e4\u00e4, ett\u00e4 kansanedustajat kohtelevat avustajiaan huonosti.<\/p>\n<p class=\"article-body mb-nof-24 px-nof-16\">\u2013 Ajattele, kun sinulla on sellainen asetelma, miss\u00e4 sin\u00e4 olet t\u00e4ysin suojattu ja jos ty\u00f6ntekij\u00e4 ei miellyt\u00e4, voit sanoa, ett\u00e4 vaihdetaan t\u00e4m\u00e4. H\u00e4n ei voi sanoa eteenp\u00e4in mit\u00e4\u00e4n. Min\u00e4 olen kuullut ihan hirveit\u00e4 juttuja, mutta en voi sanoa, mit\u00e4, Merinen sanoi sarjassa.<\/p>\n<p class=\"article-body mb-nof-24 px-nof-16\">Nyt Merinen kirjoittaa seisovansa sataprosenttisesti sanojensa takana.<\/p>\n<p class=\"article-body mb-nof-24 px-nof-16\">\u2013 Ilmi\u00f6 on olemassa.<\/p>\n<p class=\"article-body mb-nof-24 px-nof-16\">\u2013 Se, ett\u00e4 poliitikot sen kiist\u00e4v\u00e4t, ei poista ongelmaa. Kyseess\u00e4 ei ole yhden tai kahden puolueen ongelma.<\/p>\n<p class=\"article-body mb-nof-24 px-nof-16\">Merinen kirjoittaa my\u00f6s, ett\u00e4 \u201dasia tullee ilmi nyt\u201d.<\/p>\n<p class=\"article-body mb-nof-24 px-nof-16\">\u2013 Toivottavasti avustajien tilanne paranee. Heid\u00e4n ty\u00f6ns\u00e4 on \u00e4\u00e4rett\u00f6m\u00e4n t\u00e4rke\u00e4\u00e4.<\/p>\n<p class=\"article-body mb-nof-24 px-nof-16\">Esimerkiksi kokoomuksen eduskuntaryhm\u00e4n puheenjohtaja <a class=\"font-bold underline-offset-[0.12em] [text-decoration:var(--person-link-text-decoration)] ![text-decoration-color:var(--person-link-text-decoration-color)]\" href=\"https:\/\/www.is.fi\/haku\/?query=Jukka%20Kopra\" rel=\"nofollow noopener\" target=\"_blank\">Jukka Kopra<\/a> oudoksui tiistaina Merisen toimintaa.<\/p>\n<p class=\"article-body mb-nof-24 px-nof-16\">\u2013 Jos Merisell\u00e4 t\u00e4llaisia havaintoja on, h\u00e4nen velvollisuutensa on saattaa ne ilmi, tuoda ne esimerkiksi eduskunnan ty\u00f6suojelutoimikunnan tietoon, joka eduskunnassa n\u00e4it\u00e4 ihan viran puolesta tutkii ja selvitt\u00e4\u00e4, Kopra sanoi.<\/p>\n<p class=\"article-body mb-nof-24 px-nof-16\">Keskusteluun osallistui my\u00f6s Sdp:n varapuheenjohtaja <a class=\"font-bold underline-offset-[0.12em] [text-decoration:var(--person-link-text-decoration)] ![text-decoration-color:var(--person-link-text-decoration-color)]\" href=\"https:\/\/www.is.fi\/haku\/?query=Matias%20M%C3%A4kynen\" rel=\"nofollow noopener\" target=\"_blank\">Matias M\u00e4kynen<\/a>.<\/p>\n<p class=\"article-body mb-nof-24 px-nof-16\">\u2013 Eduskunnassa on hyvin erilaisia ihmisi\u00e4 ja siten erilaisia johtajia. Jokainen kansanedustaja on l\u00e4hiesimiehen kaltaisessa asemassa. Itse saan tasaisin v\u00e4liajoin tietoa vapaa-ajalle yll\u00e4tt\u00e4en ty\u00f6nnetyist\u00e4 t\u00f6ist\u00e4, huutamisesta ja ep\u00e4asiallisesta k\u00e4yt\u00f6ksest\u00e4 ja jopa erilaisesta h\u00e4irinn\u00e4st\u00e4.<\/p>\n<p><script async src=\"\/\/www.instagram.com\/embed.js\"><\/script><\/p>\n","protected":false},"excerpt":{"rendered":"Ongelma ei poistu, jos se kiistet\u00e4\u00e4n, Merinen kirjoittaa. Kansanedustaja Ville Merinen (sd) ottaa Instagramissa kantaa h\u00e4nen lausuntonsa ymp\u00e4rill\u00e4&hellip;\n","protected":false},"author":2,"featured_media":141925,"comment_status":"","ping_status":"","sticky":false,"template":"","format":"standard","meta":{"footnotes":""},"categories":[136],"tags":[407,137,33,31,30,34,408,32,109],"class_list":{"0":"post-141924","1":"post","2":"type-post","3":"status-publish","4":"format-standard","5":"has-post-thumbnail","7":"category-julkkikset","8":"tag-celebrities","9":"tag-entertainment","10":"tag-fi","11":"tag-finland","12":"tag-finnish","13":"tag-ilta-sanomat","14":"tag-julkkikset","15":"tag-suomi","16":"tag-viihde"},"share_on_mastodon":{"url":"https:\/\/pubeurope.com\/@fi\/115892646229863916","error":""},"_links":{"self":[{"href":"https:\/\/www.europesays.com\/fi\/wp-json\/wp\/v2\/posts\/141924","targetHints":{"allow":["GET"]}}],"collection":[{"href":"https:\/\/www.europesays.com\/fi\/wp-json\/wp\/v2\/posts"}],"about":[{"href":"https:\/\/www.europesays.com\/fi\/wp-json\/wp\/v2\/types\/post"}],"author":[{"embeddable":true,"href":"https:\/\/www.europesays.com\/fi\/wp-json\/wp\/v2\/users\/2"}],"replies":[{"embeddable":true,"href":"https:\/\/www.europesays.com\/fi\/wp-json\/wp\/v2\/comments?post=141924"}],"version-history":[{"count":0,"href":"https:\/\/www.europesays.com\/fi\/wp-json\/wp\/v2\/posts\/141924\/revisions"}],"wp:featuredmedia":[{"embeddable":true,"href":"https:\/\/www.europesays.com\/fi\/wp-json\/wp\/v2\/media\/141925"}],"wp:attachment":[{"href":"https:\/\/www.europesays.com\/fi\/wp-json\/wp\/v2\/media?parent=141924"}],"wp:term":[{"taxonomy":"category","embeddable":true,"href":"https:\/\/www.europesays.com\/fi\/wp-json\/wp\/v2\/categories?post=141924"},{"taxonomy":"post_tag","embeddable":true,"href":"https:\/\/www.europesays.com\/fi\/wp-json\/wp\/v2\/tags?post=141924"}],"curies":[{"name":"wp","href":"https:\/\/api.w.org\/{rel}","templated":true}]}}