{"id":141926,"date":"2026-01-14T09:05:08","date_gmt":"2026-01-14T09:05:08","guid":{"rendered":"https:\/\/www.europesays.com\/fi\/141926\/"},"modified":"2026-01-14T09:05:08","modified_gmt":"2026-01-14T09:05:08","slug":"mies-uhkailee-poliisia-jos-naemme-siviilissa","status":"publish","type":"post","link":"https:\/\/www.europesays.com\/fi\/141926\/","title":{"rendered":"Mies uhkailee poliisia \u2013 \u201dJos n\u00e4emme siviiliss\u00e4\u2026\u201d"},"content":{"rendered":"<p>Poliisit 24\/7 -sarjassa seurataan tuttuun tapaan poliisin ty\u00f6p\u00e4iv\u00e4\u00e4.<\/p>\n<p><img decoding=\"async\" class=\"image image-show image-preview\" src=\"https:\/\/www.europesays.com\/fi\/wp-content\/uploads\/2026\/01\/4e92c2bd2e8bffca01ee84a762557189d5364e775f9088962d7d173aa4dd3131.jpg\" alt=\"\"\/><img decoding=\"async\" class=\"image image-show\" src=\"https:\/\/www.europesays.com\/fi\/wp-content\/uploads\/2026\/01\/1768381508_812_4e92c2bd2e8bffca01ee84a762557189d5364e775f9088962d7d173aa4dd3131.jpg\" alt=\"\"\/><\/p>\n<p>Ty\u00f6pari Tuomas S\u00e4lki\u00f6 ja Ruusa Tiainen vaikuttavat Oulussa, jossa ollaan koko ensimm\u00e4isen Poliisit 24\/7 -jakson ajan. Saku Tiainen, Sanoma<\/p>\n<p class=\"paragraph\">Vuodesta 2009 tehty Poliisit-sarja palaa ohjelmistoon hieman toisella nimell\u00e4.<\/p>\n<p class=\"paragraph\">Alkuper\u00e4inen sarja lopetettiin vuonna 2023, kun oikeusasiamies kiinnitti huomiota tekotapaan. <a href=\"https:\/\/www.iltalehti.fi\/tv-ja-leffat\/b1747cb2-7930-47ea-aef4-35c882e44e1d\" rel=\"nofollow noopener\" target=\"_blank\">Kuvausryhm\u00e4n tietoon saattoi p\u00e4\u00e4ty\u00e4 salassa pidett\u00e4vi\u00e4 tietoja<\/a>. T\u00e4ss\u00e4 nyt alkavassa Poliisit 24\/7 -versiossa ty\u00f6skentelytapaa on muutettu aiemmasta.<\/p>\n<p class=\"paragraph\">Jaksoja esitet\u00e4\u00e4n Nelosella aina kaksi n\u00e4in keskiviikkoisin. Ruutu+:ssa julkaistaan t\u00e4n\u00e4\u00e4n nelj\u00e4 osaa. Ensimm\u00e4isess\u00e4 ollaan Oulussa, jossa seurataan vanhemman rikoskonstaapelin <strong>Ruusa Tiaisen<\/strong> ja vanhemman konstaapelin <strong>Tuomas S\u00e4lki\u00f6n<\/strong> ty\u00f6p\u00e4iv\u00e4\u00e4. Heid\u00e4t pyydet\u00e4\u00e4n avuksi kauppakeskukseen, jossa j\u00e4rjestyksenvalvojat ovat joutuneet puuttumaan h\u00e4irik\u00f6iv\u00e4n miehen k\u00e4yt\u00f6kseen. H\u00e4n on my\u00f6s ladellut uhkauksia, ja sama meno jatkuu poliisin hoteissa.<\/p>\n<p>J\u00e4lkimm\u00e4isess\u00e4 Neloselta tulevassa jaksossa ollaan Tampereella, jossa Valtteri Kauppila ja Juha Aaltonen toimivat poliiseina. Saku Tiainen, Sanoma<\/p>\n<p class=\"paragraph\">Vahvasti p\u00e4ihtynyt mies kuvailee itse\u00e4\u00e4n t\u00e4ysin rappioalkoholistiksi noustessaan poliisin kyytiin. Kotimatkalla kielenk\u00e4ytt\u00f6 muuttuu huolestuttavasti jo niin aggressiiviseksi, ett\u00e4 Tuomas joutuu pohtimaan, onko poliisilaitos sittenkin parempi osoite.<\/p>\n<p class=\"paragraph\">Tuomas tekee lopullisen p\u00e4\u00e4t\u00f6ksen, kun mies alkaa uhkailla h\u00e4nt\u00e4 henkil\u00f6kohtaisesti.<\/p>\n<p class=\"paragraph\">\u2013\u2009Jos me n\u00e4emme siviiliss\u00e4\u2026 \u00c4l\u00e4 ainakaan ajattele, ett\u00e4 sin\u00e4 olet turvassa, saatana! mies tekee hy\u00f6kk\u00e4ysliikkeen Tuomasta kohti.<\/p>\n<p class=\"paragraph\">Poliisit pysyv\u00e4t rauhallisina.<\/p>\n<p>Tuomas k\u00e4y tympe\u00e4ksi kuvailemaansa tilannetta tv:ss\u00e4 l\u00e4pi heti tuoreeltaan ty\u00f6parinsa kanssa. Saku Tiainen, Sanoma<\/p>\n<p class=\"paragraph\">J\u00e4lkik\u00e4teen Tuomas ja Ruusa k\u00e4yv\u00e4t tilannetta l\u00e4pi.<\/p>\n<p class=\"paragraph\">\u2013\u2009Kyll\u00e4h\u00e4n se aina mietitytt\u00e4\u00e4 tuollainen uhkailu. Viel\u00e4 kun puhutaan, ett\u00e4 siviiliss\u00e4, niin se on tympe\u00e4\u00e4. J\u00e4\u00e4 sellainen olo, ett\u00e4 mit\u00e4 jos n\u00e4kee kaupungilla. Kun ei aina tied\u00e4, mit\u00e4 he miettiv\u00e4t, Tuomas avautuu.<\/p>\n<p class=\"paragraph\">Kameralle h\u00e4n kertoo viel\u00e4 lis\u00e4\u00e4 siit\u00e4, miten uhkailut menev\u00e4t ihon alle.<\/p>\n<p class=\"paragraph\">\u2013\u2009Kyll\u00e4 se aina mielen p\u00e4\u00e4lle j\u00e4\u00e4. N\u00e4m\u00e4 ovat sitten sellaisia asioita, joista keskustellaan partiokaverin ja muiden ty\u00f6kavereiden kanssa.<\/p>\n<p class=\"paragraph\">Poliisit 24\/7 t\u00e4n\u00e4\u00e4n Nelosella kello 20.00 &amp; Ruudussa. <a href=\"https:\/\/www.iltalehti.fi\/telkku\/\" rel=\"nofollow noopener\" target=\"_blank\">Katso kaikki\u00a0TV-ohjelmat ja l\u00e4hetysajat Telkun TV-oppaasta<\/a>.<\/p>\n","protected":false},"excerpt":{"rendered":"Poliisit 24\/7 -sarjassa seurataan tuttuun tapaan poliisin ty\u00f6p\u00e4iv\u00e4\u00e4. Ty\u00f6pari Tuomas S\u00e4lki\u00f6 ja Ruusa Tiainen vaikuttavat Oulussa, jossa ollaan&hellip;\n","protected":false},"author":2,"featured_media":141927,"comment_status":"","ping_status":"","sticky":false,"template":"","format":"standard","meta":{"footnotes":""},"categories":[133],"tags":[35,137,33,31,30,55,53,122,54,52,32,206,156,109],"class_list":{"0":"post-141926","1":"post","2":"type-post","3":"status-publish","4":"format-standard","5":"has-post-thumbnail","7":"category-televisiot","8":"tag-24h","9":"tag-entertainment","10":"tag-fi","11":"tag-finland","12":"tag-finnish","13":"tag-lainvalvonta","14":"tag-laki-oikeus-ja-rikos","15":"tag-pelastaminen","16":"tag-pelastuspalvelut","17":"tag-poliisi","18":"tag-suomi","19":"tag-televisiot","20":"tag-tv","21":"tag-viihde"},"share_on_mastodon":{"url":"https:\/\/pubeurope.com\/@fi\/115892658085712426","error":""},"_links":{"self":[{"href":"https:\/\/www.europesays.com\/fi\/wp-json\/wp\/v2\/posts\/141926","targetHints":{"allow":["GET"]}}],"collection":[{"href":"https:\/\/www.europesays.com\/fi\/wp-json\/wp\/v2\/posts"}],"about":[{"href":"https:\/\/www.europesays.com\/fi\/wp-json\/wp\/v2\/types\/post"}],"author":[{"embeddable":true,"href":"https:\/\/www.europesays.com\/fi\/wp-json\/wp\/v2\/users\/2"}],"replies":[{"embeddable":true,"href":"https:\/\/www.europesays.com\/fi\/wp-json\/wp\/v2\/comments?post=141926"}],"version-history":[{"count":0,"href":"https:\/\/www.europesays.com\/fi\/wp-json\/wp\/v2\/posts\/141926\/revisions"}],"wp:featuredmedia":[{"embeddable":true,"href":"https:\/\/www.europesays.com\/fi\/wp-json\/wp\/v2\/media\/141927"}],"wp:attachment":[{"href":"https:\/\/www.europesays.com\/fi\/wp-json\/wp\/v2\/media?parent=141926"}],"wp:term":[{"taxonomy":"category","embeddable":true,"href":"https:\/\/www.europesays.com\/fi\/wp-json\/wp\/v2\/categories?post=141926"},{"taxonomy":"post_tag","embeddable":true,"href":"https:\/\/www.europesays.com\/fi\/wp-json\/wp\/v2\/tags?post=141926"}],"curies":[{"name":"wp","href":"https:\/\/api.w.org\/{rel}","templated":true}]}}