{"id":141928,"date":"2026-01-14T09:06:08","date_gmt":"2026-01-14T09:06:08","guid":{"rendered":"https:\/\/www.europesays.com\/fi\/141928\/"},"modified":"2026-01-14T09:06:08","modified_gmt":"2026-01-14T09:06:08","slug":"pitakaa-kiinni-tarykalvoistanne-dronemammutti-sunn-o-katkaisee-levytystaukonsa-julkisti-ensimaistiaisen-tulevalta-levyltaan","status":"publish","type":"post","link":"https:\/\/www.europesays.com\/fi\/141928\/","title":{"rendered":"Pit\u00e4k\u00e4\u00e4 kiinni t\u00e4rykalvoistanne, dronemammutti Sunn O))) katkaisee levytystaukonsa &#8211; julkisti ensimaistiaisen tulevalta levylt\u00e4\u00e4n"},"content":{"rendered":"<p>Stephen O\u2019Malleyn ja Greg Andersin luotsaama Sunn O))) on t\u00f6misytt\u00e4nyt tannerta ultraraskaalla dronellaan jo miltei 30 vuoden ajan. Nyt yhtye valmistautuu julkaisemaan j\u00e4rjestyksess\u00e4\u00e4n kymmenennen pitk\u00e4soittonsa. Samalla kyseess\u00e4 on kaksikon ensimm\u00e4inen uusi studioalbumi sitten vuoden 2019 Pyroclastsin.<\/p>\n<p>3. huhtikuuta ilmestyv\u00e4 nimikkoalbumi poikkeaa aiemmista siin\u00e4, ett\u00e4 t\u00e4ll\u00e4 kertaa dynaaminen duo vastaa jytin\u00e4st\u00e4 itse ilman vierailijoita.<\/p>\n<p>L\u00f6yd\u00e4t ensimm\u00e4isen maistiainen tulevasta levyn p\u00e4\u00e4tt\u00e4v\u00e4n Glory Blackin muodossa tuosta alempaa.<\/p>\n<p>Sunn O)))\u00a0-kappalelistaus:<\/p>\n<p>1.\u00a0XXANN<br \/>2.\u00a0Does Anyone Hear Like Venom?<br \/>3.\u00a0Butch\u2019s Guns<br \/>4.\u00a0Mindrolling<br \/>5.\u00a0Everett Moses<br \/>6.\u00a0Glory Black<\/p>\n<p>Yhtye suuntaa uuden levyn my\u00f6t\u00e4 my\u00f6s tien p\u00e4\u00e4lle. Kohteena on ainakin Pohjois-Amerikka, mutta lis\u00e4\u00e4 keikkajulkistuksia on luvassa my\u00f6hemmin.<\/p>\n<p><img loading=\"lazy\" decoding=\"async\" alt=\"YouTube video\" width=\"480\" height=\"360\" data-pin-nopin=\"true\" nopin=\"nopin\" class=\"perfmatters-lazy\" src=\"https:\/\/www.europesays.com\/fi\/wp-content\/uploads\/2026\/01\/1768381568_295_hqdefault.jpg\"\/><\/p>\n<p>Lue my\u00f6s: <a href=\"https:\/\/www.soundi.fi\/uutiskirje\/\" title=\"Tilaa Soundin uutiskirje\" class=\"underline-custom !font-montserrat !font-bold !underline-offset-4 !decoration-4 !decoration-red-600 !text-md\" rel=\"nofollow noopener\" target=\"_blank\">Tilaa Soundin uutiskirje ja tied\u00e4t mist\u00e4 kahvitauolla puhutaan! Nappaa ajankohtaiset musiikin uutiset ja puheenaiheet suoraan s\u00e4hk\u00f6postiin t\u00e4st\u00e4.<\/a><\/p>\n","protected":false},"excerpt":{"rendered":"Stephen O\u2019Malleyn ja Greg Andersin luotsaama Sunn O))) on t\u00f6misytt\u00e4nyt tannerta ultraraskaalla dronellaan jo miltei 30 vuoden ajan.&hellip;\n","protected":false},"author":2,"featured_media":141929,"comment_status":"","ping_status":"","sticky":false,"template":"","format":"standard","meta":{"footnotes":""},"categories":[132],"tags":[137,33,31,30,195,47,32,109],"class_list":{"0":"post-141928","1":"post","2":"type-post","3":"status-publish","4":"format-standard","5":"has-post-thumbnail","7":"category-musiikki","8":"tag-entertainment","9":"tag-fi","10":"tag-finland","11":"tag-finnish","12":"tag-music","13":"tag-musiikki","14":"tag-suomi","15":"tag-viihde"},"share_on_mastodon":{"url":"https:\/\/pubeurope.com\/@fi\/115892662001701789","error":""},"_links":{"self":[{"href":"https:\/\/www.europesays.com\/fi\/wp-json\/wp\/v2\/posts\/141928","targetHints":{"allow":["GET"]}}],"collection":[{"href":"https:\/\/www.europesays.com\/fi\/wp-json\/wp\/v2\/posts"}],"about":[{"href":"https:\/\/www.europesays.com\/fi\/wp-json\/wp\/v2\/types\/post"}],"author":[{"embeddable":true,"href":"https:\/\/www.europesays.com\/fi\/wp-json\/wp\/v2\/users\/2"}],"replies":[{"embeddable":true,"href":"https:\/\/www.europesays.com\/fi\/wp-json\/wp\/v2\/comments?post=141928"}],"version-history":[{"count":0,"href":"https:\/\/www.europesays.com\/fi\/wp-json\/wp\/v2\/posts\/141928\/revisions"}],"wp:featuredmedia":[{"embeddable":true,"href":"https:\/\/www.europesays.com\/fi\/wp-json\/wp\/v2\/media\/141929"}],"wp:attachment":[{"href":"https:\/\/www.europesays.com\/fi\/wp-json\/wp\/v2\/media?parent=141928"}],"wp:term":[{"taxonomy":"category","embeddable":true,"href":"https:\/\/www.europesays.com\/fi\/wp-json\/wp\/v2\/categories?post=141928"},{"taxonomy":"post_tag","embeddable":true,"href":"https:\/\/www.europesays.com\/fi\/wp-json\/wp\/v2\/tags?post=141928"}],"curies":[{"name":"wp","href":"https:\/\/api.w.org\/{rel}","templated":true}]}}