{"id":141930,"date":"2026-01-14T09:09:07","date_gmt":"2026-01-14T09:09:07","guid":{"rendered":"https:\/\/www.europesays.com\/fi\/141930\/"},"modified":"2026-01-14T09:09:07","modified_gmt":"2026-01-14T09:09:07","slug":"mikko-rantanen-omituista-toimintaa-eratauolla","status":"publish","type":"post","link":"https:\/\/www.europesays.com\/fi\/141930\/","title":{"rendered":"Mikko Rantanen: omituista toimintaa er\u00e4tauolla"},"content":{"rendered":"<p>NHL-pelaajat ruotivat pelikavereidensa oudoimpia tapoja.<\/p>\n<p>Jarmo Kek\u00e4l\u00e4inen tuli \u2013 Buffalo Sabres l\u00e4hti lentoon<\/p>\n<p class=\"article-body mb-nof-24 px-nof-16\">NHL julkaisi YouTube-kanavallaan <a class=\"underline underline-offset-[0.12em] [text-decoration-thickness:var(--generic-link-underline-thickness)] [text-decoration-color:var(--generic-link-underline-color)] [text-decoration-skip-ink:var(--generic-link-underline-skip-ink)] break-words\" href=\"https:\/\/www.youtube.com\/watch?v=FcNS0V8QH0A\" rel=\"nofollow noopener\" target=\"_blank\">videon<\/a>, jossa liigan pelaajat kertoivat joukkuekavereidensa oudoimmista tavoista viett\u00e4\u00e4 er\u00e4taukoa.<\/p>\n<p class=\"article-body mb-nof-24 px-nof-16\">Dallas Starsin suomalaishy\u00f6kk\u00e4\u00e4j\u00e4 <a class=\"font-bold underline-offset-[0.12em] [text-decoration:var(--person-link-text-decoration)] ![text-decoration-color:var(--person-link-text-decoration-color)]\" href=\"https:\/\/www.is.fi\/haku\/?query=Roope%20Hintz\" rel=\"nofollow noopener\" target=\"_blank\">Roope Hintz<\/a> paljasti videolla seurakaveri <a class=\"font-bold underline-offset-[0.12em] [text-decoration:var(--person-link-text-decoration)] ![text-decoration-color:var(--person-link-text-decoration-color)]\" href=\"https:\/\/www.is.fi\/haku\/?query=Mikko%20Rantasen\" rel=\"nofollow noopener\" target=\"_blank\">Mikko Rantasen<\/a> oudoimman er\u00e4taukorutiinin.<\/p>\n<p class=\"article-body mb-nof-24 px-nof-16\">\u2013\u2009Mikko nostelee painoja er\u00e4tauolla, Hintz paljastaa.<\/p>\n<p class=\"article-body mb-nof-24 px-nof-16\">\u2013\u2009En ole ennen n\u00e4hnyt sellaista.<\/p>\n<p class=\"article-body mb-nof-24 px-nof-16\">My\u00f6s Florida Panthersin hy\u00f6kk\u00e4\u00e4j\u00e4 <a class=\"font-bold underline-offset-[0.12em] [text-decoration:var(--person-link-text-decoration)] ![text-decoration-color:var(--person-link-text-decoration-color)]\" href=\"https:\/\/www.is.fi\/haku\/?query=Anton%20Lundell\" rel=\"nofollow noopener\" target=\"_blank\">Anton Lundell<\/a> kertoo, ett\u00e4 on todistanut saliharjoituksia erien v\u00e4liss\u00e4.<\/p>\n<p class=\"article-body mb-nof-24 px-nof-16\">\u2013\u2009Se on melko outoa mielest\u00e4ni, Lundell kertoo.<\/p>\n<p class=\"article-body mb-nof-24 px-nof-16\">Yksi suosittu NHL-pelaajien er\u00e4tauko-aktiviteetti videon perusteella on suolakurkkuliemen juominen.<\/p>\n<p class=\"article-body mb-nof-24 px-nof-16\">Useampi pelaaja kertoo videolla todistaneensa, kuinka joukkuetoverit ovat nautiskelleet kyseisest\u00e4 herkusta joko pukukopissa tai vaihtopenkill\u00e4.<\/p>\n<p class=\"article-body mb-nof-24 px-nof-16\">\u2013 <a class=\"font-bold underline-offset-[0.12em] [text-decoration:var(--person-link-text-decoration)] ![text-decoration-color:var(--person-link-text-decoration-color)]\" href=\"https:\/\/www.is.fi\/haku\/?query=Blake%20Colemanin\" rel=\"nofollow noopener\" target=\"_blank\">Blake Colemanin<\/a> lempinimi on syyst\u00e4kin Pickles. H\u00e4n juo suolakurkkulient\u00e4 jokaisella er\u00e4tauolla, Calgary Flamesin maalivahti <a class=\"font-bold underline-offset-[0.12em] [text-decoration:var(--person-link-text-decoration)] ![text-decoration-color:var(--person-link-text-decoration-color)]\" href=\"https:\/\/www.is.fi\/haku\/?query=Dustin%20Wolf\" rel=\"nofollow noopener\" target=\"_blank\">Dustin Wolf<\/a> kertoo.<\/p>\n<p class=\"article-body mb-nof-24 px-nof-16\">\u2013\u2009En haluaisi istua h\u00e4nen vieress\u00e4\u00e4n vaihtopenkill\u00e4, kun h\u00e4n r\u00f6yht\u00e4ilee suolakurkku-r\u00f6yht\u00e4yksi\u00e4\u00e4n, Flamesin puolustaja <a class=\"font-bold underline-offset-[0.12em] [text-decoration:var(--person-link-text-decoration)] ![text-decoration-color:var(--person-link-text-decoration-color)]\" href=\"https:\/\/www.is.fi\/haku\/?query=MacKenzie%20Weegar\" rel=\"nofollow noopener\" target=\"_blank\">MacKenzie Weegar<\/a> sanoo.<\/p>\n<p class=\"article-body mb-nof-24 px-nof-16\">My\u00f6s kylm\u00e4altaassa pulahtaminen on NHL-pelaajien mieleen.<\/p>\n<p class=\"article-body mb-nof-24 px-nof-16\">Suomalaispuolustaja <a class=\"font-bold underline-offset-[0.12em] [text-decoration:var(--person-link-text-decoration)] ![text-decoration-color:var(--person-link-text-decoration-color)]\" href=\"https:\/\/www.is.fi\/haku\/?query=Urho%20Vaakanainen\" rel=\"nofollow noopener\" target=\"_blank\">Urho Vaakanainen<\/a> kertoo, ett\u00e4 h\u00e4n v\u00e4lttelee kylm\u00e4altaita er\u00e4tauolla ajallisista syist\u00e4.<\/p>\n<p class=\"article-body mb-nof-24 px-nof-16\">\u2013\u2009Olen niin hidas pukemaan p\u00e4\u00e4lleni. Ei ole mit\u00e4\u00e4n mahdollisuutta, ett\u00e4 riisuisin kaikki varusteeni, k\u00e4visin kylm\u00e4altaassa ja pukisin taas p\u00e4\u00e4lleni yhden er\u00e4tauon aikana, New York Rangersia edustava puolustaja kertoo.<\/p>\n","protected":false},"excerpt":{"rendered":"NHL-pelaajat ruotivat pelikavereidensa oudoimpia tapoja. Jarmo Kek\u00e4l\u00e4inen tuli \u2013 Buffalo Sabres l\u00e4hti lentoon NHL julkaisi YouTube-kanavallaan videon, jossa&hellip;\n","protected":false},"author":2,"featured_media":141931,"comment_status":"","ping_status":"","sticky":false,"template":"","format":"standard","meta":{"footnotes":""},"categories":[158],"tags":[33,31,30,34,159,32,160],"class_list":{"0":"post-141930","1":"post","2":"type-post","3":"status-publish","4":"format-standard","5":"has-post-thumbnail","7":"category-urheilu","8":"tag-fi","9":"tag-finland","10":"tag-finnish","11":"tag-ilta-sanomat","12":"tag-sports","13":"tag-suomi","14":"tag-urheilu"},"share_on_mastodon":{"url":"https:\/\/pubeurope.com\/@fi\/115892673765406488","error":""},"_links":{"self":[{"href":"https:\/\/www.europesays.com\/fi\/wp-json\/wp\/v2\/posts\/141930","targetHints":{"allow":["GET"]}}],"collection":[{"href":"https:\/\/www.europesays.com\/fi\/wp-json\/wp\/v2\/posts"}],"about":[{"href":"https:\/\/www.europesays.com\/fi\/wp-json\/wp\/v2\/types\/post"}],"author":[{"embeddable":true,"href":"https:\/\/www.europesays.com\/fi\/wp-json\/wp\/v2\/users\/2"}],"replies":[{"embeddable":true,"href":"https:\/\/www.europesays.com\/fi\/wp-json\/wp\/v2\/comments?post=141930"}],"version-history":[{"count":0,"href":"https:\/\/www.europesays.com\/fi\/wp-json\/wp\/v2\/posts\/141930\/revisions"}],"wp:featuredmedia":[{"embeddable":true,"href":"https:\/\/www.europesays.com\/fi\/wp-json\/wp\/v2\/media\/141931"}],"wp:attachment":[{"href":"https:\/\/www.europesays.com\/fi\/wp-json\/wp\/v2\/media?parent=141930"}],"wp:term":[{"taxonomy":"category","embeddable":true,"href":"https:\/\/www.europesays.com\/fi\/wp-json\/wp\/v2\/categories?post=141930"},{"taxonomy":"post_tag","embeddable":true,"href":"https:\/\/www.europesays.com\/fi\/wp-json\/wp\/v2\/tags?post=141930"}],"curies":[{"name":"wp","href":"https:\/\/api.w.org\/{rel}","templated":true}]}}