{"id":141932,"date":"2026-01-14T09:10:06","date_gmt":"2026-01-14T09:10:06","guid":{"rendered":"https:\/\/www.europesays.com\/fi\/141932\/"},"modified":"2026-01-14T09:10:06","modified_gmt":"2026-01-14T09:10:06","slug":"maanlaheisen-kauniita-neuleita-retkeilijalle-ja-muut-ihanat-kevaan-kasityokirjat","status":"publish","type":"post","link":"https:\/\/www.europesays.com\/fi\/141932\/","title":{"rendered":"Maanl\u00e4heisen kauniita neuleita retkeilij\u00e4lle ja muut ihanat kev\u00e4\u00e4n k\u00e4sity\u00f6kirjat"},"content":{"rendered":"<p><strong>Satu Tolvanen: Vaeltajan neuleet<\/strong><\/p>\n<p><strong>Ilmestyy 4.2.2026<\/strong><\/p>\n<p>Kaunis luonto houkuttelee vaeltajaa vuodenajasta ja s\u00e4\u00e4st\u00e4 riippumatta. Kolealla s\u00e4\u00e4ll\u00e4 retkeilyst\u00e4 tulee kaksin verroin mukavampaa, kun yll\u00e4 on sopivat varusteet.<\/p>\n<p>Villa on t\u00e4ydellinen materiaali vaellusvaatteisiin. Se hengitt\u00e4\u00e4, l\u00e4mmitt\u00e4\u00e4 ja imee paljon kosteutta tuntumatta silti m\u00e4r\u00e4lt\u00e4. Luonnossa el\u00e4neet ihmiset ovat k\u00e4ytt\u00e4neet villaa vuosituhansien ajan, ja yht\u00e4 mukava se on p\u00e4\u00e4ll\u00e4 my\u00f6s t\u00e4n\u00e4 p\u00e4iv\u00e4n\u00e4.<\/p>\n<p>Vaeltajan neuleet -kirja kokoaa kansiensa v\u00e4liin varta vasten vaellusretkille suunniteltuja villapaitoja, sukkia, k\u00e4sineit\u00e4, p\u00e4\u00e4hineit\u00e4 ja muita neuleita. P\u00e4\u00e4s\u00e4\u00e4nt\u00f6isesti unisex-mallisten neuleiden mitoitus kattaa sek\u00e4 naisten ett\u00e4 miesten koot. Neuleet ovat sek\u00e4 tarkoituksenmukaisia ja toimivia ett\u00e4 my\u00f6s kauniita k\u00e4ytt\u00e4\u00e4.<\/p>\n<p>T\u00e4m\u00e4 kirja on tarkoitettu kaikille, jotka haluavat retkeill\u00e4 n\u00e4ytt\u00e4v\u00e4ss\u00e4 itse tehdyss\u00e4 villapuserossa, pit\u00e4\u00e4 k\u00e4det ja p\u00e4\u00e4n l\u00e4mpim\u00e4n\u00e4 talvivaelluksella ja vet\u00e4\u00e4 jalkaansa sukat makuupussiin pujahtaessaan.<\/p>\n<p><strong>Satu Tolvanen<\/strong> on monen k\u00e4sity\u00f6tekniikan taitaja, joka on harrastanut retkeily\u00e4 ja vaeltamista 15-vuotiaasta. Neulesuunnittelun maailmaan h\u00e4n astui Noitamets\u00e4-k\u00e4sity\u00f6yrityksess\u00e4\u00e4n vuonna 2020. Vaeltajan neuleet -kirjassa yhdistyv\u00e4t h\u00e4nen molemmat intohimonsa: luonnossa liikkuminen ja neuleet.<\/p>\n<p><strong>Muut kev\u00e4\u00e4n inspiroivat k\u00e4sity\u00f6kirjat:\u00a0<\/strong><\/p>\n<p><strong>Woolly Wormhead: Neulo kuvioita lyhennetyin kerroksin<\/strong><\/p>\n<p><strong>Ilmestyy 2.2.2026<\/strong><\/p>\n<p>Lyhennetyt kerrokset ovat neulojille tuttuja l\u00e4hinn\u00e4 neuleiden muotoilemisesta, mutta sama tekniikka avaa huikeita mahdollisuuksia neuleiden kuviointiin, kun mukaan otetaan v\u00e4rit. Woolly Wormhead on yhdist\u00e4nyt saksalaisittain neulottavat lyhennetyt kerrokset, ainaoikeinneuleen ja herkullisen v\u00e4riset langat uniikkiin designiinsa, ja tuloksena on jokaisen neulojan toivekirja.<\/p>\n<p>Kirjassa on 50 v\u00e4rik\u00e4st\u00e4 ja n\u00e4ytt\u00e4v\u00e4\u00e4 neulekuviota, joita voit hy\u00f6dynt\u00e4\u00e4 erilaisissa neuleissa, ja 10 persoonallista neulety\u00f6t\u00e4: k\u00e4mmekk\u00e4\u00e4t, kaksi pipoa ja seitsem\u00e4n huivia. Kirjan alussa on perusteellinen tekniikkaosio.<\/p>\n<p>Suomentaja: Hanna Kolari<\/p>\n<p><strong>Niina Laitinen &amp; Novita: Siskoni mun ja muita neuleita -bookazine<\/strong><\/p>\n<p><strong>Ilmestyy 1.4.2026<\/strong><\/p>\n<p>Sukkakuningattaren klassikkomallien inspiroimat neuleohjeet j\u00e4lleen saatavilla! \u200b<\/p>\n<p>Niina Laitisen tunnetuimmat neulemallit ovat neulojien kestosuosikkeja niin Suomessa kuin ulkomaillakin. Novitan suunnittelija Minna Mets\u00e4nen on luonut Niinan sukka-designien pohjalta kokoelman neulevaatteita ja -asusteita. \u200bBookazine sis\u00e4lt\u00e4\u00e4 valikoiman Siskoni mun -kirjan malleista: neulepuseroita ja -takkeja, torkkupeiton sek\u00e4 pienempi\u00e4 neuleita. Kaikki ohjeet on kirjoitettu Novitan langoille.<\/p>\n","protected":false},"excerpt":{"rendered":"Satu Tolvanen: Vaeltajan neuleet Ilmestyy 4.2.2026 Kaunis luonto houkuttelee vaeltajaa vuodenajasta ja s\u00e4\u00e4st\u00e4 riippumatta. Kolealla s\u00e4\u00e4ll\u00e4 retkeilyst\u00e4 tulee&hellip;\n","protected":false},"author":2,"featured_media":141933,"comment_status":"","ping_status":"","sticky":false,"template":"","format":"standard","meta":{"footnotes":""},"categories":[130],"tags":[137,33,31,30,32,109],"class_list":{"0":"post-141932","1":"post","2":"type-post","3":"status-publish","4":"format-standard","5":"has-post-thumbnail","7":"category-viihde","8":"tag-entertainment","9":"tag-fi","10":"tag-finland","11":"tag-finnish","12":"tag-suomi","13":"tag-viihde"},"share_on_mastodon":{"url":"https:\/\/pubeurope.com\/@fi\/115892677682534400","error":""},"_links":{"self":[{"href":"https:\/\/www.europesays.com\/fi\/wp-json\/wp\/v2\/posts\/141932","targetHints":{"allow":["GET"]}}],"collection":[{"href":"https:\/\/www.europesays.com\/fi\/wp-json\/wp\/v2\/posts"}],"about":[{"href":"https:\/\/www.europesays.com\/fi\/wp-json\/wp\/v2\/types\/post"}],"author":[{"embeddable":true,"href":"https:\/\/www.europesays.com\/fi\/wp-json\/wp\/v2\/users\/2"}],"replies":[{"embeddable":true,"href":"https:\/\/www.europesays.com\/fi\/wp-json\/wp\/v2\/comments?post=141932"}],"version-history":[{"count":0,"href":"https:\/\/www.europesays.com\/fi\/wp-json\/wp\/v2\/posts\/141932\/revisions"}],"wp:featuredmedia":[{"embeddable":true,"href":"https:\/\/www.europesays.com\/fi\/wp-json\/wp\/v2\/media\/141933"}],"wp:attachment":[{"href":"https:\/\/www.europesays.com\/fi\/wp-json\/wp\/v2\/media?parent=141932"}],"wp:term":[{"taxonomy":"category","embeddable":true,"href":"https:\/\/www.europesays.com\/fi\/wp-json\/wp\/v2\/categories?post=141932"},{"taxonomy":"post_tag","embeddable":true,"href":"https:\/\/www.europesays.com\/fi\/wp-json\/wp\/v2\/tags?post=141932"}],"curies":[{"name":"wp","href":"https:\/\/api.w.org\/{rel}","templated":true}]}}