{"id":141936,"date":"2026-01-14T09:14:08","date_gmt":"2026-01-14T09:14:08","guid":{"rendered":"https:\/\/www.europesays.com\/fi\/141936\/"},"modified":"2026-01-14T09:14:08","modified_gmt":"2026-01-14T09:14:08","slug":"umk-artistit-saattoivat-vuotaa-julki-kuullaanko-pete-parkkosen-ja-linda-lampeniuksen-yhteiskappale-uutissuomalainen","status":"publish","type":"post","link":"https:\/\/www.europesays.com\/fi\/141936\/","title":{"rendered":"UMK-artistit saattoivat vuotaa julki \u2013\u2009kuullaanko Pete Parkkosen ja Linda Lampeniuksen yhteiskappale? | Uutissuomalainen"},"content":{"rendered":"<p>Tieto keskiviikkoiltana julkistettavista Uuden musiikin kilpailun (UMK) artisteista on saattanut vuotaa julkisuuteen.<\/p>\n<p>Sosiaalisen median kanavilla, muun muassa Jodelissa ja Redditiss\u00e4, kiert\u00e4\u00e4 kuvakaappaus, joka vaikuttaa olevan per\u00e4isin artisti <strong>Etan<\/strong> Instagram-tililt\u00e4. Kuvassa n\u00e4ytt\u00e4isi olevan Etan lis\u00e4ksi muut UMK-artistit.<\/p>\n<p>Kuvan yhteydess\u00e4 olevassa tekstiss\u00e4 Etta hehkuttaa osallistumista kisaan ja kertoo, ett\u00e4 h\u00e4nen kisakappaleensa Million Dollar Smile julkaistaan &#8221;t\u00e4n\u00e4 y\u00f6n\u00e4 00:00&#8221;.<\/p>\n<p>Julkaisu ei ole n\u00e4ht\u00e4vill\u00e4 Etan Instagram-tilill\u00e4. Kuvan aitoutta on ep\u00e4ilty.<\/p>\n<p>Etan lis\u00e4ksi kuvassa ovat iskelm\u00e4b\u00e4ndi Komiat sek\u00e4 artistit <strong>Kiki<\/strong>, <strong>Sinikka Monte<\/strong>, <strong>Antti Paalanen<\/strong>, <strong>Chachi Hild\u00e9n<\/strong>, <strong>Pete Parkkonen<\/strong> ja <strong>Linda Lampenius<\/strong>.<\/p>\n<p><a href=\"https:\/\/www.iltalehti.fi\/viihdeuutiset\/a\/b0ef03d4-d469-4417-864a-4a9f594f5597\" rel=\"nofollow noopener\" target=\"_blank\">Iltalehti<\/a> spekuloi aiemmin t\u00e4ll\u00e4 viikolla UMK-artisteja. Huomion arvoista on, ett\u00e4 osa julkisuuteen p\u00e4\u00e4tyneess\u00e4 kuvassa esiintyvist\u00e4 artisteista, kuten Parkkonen, Lampenius, Kiki ja Etta olivat mukana my\u00f6s IL:n spekulaatioissa.<\/p>\n<p>Keskisuomalaista v\u00e4ri\u00e4 kisaan toisi pihtiputaalainen Parkkonen. H\u00e4nen on spekuloitu esitt\u00e4v\u00e4n kappaleensa yhdess\u00e4 Lampeniuksen kanssa.<\/p>\n<p>UMK-kilpailijat julkaistaan virallisesti t\u00e4n\u00e4\u00e4n kello 19.30 TV1:ll\u00e4 ja Yle Areenassa.<\/p>\n","protected":false},"excerpt":{"rendered":"Tieto keskiviikkoiltana julkistettavista Uuden musiikin kilpailun (UMK) artisteista on saattanut vuotaa julkisuuteen. Sosiaalisen median kanavilla, muun muassa Jodelissa&hellip;\n","protected":false},"author":2,"featured_media":141937,"comment_status":"","ping_status":"","sticky":false,"template":"","format":"standard","meta":{"footnotes":""},"categories":[14],"tags":[138,22,23,26,27,33,31,30,17,2675,24,25,28,29,47,141,15,18,21,32,484,1247,19,20,139,56,16,59,60,61],"class_list":{"0":"post-141936","1":"post","2":"type-post","3":"status-publish","4":"format-standard","5":"has-post-thumbnail","7":"category-ulkomaat","8":"tag-audio","9":"tag-breaking-news","10":"tag-breakingnews","11":"tag-featured-news","12":"tag-featurednews","13":"tag-fi","14":"tag-finland","15":"tag-finnish","16":"tag-headlines","17":"tag-instagram","18":"tag-latest-news","19":"tag-latestnews","20":"tag-main-news","21":"tag-mainnews","22":"tag-musiikki","23":"tag-muusikot-bandit","24":"tag-news","25":"tag-otsikot","26":"tag-paauutiset","27":"tag-suomi","28":"tag-taiteellinen-ilmaisu-ja-mediat","29":"tag-televisio","30":"tag-top-stories","31":"tag-topstories","32":"tag-tv-ohjelmat","33":"tag-ulkomaat","34":"tag-uutiset","35":"tag-world","36":"tag-world-news","37":"tag-worldnews"},"share_on_mastodon":{"url":"https:\/\/pubeurope.com\/@fi\/115892693455944669","error":""},"_links":{"self":[{"href":"https:\/\/www.europesays.com\/fi\/wp-json\/wp\/v2\/posts\/141936","targetHints":{"allow":["GET"]}}],"collection":[{"href":"https:\/\/www.europesays.com\/fi\/wp-json\/wp\/v2\/posts"}],"about":[{"href":"https:\/\/www.europesays.com\/fi\/wp-json\/wp\/v2\/types\/post"}],"author":[{"embeddable":true,"href":"https:\/\/www.europesays.com\/fi\/wp-json\/wp\/v2\/users\/2"}],"replies":[{"embeddable":true,"href":"https:\/\/www.europesays.com\/fi\/wp-json\/wp\/v2\/comments?post=141936"}],"version-history":[{"count":0,"href":"https:\/\/www.europesays.com\/fi\/wp-json\/wp\/v2\/posts\/141936\/revisions"}],"wp:featuredmedia":[{"embeddable":true,"href":"https:\/\/www.europesays.com\/fi\/wp-json\/wp\/v2\/media\/141937"}],"wp:attachment":[{"href":"https:\/\/www.europesays.com\/fi\/wp-json\/wp\/v2\/media?parent=141936"}],"wp:term":[{"taxonomy":"category","embeddable":true,"href":"https:\/\/www.europesays.com\/fi\/wp-json\/wp\/v2\/categories?post=141936"},{"taxonomy":"post_tag","embeddable":true,"href":"https:\/\/www.europesays.com\/fi\/wp-json\/wp\/v2\/tags?post=141936"}],"curies":[{"name":"wp","href":"https:\/\/api.w.org\/{rel}","templated":true}]}}