{"id":141938,"date":"2026-01-14T09:15:09","date_gmt":"2026-01-14T09:15:09","guid":{"rendered":"https:\/\/www.europesays.com\/fi\/141938\/"},"modified":"2026-01-14T09:15:09","modified_gmt":"2026-01-14T09:15:09","slug":"orpo-sosiaalisen-median-kaytto-pitaa-kieltaa-alle-15-vuotiailta","status":"publish","type":"post","link":"https:\/\/www.europesays.com\/fi\/141938\/","title":{"rendered":"Orpo: Sosiaalisen median k\u00e4ytt\u00f6 pit\u00e4\u00e4 kielt\u00e4\u00e4 alle 15-vuotiailta"},"content":{"rendered":"<p>Nuoret|Some-kieltoa koskeva muistio valmistuu tammikuun lopulla.<\/p>\n<p>Lue tiivistelm\u00e4<\/p>\n<p class=\"article-body mb-nof-24 px-nof-16 sndp-summary-bullet-point-font\">P\u00e4\u00e4ministeri Petteri Orpo kannattaa sosiaalisen median kielt\u00e4mist\u00e4 alle 15-vuotiailta.<\/p>\n<p class=\"article-body mb-nof-24 px-nof-16 sndp-summary-bullet-point-font\">Valtioneuvoston kansliassa laaditaan asiasta taustamuistiota, joka valmistuu tammikuun lopulla.<\/p>\n<p class=\"article-body mb-nof-24 px-nof-16 sndp-summary-bullet-point-font\">Orpo perusteli kantaansa huolella lasten ja nuorten liikkumattomuudesta ja ruutuajan vaikutuksista terveyteen.<\/p>\n<p class=\"article-body mb-nof-24 px-nof-16 sndp-summary-bullet-point-font\">Orpo alleviivasi puheessaan liikunnan t\u00e4rkeytt\u00e4 yleisesti, mutta painotti sen merkityst\u00e4 my\u00f6s kansantaloudelle.<\/p>\n<p class=\"article-body mb-nof-24 px-nof-16\">P\u00e4\u00e4ministeri <a class=\"font-bold underline-offset-[0.12em] [text-decoration:var(--person-link-text-decoration)] ![text-decoration-color:var(--person-link-text-decoration-color)]\" href=\"https:\/\/www.hs.fi\/haku\/?query=Petteri%20Orpo\" rel=\"nofollow noopener\" target=\"_blank\">Petteri Orpo<\/a> (kok) kannattaa sosiaalisen median kielt\u00e4mist\u00e4 alle 15-vuotiailta.<\/p>\n<p class=\"article-body mb-nof-24 px-nof-16\">\u201dOlen aivan vakavissani sen kanssa\u201d, Orpo paalutti Toimintakykyinen Suomi-huippukokouksen avauspuheenvuorossa keskiviikkona.<\/p>\n<p class=\"article-body mb-nof-24 px-nof-16\">Valtioneuvoston kansliassa asiasta laaditaan HS:n selvityksen mukaan taustamuistiota, jonka on m\u00e4\u00e4r\u00e4 valmistua tammikuun lopulla. Hallituksen kerrotaan tekev\u00e4n p\u00e4\u00e4t\u00f6ksi\u00e4 jatkotoimenpiteist\u00e4 sen pohjalta.<\/p>\n<p class=\"article-body mb-nof-24 px-nof-16\">Orpo painotti, ett\u00e4 ruutuaika on suorassa yhteydess\u00e4 lasten ja nuorten liikkumiseen sek\u00e4 terveyteen.<\/p>\n<p class=\"article-body mb-nof-24 px-nof-16\">\u201dKannan eritt\u00e4in suurta huolta lasten ja nuorten liikkumattomuudesta\u201d, p\u00e4\u00e4ministeri sanoi.<\/p>\n<p class=\"article-body mb-nof-24 px-nof-16\">Euroopassa esimerkiksi Tanska, <a class=\"underline underline-offset-[0.12em] [text-decoration-thickness:var(--generic-link-underline-thickness)] [text-decoration-color:var(--generic-link-underline-color)] [text-decoration-skip-ink:var(--generic-link-underline-skip-ink)] break-words\" href=\"https:\/\/www.hs.fi\/maailma\/art-2000011723569.html\" rel=\"nofollow noopener\" target=\"_blank\">Ranska <\/a>ja Norja ovat kielt\u00e4m\u00e4ss\u00e4 somen k\u00e4yt\u00f6n alle 15-vuotiailta tai valmistelevat sit\u00e4.<\/p>\n<p class=\"article-body mb-nof-24 px-nof-16\">Toimintakykyinen Suomi-huippukokouksessa julkaistaan maailman ensimm\u00e4inen mitattuun v\u00e4est\u00f6dataan perustuva fyysisen toimintakyvyn indeksi sek\u00e4 hyv\u00e4ksyt\u00e4\u00e4n parlamentaarinen julkilausuma, joka linjaa suunnan Suomen tulevaisuuden toimintakyvylle.<\/p>\n<p class=\"article-body mb-nof-24 px-nof-16\">Puheessaan Orpo kannusti suomalaisia liikkumaan ja muistutti my\u00f6s asian taloudellisesta puolesta. Henkil\u00f6kohtaisen hyvinvoinnin lis\u00e4ksi parempi kansanterveys vahvistaa my\u00f6s kansantaloutta: P\u00e4\u00e4ministeri viittasi puheessaan UKK-instituutin tutkimukseen, jonka mukaan liikkumattomuus maksaa suomalaiselle yhteiskunnalle vuodessa jopa kolme miljardia euroa.<\/p>\n<p class=\"article-body mb-nof-24 px-nof-16\">Orpo painotti, ett\u00e4 liikunta tuo s\u00e4\u00e4st\u00f6j\u00e4 yhteiskunnalle:<\/p>\n<p class=\"article-body mb-nof-24 px-nof-16\">\u201dEmmek\u00f6h\u00e4n me tartu yhdess\u00e4 t\u00e4h\u00e4n kolmeen miljardiin? Mik\u00e4 olisi parempaa, kuin s\u00e4\u00e4st\u00e4\u00e4 yhteiskunnan kuluja, valtion menoja, liikuttaa ihmisi\u00e4, saada heid\u00e4t hyv\u00e4lle mielelle ja voimaan paremmin?\u201d<\/p>\n<p class=\"article-body mb-nof-24 px-nof-16\">Orpo luetteli puheessa my\u00f6s hallituksen toimia liikunnallisuuden lis\u00e4\u00e4miseksi. Esimerkiksi h\u00e4n nosti hallituksen liikuntapolitiikan k\u00e4rkihankkeena olevan Suomi liikkuu-hankkeen:<\/p>\n<p class=\"article-body mb-nof-24 px-nof-16\">\u201dKaiken s\u00e4\u00e4st\u00e4misen keskell\u00e4 me lis\u00e4simme t\u00e4h\u00e4n ohjelmaan rahaa 20 miljoonaa euroa vuodessa, eli yhteens\u00e4 80 miljoonaa euroa.\u201d<\/p>\n<p class=\"article-body mb-nof-24 px-nof-16\">P\u00e4\u00e4ministerin mukaan t\u00e4rkeint\u00e4 on saada muutosta rakenteisiin, eli saada suomalaiset liikkumaan my\u00f6s huomaamattaan.<\/p>\n<p class=\"article-body mb-nof-24 px-nof-16\">\u201dSe tarkoittaa liikuntapaikkojen rakentamista, k\u00e4vely- ja py\u00f6r\u00e4teit\u00e4, luontomatkailua, liikuntaosaamista, liikunnan lis\u00e4\u00e4mist\u00e4 eri koulutusaloilla\u201d, Orpo sanoi.<\/p>\n","protected":false},"excerpt":{"rendered":"Nuoret|Some-kieltoa koskeva muistio valmistuu tammikuun lopulla. Lue tiivistelm\u00e4 P\u00e4\u00e4ministeri Petteri Orpo kannattaa sosiaalisen median kielt\u00e4mist\u00e4 alle 15-vuotiailta. Valtioneuvoston&hellip;\n","protected":false},"author":2,"featured_media":141939,"comment_status":"","ping_status":"","sticky":false,"template":"","format":"standard","meta":{"footnotes":""},"categories":[12],"tags":[22,23,26,27,33,31,30,17,46,24,25,28,29,15,18,21,32,19,20,16],"class_list":{"0":"post-141938","1":"post","2":"type-post","3":"status-publish","4":"format-standard","5":"has-post-thumbnail","7":"category-suomi","8":"tag-breaking-news","9":"tag-breakingnews","10":"tag-featured-news","11":"tag-featurednews","12":"tag-fi","13":"tag-finland","14":"tag-finnish","15":"tag-headlines","16":"tag-helsingin-sanomat","17":"tag-latest-news","18":"tag-latestnews","19":"tag-main-news","20":"tag-mainnews","21":"tag-news","22":"tag-otsikot","23":"tag-paauutiset","24":"tag-suomi","25":"tag-top-stories","26":"tag-topstories","27":"tag-uutiset"},"share_on_mastodon":{"url":"https:\/\/pubeurope.com\/@fi\/115892697396690720","error":""},"_links":{"self":[{"href":"https:\/\/www.europesays.com\/fi\/wp-json\/wp\/v2\/posts\/141938","targetHints":{"allow":["GET"]}}],"collection":[{"href":"https:\/\/www.europesays.com\/fi\/wp-json\/wp\/v2\/posts"}],"about":[{"href":"https:\/\/www.europesays.com\/fi\/wp-json\/wp\/v2\/types\/post"}],"author":[{"embeddable":true,"href":"https:\/\/www.europesays.com\/fi\/wp-json\/wp\/v2\/users\/2"}],"replies":[{"embeddable":true,"href":"https:\/\/www.europesays.com\/fi\/wp-json\/wp\/v2\/comments?post=141938"}],"version-history":[{"count":0,"href":"https:\/\/www.europesays.com\/fi\/wp-json\/wp\/v2\/posts\/141938\/revisions"}],"wp:featuredmedia":[{"embeddable":true,"href":"https:\/\/www.europesays.com\/fi\/wp-json\/wp\/v2\/media\/141939"}],"wp:attachment":[{"href":"https:\/\/www.europesays.com\/fi\/wp-json\/wp\/v2\/media?parent=141938"}],"wp:term":[{"taxonomy":"category","embeddable":true,"href":"https:\/\/www.europesays.com\/fi\/wp-json\/wp\/v2\/categories?post=141938"},{"taxonomy":"post_tag","embeddable":true,"href":"https:\/\/www.europesays.com\/fi\/wp-json\/wp\/v2\/tags?post=141938"}],"curies":[{"name":"wp","href":"https:\/\/api.w.org\/{rel}","templated":true}]}}