{"id":141940,"date":"2026-01-14T09:16:10","date_gmt":"2026-01-14T09:16:10","guid":{"rendered":"https:\/\/www.europesays.com\/fi\/141940\/"},"modified":"2026-01-14T09:16:10","modified_gmt":"2026-01-14T09:16:10","slug":"kaksivuotinen-esiopetus-tuotti-nollatuloksen-se-tarkoittaa-etta-kokeilu-onnistui-erityisen-hyvin-sanoo-tutkija-kotimaa","status":"publish","type":"post","link":"https:\/\/www.europesays.com\/fi\/141940\/","title":{"rendered":"Kaksivuotinen esiopetus tuotti nollatuloksen \u2013 se tarkoittaa, ett\u00e4 kokeilu onnistui erityisen hyvin, sanoo tutkija | Kotimaa"},"content":{"rendered":"<p class=\"aw-1gybjub aw-5vja16 kEtdKx kmuxyA yle__article__paragraph\">Kaksi vuotta kest\u00e4v\u00e4 esiopetus ei lis\u00e4nnytk\u00e4\u00e4n lasten akateemisten tai sosioemotionaalisten taitojen kehittymist\u00e4.<\/p>\n<p><img decoding=\"async\" alt=\"Lapsi tekee teht\u00e4vkirjaa.\" src=\"https:\/\/www.europesays.com\/fi\/wp-content\/uploads\/2026\/01\/39-120004565530e9d9d8e6.jpeg\" class=\"aw-1l9m598 hKVVvP\"\/><\/p>\n<p>Avaa kuvien katselu<\/p>\n<p>Kuvassa lapsi tekem\u00e4ss\u00e4 eskariteht\u00e4vi\u00e4 vuonna 2023. Kuva: Elina Ervasti\/Yle<\/p>\n<ul class=\"aw-1jjocuh iJTSwP yle__article__list yle__article__list--ul\">\n<li class=\"aw-1j7gwms gNYKfi\">Laaja kokeilu osoittaa, ett\u00e4 kaksivuotinen esiopetus ei edist\u00e4 lasten taitoja nykymallia enemp\u00e4\u00e4.<\/li>\n<li class=\"aw-1j7gwms gNYKfi\">Aalto-yliopiston professori Matti Sarvim\u00e4en mukaan kokeilu kuitenkin onnistui, koska se tuotti t\u00e4rke\u00e4\u00e4 tietoa p\u00e4\u00e4t\u00f6ksenteon pohjaksi.<\/li>\n<li class=\"aw-1j7gwms gNYKfi\">Kokeilu lis\u00e4si 5-vuotiaiden osallistumista varhaiskasvatukseen ja paransi hetkellisesti kotihoidosta tulleiden lasten taitoja.<\/li>\n<\/ul>\n<p class=\"aw-1gybjub aw-1p7kakr kEtdKx cEmitX yle__article__paragraph\">J\u00e4ttim\u00e4isen kokeilun tulokset ovat nyt selvill\u00e4: kaksivuotinen esiopetus ei edist\u00e4nyt lasten akateemisten tai sosioemotionaalisten taitojen kehittymist\u00e4 nykyj\u00e4rjestelm\u00e4\u00e4n verrattuna.<\/p>\n<p class=\"aw-1gybjub aw-1p7kakr kEtdKx cEmitX yle__article__paragraph\">Kaksivuotista esiopetusta kokeiltiin vuosina 2021\u20132024. Siihen osallistui eri puolilta Suomea yli 37 000 lasta, joista vajaat 16 000 k\u00e4vi kaksivuotisen esiopetuksen. Muut osallistuivat p\u00e4\u00e4osin 5-vuotiaana varhaiskasvatukseen ja 6-vuotiaana yksivuotiseen esiopetukseen. Pieni osa lapsista oli kotona 5-vuotiaana.<\/p>\n<p class=\"aw-1gybjub aw-1p7kakr kEtdKx cEmitX yle__article__paragraph\">Kokeilussa kaksivuotiseen esiopetukseen osallistuneiden lasten taidot eiv\u00e4t kehittyneet sen enemp\u00e4\u00e4 kuin nykyj\u00e4rjestelm\u00e4\u00e4n osallistuneilla lapsilla. Lasten taitojen v\u00e4liset erot eiv\u00e4t my\u00f6sk\u00e4\u00e4n kaventuneet kaksivuotisessa esiopetuksessa yht\u00e4\u00e4n enemp\u00e4\u00e4 kuin nykyisess\u00e4 mallissa.<\/p>\n<p class=\"aw-1gybjub aw-1p7kakr kEtdKx cEmitX yle__article__paragraph\">Tulos ei ole aivan sit\u00e4, mit\u00e4 alun perin odotettiin, sanoo tutkimusryhm\u00e4\u00e4 vet\u00e4nyt Aalto-yliopiston taloustieteen professori <strong class=\"aw-ak79eh KyCXm yle__article__strong\">Matti Sarvim\u00e4ki<\/strong>.<\/p>\n<p class=\"aw-1gybjub aw-1p7kakr kEtdKx cEmitX yle__article__paragraph\">\u2013 Odotin, ett\u00e4 kokeilulla olisi ollut maltillisia my\u00f6nteisi\u00e4 vaikutuksia erityisesti niill\u00e4 lapsilla, jotka muuten olisivat l\u00e4hteneet heikommilla ev\u00e4ill\u00e4 koulupolulle.<\/p>\n<p class=\"aw-1gybjub aw-1p7kakr kEtdKx cEmitX yle__article__paragraph\">Sarvim\u00e4en mukaan tulos ei silti tarkoita sit\u00e4, ett\u00e4 kokeilu ep\u00e4onnistui, p\u00e4invastoin.<\/p>\n<p class=\"aw-1gybjub aw-1p7kakr kEtdKx cEmitX yle__article__paragraph\">\u2013 Se tarkoittaa, ett\u00e4 kokeilu onnistui erityisen hyvin, sill\u00e4 me opimme jotain uutta. Toivoisin, ett\u00e4 p\u00e4\u00e4tt\u00e4j\u00e4t saisivat arvostuksen siit\u00e4, ett\u00e4 nyt selvitettiin mahdollisen uudistuksen vaikutukset kunnolla ennen kuin l\u00e4hdettiin tekem\u00e4\u00e4n p\u00e4\u00e4t\u00f6ksi\u00e4.<\/p>\n<p><img decoding=\"async\" alt=\"Matti Sarvim\u00e4ki, taloustieteen professori, Aalto-yliopisto.\" src=\"https:\/\/www.europesays.com\/fi\/wp-content\/uploads\/2026\/01\/39-1172759650450b53b474.jpeg\" loading=\"lazy\" class=\"aw-1l9m598 hKVVvP\"\/><\/p>\n<p>Avaa kuvien katselu<\/p>\n<p>Professori Matti Sarvim\u00e4ki veti esiopetuksen pident\u00e4mist\u00e4 tutkinutta ryhm\u00e4\u00e4.  Kuva: Joni Tammela \/ YleKokeilu toi my\u00f6s hy\u00f6tyj\u00e4<\/p>\n<p class=\"aw-1gybjub aw-1p7kakr kEtdKx cEmitX yle__article__paragraph\">Esiopetus on ollut velvoittava osa oppivelvollisuutta vuodesta 2015.<\/p>\n<p class=\"aw-1gybjub aw-1p7kakr kEtdKx cEmitX yle__article__paragraph\"><a class=\"aw-iao6s4 iHOxEa yle__article__link\" href=\"https:\/\/yle.fi\/a\/3-11745542\" role=\"link\" rel=\"nofollow noopener\" target=\"_blank\">Kokeilun k\u00e4ynnisti<\/a> <strong class=\"aw-ak79eh KyCXm yle__article__strong\">Sanna Marinin<\/strong> (sd) hallitus, joka halusi selvitt\u00e4\u00e4 kuinka paljon vuoden nykyist\u00e4 pidempi esiopetus vaikuttaisi lasten oppimistuloksiin sek\u00e4 lasten tasa-arvoon.<\/p>\n<p class=\"aw-1gybjub aw-1p7kakr kEtdKx cEmitX yle__article__paragraph\">Kokeiluryhmiss\u00e4 oli enemm\u00e4n kelpoisia opettajia ja niiss\u00e4 k\u00e4ytettiin hieman enemm\u00e4n aikaa ohjattuun toimintaan kuin verrokkiryhmiss\u00e4. Kokeiluryhm\u00e4t koostuivat p\u00e4\u00e4osin 5\u20136-vuotiaista lapsista, kun verrokkiryhmiss\u00e4 oli tyypillisemmin 3\u20135-vuotiaita lapsia.<\/p>\n<p class=\"aw-1gybjub aw-1p7kakr kEtdKx cEmitX yle__article__paragraph\">Vaikka lasten taidot kehittyiv\u00e4t yht\u00e4 nopeasti molemmissa ryhmiss\u00e4, havaittiin kaksivuotisen esiopetuksen kokeilusta toisenlaisia hy\u00f6tyj\u00e4.<\/p>\n<p class=\"aw-1gybjub aw-1p7kakr kEtdKx cEmitX yle__article__paragraph\">Kokeiluun kuuluminen lis\u00e4si 5-vuotiaiden osallistumista varhaiskasvatukseen tai esiopetukseen.<\/p>\n<p class=\"aw-1gybjub aw-1p7kakr kEtdKx cEmitX yle__article__paragraph\">Kotihoitoon verrattuna kaksivuotinen esiopetus my\u00f6s paransi lasten taitoja 6-vuotiaana.<\/p>\n<p class=\"aw-1gybjub aw-1p7kakr kEtdKx cEmitX yle__article__paragraph\">\u2013 Akateemisissa taidoissa vaikutus vastaa noin puolen vuoden normaalia kehityst\u00e4. Vaikutukset ovat suuria my\u00f6s vertaissuhteiden ja tunteiden s\u00e4\u00e4telyn osalta. Eli ainakin lyhyell\u00e4 t\u00e4ht\u00e4imell\u00e4 n\u00e4ytt\u00e4\u00e4 silt\u00e4, ett\u00e4 kotihoidosta kaksivuotiseen esiopetukseen siirtyneet lapset hy\u00f6tyiv\u00e4t osallistumisesta.<\/p>\n<p class=\"aw-1gybjub aw-1p7kakr kEtdKx cEmitX yle__article__paragraph\">Perusopetukseen siirrytt\u00e4ess\u00e4 lyhyen aikav\u00e4lin vaikutukset n\u00e4yttiv\u00e4t katoavan. Kotoa 5-vuotiaiden esiopetukseen siirtyneiden m\u00e4\u00e4r\u00e4 oli kuitenkin sen verran pieni, ett\u00e4 n\u00e4m\u00e4 tulokset ovat ep\u00e4tarkkoja.<\/p>\n<p class=\"aw-1gybjub aw-1p7kakr kEtdKx cEmitX yle__article__paragraph\">Huoltajat suhtautuivat kaksivuotiseen esiopetukseen p\u00e4\u00e4osin my\u00f6nteisesti ja erityisesti opettajat pitiv\u00e4t kokeilua pedagogisesti mielekk\u00e4\u00e4n\u00e4.<\/p>\n<p>Valtavaa dataa voidaan hy\u00f6dynt\u00e4\u00e4 jatkossa<\/p>\n<p class=\"aw-1gybjub aw-1p7kakr kEtdKx cEmitX yle__article__paragraph\">Opetus- ja kulttuuriministeri\u00f6 julkaisi jo kev\u00e4\u00e4ll\u00e4 2023 <a class=\"aw-iao6s4 iHOxEa yle__article__link\" href=\"https:\/\/yle.fi\/a\/74-20029895\" role=\"link\" rel=\"nofollow noopener\" target=\"_blank\">tutkimuksen v\u00e4liaikaraportin<\/a>, joka kertoi, miten paljon lasten taustat vaikuttavat sosioemotionaalisiin ja akateemisiin valmiuksiin.<\/p>\n<p class=\"aw-1gybjub aw-1p7kakr kEtdKx cEmitX yle__article__paragraph\">Esimerkiksi korkeasti koulutettujen \u00e4itien ja Suomessa syntyneiden huoltajien lapset p\u00e4rj\u00e4siv\u00e4t kaikissa arvioinneissa muita lapsia paremmin.<\/p>\n<p class=\"aw-1gybjub aw-1p7kakr kEtdKx cEmitX yle__article__paragraph\">Suomessa ei ole aiemmin ker\u00e4tty n\u00e4in suurta aineistoa t\u00e4m\u00e4n ik\u00e4isten lasten taidoista. Sarvim\u00e4ki toivoo, ett\u00e4 kokeilussa mukana olleiden lasten seurantaa jatketaan peruskoulun loppuun saakka. Nykyisess\u00e4 hallitusohjelmassa t\u00e4h\u00e4n on sitouduttu.<\/p>\n<p class=\"aw-1gybjub aw-1p7kakr kEtdKx cEmitX yle__article__paragraph\">\u2013 Meille on syntynyt ik\u00e4\u00e4n kuin kokeilun sivutuotteena data, joka on valtavan hy\u00f6dyllinen todella moneen kysymykseen vastaamisessa.<\/p>\n<p class=\"aw-1gybjub aw-1p7kakr kEtdKx cEmitX yle__article__paragraph\">Seuraavaksi aiotaan tarkastella ainakin maahanmuuttajataustaisia lapsia sek\u00e4 sukupuolten v\u00e4lisi\u00e4 eroja.<\/p>\n<p class=\"aw-1gybjub aw-1p7kakr kEtdKx cEmitX yle__article__paragraph\"><strong class=\"aw-ak79eh KyCXm yle__article__strong\">Katso videolta rovaniemel\u00e4isen Saarenputaan p\u00e4iv\u00e4kodin lasten mielipiteit\u00e4 kaksivuotisesta esikoulusta vuonna 2023:<\/strong><\/p>\n<p class=\"aw-1gybjub aw-1p7kakr kEtdKx cEmitX yle__article__paragraph\">Onko sinulla meille juttuvinkki? Voit l\u00e4hesty\u00e4 toimitusta luottamuksella.<\/p>\n","protected":false},"excerpt":{"rendered":"Kaksi vuotta kest\u00e4v\u00e4 esiopetus ei lis\u00e4nnytk\u00e4\u00e4n lasten akateemisten tai sosioemotionaalisten taitojen kehittymist\u00e4. Avaa kuvien katselu Kuvassa lapsi tekem\u00e4ss\u00e4&hellip;\n","protected":false},"author":2,"featured_media":141941,"comment_status":"","ping_status":"","sticky":false,"template":"","format":"standard","meta":{"footnotes":""},"categories":[5],"tags":[22,23,6450,22942,26,27,33,31,30,17,71,96,99,24,25,28,29,15,18,21,32,19,20,16,6977],"class_list":{"0":"post-141940","1":"post","2":"type-post","3":"status-publish","4":"format-standard","5":"has-post-thumbnail","7":"category-otsikot","8":"tag-breaking-news","9":"tag-breakingnews","10":"tag-esikoulu","11":"tag-esiopetus","12":"tag-featured-news","13":"tag-featurednews","14":"tag-fi","15":"tag-finland","16":"tag-finnish","17":"tag-headlines","18":"tag-kotimaa","19":"tag-koulutus","20":"tag-lapset","21":"tag-latest-news","22":"tag-latestnews","23":"tag-main-news","24":"tag-mainnews","25":"tag-news","26":"tag-otsikot","27":"tag-paauutiset","28":"tag-suomi","29":"tag-top-stories","30":"tag-topstories","31":"tag-uutiset","32":"tag-varhaiskasvatus"},"share_on_mastodon":{"url":"https:\/\/pubeurope.com\/@fi\/115892701289872400","error":""},"_links":{"self":[{"href":"https:\/\/www.europesays.com\/fi\/wp-json\/wp\/v2\/posts\/141940","targetHints":{"allow":["GET"]}}],"collection":[{"href":"https:\/\/www.europesays.com\/fi\/wp-json\/wp\/v2\/posts"}],"about":[{"href":"https:\/\/www.europesays.com\/fi\/wp-json\/wp\/v2\/types\/post"}],"author":[{"embeddable":true,"href":"https:\/\/www.europesays.com\/fi\/wp-json\/wp\/v2\/users\/2"}],"replies":[{"embeddable":true,"href":"https:\/\/www.europesays.com\/fi\/wp-json\/wp\/v2\/comments?post=141940"}],"version-history":[{"count":0,"href":"https:\/\/www.europesays.com\/fi\/wp-json\/wp\/v2\/posts\/141940\/revisions"}],"wp:featuredmedia":[{"embeddable":true,"href":"https:\/\/www.europesays.com\/fi\/wp-json\/wp\/v2\/media\/141941"}],"wp:attachment":[{"href":"https:\/\/www.europesays.com\/fi\/wp-json\/wp\/v2\/media?parent=141940"}],"wp:term":[{"taxonomy":"category","embeddable":true,"href":"https:\/\/www.europesays.com\/fi\/wp-json\/wp\/v2\/categories?post=141940"},{"taxonomy":"post_tag","embeddable":true,"href":"https:\/\/www.europesays.com\/fi\/wp-json\/wp\/v2\/tags?post=141940"}],"curies":[{"name":"wp","href":"https:\/\/api.w.org\/{rel}","templated":true}]}}