{"id":141942,"date":"2026-01-14T09:28:08","date_gmt":"2026-01-14T09:28:08","guid":{"rendered":"https:\/\/www.europesays.com\/fi\/141942\/"},"modified":"2026-01-14T09:28:08","modified_gmt":"2026-01-14T09:28:08","slug":"auri-kananen-paljastaa-nain-hyvin-on-raha-asiat","status":"publish","type":"post","link":"https:\/\/www.europesays.com\/fi\/141942\/","title":{"rendered":"Auri Kananen paljastaa: N\u00e4in hyvin on raha-asiat"},"content":{"rendered":"<p>\n            20240914 J\u00c4RVENP\u00c4\u00c4. Miss Suomi 2024 -finaali. Auri Kananen. KUVA: ATTE KAJOVA<br \/>\n            ATTE KAJOVA\n        <\/p>\n<p class=\"subtitle \">Hiljattain \u00e4idiksi tullut Auri kertoo rahatilanteestaam.<\/p>\n<p class=\"article-content article-content-width !bg-background\">Siivouskuningattarena tutuksi tullut  ja h\u00e4nen puolisonsa  saivat marraskuussa esikoistytt\u00e4rens\u00e4.\u00a0<\/p>\n<p class=\"font-weight-bold m-font-weight-bold article-content article-content-width !bg-background\">Katso video \u2013 Aurin uudet ty\u00f6kuviot:<\/p>\n<p>Rahapaljastus<\/p>\n<p class=\"article-content article-content-width !bg-background\">Pariskunta paljasti sosiaalisessa mediassa, ett\u00e4 pienokaisen nimeksi tuli .<\/p>\n<p class=\"article-content article-content-width !bg-background\">Vauvan syntym\u00e4n my\u00f6t\u00e4 32-vuotias Auri kertoi lopettavansa maailmanlaajuisesti seuratun siivousuransa.<\/p>\n<p class=\"article-content article-content-width !bg-background\">Auri antoi tiistaina (13.1.) Instagram-seuraajilleen mahdollisuuden kysy\u00e4 kysymyksi\u00e4. Er\u00e4s kysyj\u00e4 tiedusteli, ett\u00e4 aikooko Auri todellakin lopettaa somettamisen. Siivouskuningatar\u00a0vastaa my\u00f6nt\u00e4v\u00e4sti ja kertoo lopettaneensa jo englanninkieliset kanavansa.<\/p>\n<p>        <a itemprop=\"url\" href=\"https:\/\/www.seiska.fi\/kotimaa\/auri-kananen-paljasti-lapsensa-nimen-valtava-kommenttivyory\/2036872\" rel=\"nofollow noopener\" target=\"_blank\"><\/p>\n<p>\nAuri Kananen\n<\/p>\n<p class=\"section-date\">\n        <strong class=\"article-section\" data-section=\"kotimaa\"><br \/>\n            kotimaa<br \/>\n        <\/strong><br \/>\n        3.1. 17:57\n    <\/p>\n<p>Auri Kananen paljasti lapsensa nimen \u2013 valtava kommenttivy\u00f6ry!\n    <\/p>\n<p itemprop=\"description\" class=\"subtitle \">\n    Aurin lapsen nimi her\u00e4tti mielipiteit\u00e4.\n<\/p>\n<p>        <\/a><\/p>\n<p class=\"article-content article-content-width !bg-background\">\u2013 Jatkan suomisomea niin kauan kuin huvittaa. Mut sit jossain kohtaa aion poistua heissulivei!<\/p>\n<p class=\"article-content article-content-width !bg-background\">Aurilta kysyttiin, ett\u00e4 tienaako h\u00e4n somellaan hyvin.<\/p>\n<p class=\"article-content article-content-width !bg-background\">\u2013 Ainakin Suomen parhaiten! Auri vastaa ja kertoo saavansa edelleen tuloja esimerkiksi YouTubesta.<\/p>\n<p class=\"article-content article-content-width !bg-background\">\u2013 Tarviiko sun ikin\u00e4 en\u00e4\u00e4 tehd\u00e4 t\u00f6it\u00e4? Kyselee er\u00e4s.<\/p>\n<p>                <img decoding=\"async\" src=\"https:\/\/www.europesays.com\/fi\/wp-content\/uploads\/2026\/01\/2003200.webp.jpeg\" width=\"576\" height=\"322\" alt=\"Auri ja Sami vuonna 2022 Creator Awardseissa.\" loading=\"lazy\" \/>            <\/p>\n<p>\n            Auri ja Sami vuonna 2022 Creator Awardseissa.<br \/>\n            ATTE KAJOVA\n        <\/p>\n<p>        <a itemprop=\"url\" href=\"https:\/\/www.seiska.fi\/kotimaa\/auri-kananen-pysayttava-uutinen\/2039868\" rel=\"nofollow noopener\" target=\"_blank\"><\/p>\n<p>\nAuri Kananen\n<\/p>\n<p class=\"section-date\">\n        <strong class=\"article-section\" data-section=\"kotimaa\"><br \/>\n            kotimaa<br \/>\n        <\/strong><br \/>\n        8.1. 08:54\n    <\/p>\n<p>Auri Kananen: Pys\u00e4ytt\u00e4v\u00e4 uutinen\n    <\/p>\n<p itemprop=\"description\" class=\"subtitle \">\n    Siivouskuningattarella on l\u00e4hes 30 miljoonaa seuraajaa eri somealustoilla.\n<\/p>\n<p>        <\/a><\/p>\n<p class=\"article-content article-content-width !bg-background\">\u2013 Ei tarvis, mut en m\u00e4 ainakaan halua olla tekem\u00e4tt\u00e4 t\u00f6it\u00e4.<\/p>\n<p>Yhteen ohjelmaan Auri suostuisi<\/p>\n<p class=\"article-content article-content-width !bg-background\">Er\u00e4s someseuraaja kysyy Aurilta, l\u00e4htisik\u00f6 h\u00e4n mukaan johonkin realityohjelmaan, jos h\u00e4nt\u00e4 pyydett\u00e4isiin.<\/p>\n<p class=\"article-content article-content-width !bg-background\">\u2013 Ei varmaan oo mit\u00e4\u00e4n TV ohjelmaa mihin mua ei ois jo pyydetty, Auri paljastaa.\u00a0<\/p>\n<p>        <a itemprop=\"url\" href=\"https:\/\/www.seiska.fi\/kotimaa\/vauvabuumi-nama-julkimot-saivat-perheenlisaysta-2025\/1975997\" rel=\"nofollow noopener\" target=\"_blank\"><\/p>\n<p>\nVuosi 2025\n<\/p>\n<p class=\"section-date\">\n        <strong class=\"article-section\" data-section=\"kotimaa\"><br \/>\n            kotimaa<br \/>\n        <\/strong><br \/>\n        31.12.2025 18:00\n    <\/p>\n<p>Vauvabuumi! N\u00e4m\u00e4 julkimot saivat perheenlis\u00e4yst\u00e4 2025\n    <\/p>\n<p itemprop=\"description\" class=\"subtitle \">\n    Lukuisat suomalaisjulkkikset ovat lis\u00e4\u00e4ntyneet t\u00e4n\u00e4kin vuonna.\n<\/p>\n<p>        <\/a><\/p>\n<p class=\"article-content article-content-width !bg-background\">\u2013 Selviytyjien puskiin en oo menossa kyykkiin. Mut itseasiassa Leijonanluolaan on pyydetty ja mahdollisesti siihen voisin menn\u00e4 yhteen jaksoon! Muuten ei kiinnosta mitk\u00e4\u00e4n realityt tai kisat.<\/p>\n<p class=\"article-content article-content-width !bg-background\">Siivousguru kertoo, ett\u00e4 useimmin kysytty kysymys h\u00e4nelle on, haluaako h\u00e4n toisen lapsen.\u00a0Auri listaa l\u00e4pi toiseen lapseen liittyvi\u00e4 kielteisi\u00e4 puolia.<\/p>\n<p class=\"article-content article-content-width !bg-background\">\u2013 Samikin on ihana mut en ikin\u00e4 haluis kahta kumppaniakaan, Auri kirjoittaa nauravan emojin kera.<\/p>\n<p>&#8221;En tied\u00e4 saisko&#8230;&#8221;<\/p>\n<p class=\"article-content article-content-width !bg-background\">Auri kertoo haluavansa olla lapsen kanssa kotona kolme vuotta. Kahden lapsen kanssa se tarkoittaisi pitk\u00e4\u00e4 kotonaoloa, eik\u00e4 h\u00e4n tied\u00e4, jaksaisiko sit\u00e4.<\/p>\n<p class=\"article-content article-content-width !bg-background\">\u2013 Raskaus oli aivan perseest\u00e4. En halua siihen alkuun takas, Auri toteaa.<\/p>\n<p>        <a itemprop=\"url\" href=\"https:\/\/www.seiska.fi\/kotimaa\/auri-kanaselta-koskettava-paivitys\/2033680\" rel=\"nofollow noopener\" target=\"_blank\"><\/p>\n<p>\nAuri Kananen\n<\/p>\n<p class=\"section-date\">\n        <strong class=\"article-section\" data-section=\"kotimaa\"><br \/>\n            kotimaa<br \/>\n        <\/strong><br \/>\n        31.12.2025 09:30\n    <\/p>\n<p>Auri Kanaselta koskettava p\u00e4ivitys\n    <\/p>\n<p itemprop=\"description\" class=\"subtitle \">\n    Auri Kananen vet\u00e4ytyy somevaikuttajana. Nyt on uuden aika.\n<\/p>\n<p>        <\/a><\/p>\n<p class=\"article-content article-content-width !bg-background\">Aurilta udellaan, ett\u00e4 sattuiko synnytys.<\/p>\n<p class=\"article-content article-content-width !bg-background\">\u2013 SATTU!!! Mutta ihanalla tavalla, Auri vastaa ja kertoo, ett\u00e4 h\u00e4n on palautunut synnytyksest\u00e4 mielest\u00e4\u00e4n hyvin.<\/p>\n<p class=\"article-content article-content-width !bg-background\">\u2013 Oon pystyny jo juokseen vaik en tied\u00e4 saisko ees. En huomaa mit\u00e4\u00e4n eroo entiseen. Auri tunnustaa.<\/p>\n","protected":false},"excerpt":{"rendered":"20240914 J\u00c4RVENP\u00c4\u00c4. Miss Suomi 2024 -finaali. Auri Kananen. KUVA: ATTE KAJOVA ATTE KAJOVA Hiljattain \u00e4idiksi tullut Auri kertoo&hellip;\n","protected":false},"author":2,"featured_media":141943,"comment_status":"","ping_status":"","sticky":false,"template":"","format":"standard","meta":{"footnotes":""},"categories":[136],"tags":[2444,407,137,24427,33,31,30,408,24425,2385,9970,24426,32,1214,109,920],"class_list":{"0":"post-141942","1":"post","2":"type-post","3":"status-publish","4":"format-standard","5":"has-post-thumbnail","7":"category-julkkikset","8":"tag-auri-kananen","9":"tag-celebrities","10":"tag-entertainment","11":"tag-faceb","12":"tag-fi","13":"tag-finland","14":"tag-finnish","15":"tag-julkkikset","16":"tag-leijonanluola","17":"tag-reality","18":"tag-sami-salminen","19":"tag-siivousura","20":"tag-suomi","21":"tag-tosi-tv","22":"tag-viihde","23":"tag-youtube"},"share_on_mastodon":{"url":"https:\/\/pubeurope.com\/@fi\/115892748471252083","error":""},"_links":{"self":[{"href":"https:\/\/www.europesays.com\/fi\/wp-json\/wp\/v2\/posts\/141942","targetHints":{"allow":["GET"]}}],"collection":[{"href":"https:\/\/www.europesays.com\/fi\/wp-json\/wp\/v2\/posts"}],"about":[{"href":"https:\/\/www.europesays.com\/fi\/wp-json\/wp\/v2\/types\/post"}],"author":[{"embeddable":true,"href":"https:\/\/www.europesays.com\/fi\/wp-json\/wp\/v2\/users\/2"}],"replies":[{"embeddable":true,"href":"https:\/\/www.europesays.com\/fi\/wp-json\/wp\/v2\/comments?post=141942"}],"version-history":[{"count":0,"href":"https:\/\/www.europesays.com\/fi\/wp-json\/wp\/v2\/posts\/141942\/revisions"}],"wp:featuredmedia":[{"embeddable":true,"href":"https:\/\/www.europesays.com\/fi\/wp-json\/wp\/v2\/media\/141943"}],"wp:attachment":[{"href":"https:\/\/www.europesays.com\/fi\/wp-json\/wp\/v2\/media?parent=141942"}],"wp:term":[{"taxonomy":"category","embeddable":true,"href":"https:\/\/www.europesays.com\/fi\/wp-json\/wp\/v2\/categories?post=141942"},{"taxonomy":"post_tag","embeddable":true,"href":"https:\/\/www.europesays.com\/fi\/wp-json\/wp\/v2\/tags?post=141942"}],"curies":[{"name":"wp","href":"https:\/\/api.w.org\/{rel}","templated":true}]}}