{"id":141946,"date":"2026-01-14T09:32:07","date_gmt":"2026-01-14T09:32:07","guid":{"rendered":"https:\/\/www.europesays.com\/fi\/141946\/"},"modified":"2026-01-14T09:32:07","modified_gmt":"2026-01-14T09:32:07","slug":"dave-mustaine-kertoo-miten-han-paatyi-metallicaan","status":"publish","type":"post","link":"https:\/\/www.europesays.com\/fi\/141946\/","title":{"rendered":"Dave Mustaine kertoo, miten h\u00e4n p\u00e4\u00e4tyi Metallicaan"},"content":{"rendered":"<p>Thrash metal -legenda <strong><a href=\"https:\/\/kaaoszine.fi\/aiheet\/megadeth\/\" rel=\"nofollow noopener\" target=\"_blank\">Megadethin <\/a><\/strong>keulahahmo Dave Mustaine palasi hiljattain uransa alkuvaiheisiin <a href=\"https:\/\/www.premierguitar.com\/features\/artist-features\/dave-mustaine-megadeths-last-album\" rel=\"nofollow noopener\" target=\"_blank\">Premier Guitar <\/a>-lehden haastattelussa. Keskustelu py\u00f6ri p\u00e4\u00e4osin kitaransoiton ymp\u00e4rill\u00e4, mutta sivussa Mustaine kertoi my\u00f6s tarinan siit\u00e4, miten h\u00e4n sai paikan <strong>Metallicassa<\/strong> vuonna 1982. Mustaine erotettiin vuotta my\u00f6hemmin, mutta h\u00e4n ehti j\u00e4tt\u00e4\u00e4 j\u00e4lkens\u00e4 yhtyeeseen ja kommentoi b\u00e4ndin tekemisi\u00e4 ahkerasti edelleen.<\/p>\n<p>Mustainen mukaan kaikki alkoi yksinkertaisesta ilmoituksesta, jossa Metallica haki soolokitaristia. Koesoitto j\u00e4rjestettiin Kalifornian Norwalkissa, ja paikalla olivat ainakin James Hetfield sek\u00e4 silloisen kokoonpanon basisti Ron McGovney.<\/p>\n<blockquote class=\"wp-block-quote is-layout-flow wp-block-quote-is-layout-flow\">\n<p>\u201dMenin sinne, eik\u00e4 minulla ollut viel\u00e4 mit\u00e4\u00e4n Marshallin vahvistimia, koska aloin vasta olla kitaransoiton suhteen tosissani. Sen sijaan minulla oli Rissonin vahvistimet. Ne olivat ruskeat, joten erotuin joukosta v\u00e4litt\u00f6m\u00e4sti. Pistin sitten kitarani kiinni ja aloin l\u00e4mmitell\u00e4.\u201d<\/p>\n<p>Artikkeli jatkuu mainoksen j\u00e4lkeen<br \/>\nMainos p\u00e4\u00e4ttyy<\/p>\n<\/blockquote>\n<p>Mustaine kertoo tilanteen edenneen varsin yll\u00e4tt\u00e4v\u00e4ll\u00e4 tavalla:<\/p>\n<blockquote class=\"wp-block-quote is-layout-flow wp-block-quote-is-layout-flow\">\n<p>\u201dL\u00e4mmittelin aikani, ja lopulta aloin ihmetell\u00e4, miss\u00e4 helvetiss\u00e4 kaikki oikein olivat. Laitoin kitarani sivuun ja vahvistimeni pois p\u00e4\u00e4lt\u00e4, ja menin sitten etsim\u00e4\u00e4n heit\u00e4. Kysyin, milloin koesoittoni oikein alkaa. He vastasivat vain, ett\u00e4 sait jo paikan. Sain siis sen homman ihan vain l\u00e4mmittelyni perusteella.\u201d\n<\/p>\n<\/blockquote>\n<p>Megadeth julkaisee viimeisen albuminsa 23. tammikuuta ja suuntaa sen j\u00e4lkeen j\u00e4\u00e4hyv\u00e4iskiertueelle.<\/p>\n<p>Artikkeli jatkuu mainoksen j\u00e4lkeenMainos p\u00e4\u00e4ttyy<\/p>\n","protected":false},"excerpt":{"rendered":"Thrash metal -legenda Megadethin keulahahmo Dave Mustaine palasi hiljattain uransa alkuvaiheisiin Premier Guitar -lehden haastattelussa. Keskustelu py\u00f6ri p\u00e4\u00e4osin&hellip;\n","protected":false},"author":2,"featured_media":141947,"comment_status":"","ping_status":"","sticky":false,"template":"","format":"standard","meta":{"footnotes":""},"categories":[132],"tags":[3549,137,33,31,30,3548,195,47,32,109],"class_list":{"0":"post-141946","1":"post","2":"type-post","3":"status-publish","4":"format-standard","5":"has-post-thumbnail","7":"category-musiikki","8":"tag-dave-mustaine","9":"tag-entertainment","10":"tag-fi","11":"tag-finland","12":"tag-finnish","13":"tag-megadeth","14":"tag-music","15":"tag-musiikki","16":"tag-suomi","17":"tag-viihde"},"share_on_mastodon":{"url":"https:\/\/pubeurope.com\/@fi\/115892764318894643","error":""},"_links":{"self":[{"href":"https:\/\/www.europesays.com\/fi\/wp-json\/wp\/v2\/posts\/141946","targetHints":{"allow":["GET"]}}],"collection":[{"href":"https:\/\/www.europesays.com\/fi\/wp-json\/wp\/v2\/posts"}],"about":[{"href":"https:\/\/www.europesays.com\/fi\/wp-json\/wp\/v2\/types\/post"}],"author":[{"embeddable":true,"href":"https:\/\/www.europesays.com\/fi\/wp-json\/wp\/v2\/users\/2"}],"replies":[{"embeddable":true,"href":"https:\/\/www.europesays.com\/fi\/wp-json\/wp\/v2\/comments?post=141946"}],"version-history":[{"count":0,"href":"https:\/\/www.europesays.com\/fi\/wp-json\/wp\/v2\/posts\/141946\/revisions"}],"wp:featuredmedia":[{"embeddable":true,"href":"https:\/\/www.europesays.com\/fi\/wp-json\/wp\/v2\/media\/141947"}],"wp:attachment":[{"href":"https:\/\/www.europesays.com\/fi\/wp-json\/wp\/v2\/media?parent=141946"}],"wp:term":[{"taxonomy":"category","embeddable":true,"href":"https:\/\/www.europesays.com\/fi\/wp-json\/wp\/v2\/categories?post=141946"},{"taxonomy":"post_tag","embeddable":true,"href":"https:\/\/www.europesays.com\/fi\/wp-json\/wp\/v2\/tags?post=141946"}],"curies":[{"name":"wp","href":"https:\/\/api.w.org\/{rel}","templated":true}]}}