{"id":141948,"date":"2026-01-14T09:33:06","date_gmt":"2026-01-14T09:33:06","guid":{"rendered":"https:\/\/www.europesays.com\/fi\/141948\/"},"modified":"2026-01-14T09:33:06","modified_gmt":"2026-01-14T09:33:06","slug":"kalevala-kullervon-tarina-on-pelattya-parempi-eeppinen-tragediaelokuva","status":"publish","type":"post","link":"https:\/\/www.europesays.com\/fi\/141948\/","title":{"rendered":"Kalevala: Kullervon tarina on pel\u00e4tty\u00e4 parempi eeppinen tragediaelokuva"},"content":{"rendered":"<p>\n            Kalevala: Kullervon tarina. Elias Salonen\/Kullervo. Marek Sabogal\/Reel Media<br \/>\n            Marek Sabogal\n        <\/p>\n<p class=\"subtitle \">Antti J. Jokisen pitk\u00e4\u00e4n odotettu ja pel\u00e4tty Kalevala: Kullervon tarina saa ensi-iltansa elokuvateattereissa perjantaina 16.1.<\/p>\n<p class=\"article-content article-content-width !bg-background\"> pitk\u00e4\u00e4n tekeill\u00e4 olleeseen ja suomalaisittain suurella rahalla tehtyyn Kalevala: Kullervon tarina -elokuvaan on kohdistunut sek\u00e4 suuria odotuksia ett\u00e4 tiettyj\u00e4 pelkoja. Odotusarvot p\u00e4\u00e4st\u00e4\u00e4n lopulta mittaamaan j\u00e4rk\u00e4lem\u00e4isen mittaisen lopputuotteen muodossa.<\/p>\n<p class=\"font-weight-bold m-font-weight-bold italic m-italic article-content article-content-width !bg-background\">Video: Elias Salonen kertoo Kalevala: Kullervon tarina -elokuvan tekemisest\u00e4<\/p>\n<p>Kalevala: Kullervon tarinaSeikkailu****<\/p>\n<p class=\"article-content article-content-width !bg-background\">Kalevalan tekstej\u00e4 on yleisesti pidetty vaikeina elokuva- tai televisiosovitusten pohjamateriaaliksi. Esimerkiksi kalevalaisia aineksia hy\u00f6dynt\u00e4nyt ja nelj\u00e4\u00e4n osaan jaettu  ja  televisioelokuva Rauta-aika\u00a0(1982) oli mielenkiintoinen, menestynyt ja palkittukin, muttei silti varsinainen taiteellinen riemuvoitto.<\/p>\n<p>        <a itemprop=\"url\" href=\"https:\/\/www.seiska.fi\/katso\/talta-nayttaa-antti-j-jokisen-kullervo-elokuva\/1970085\" rel=\"nofollow noopener\" target=\"_blank\"><\/p>\n<p>\nTraileri julki\n<\/p>\n<p class=\"section-date\">\n        <strong class=\"article-section\" data-section=\"katso\"><br \/>\n            katso<br \/>\n        <\/strong><br \/>\n        22.10.2025 17:45\n    <\/p>\n<p>T\u00e4lt\u00e4 n\u00e4ytt\u00e4\u00e4 Antti J. Jokisen Kullervo-elokuva\n    <\/p>\n<p itemprop=\"description\" class=\"subtitle \">\n    Elias Salosen t\u00e4hditt\u00e4m\u00e4 elokuva saa ensi-iltansa 16. tammikuuta 2026. Muissa keskeisiss\u00e4 rooleissa ovat Eero, Aho, Krista Kosonen, ja Ilkka Koivula.\n<\/p>\n<p>        <\/a><\/p>\n<p class=\"article-content article-content-width !bg-background\">Mielenkiintoisella tavalla Rauta-aikaan suunniteltu Kullervon tarinan osuus j\u00e4i kuvaamatta n\u00e4yttelij\u00e4lakon vuoksi. Ep\u00e4kohta korjataan Jokisen ohjausty\u00f6ss\u00e4 moninkertaisesti.<\/p>\n<p>Taiteelliset vapaudet<\/p>\n<p class=\"article-content article-content-width !bg-background\">Kalevalan traagisimman hahmon Kullervon vaiheet vied\u00e4\u00e4n nyt tarkkaan ajalliseen viitekehykseen, 1100-luvun Karjalaan. Ajat ovat kovat, luonto n\u00e4ytt\u00e4\u00e4 kyntens\u00e4 ja ven\u00e4l\u00e4iset uhkaavat.<\/p>\n<p class=\"article-content article-content-width !bg-background\">Verisen veljesvihan seurauksena Untamon () kasvattipojaksi p\u00e4\u00e4tynyt Kullervo () yritt\u00e4\u00e4 kaikkensa saadakseen ymp\u00e4rist\u00f6ns\u00e4 arvostuksen, mutta luonnonvoiman tavoin vy\u00f6ryv\u00e4t tapahtumat viev\u00e4t h\u00e4net yh\u00e4 hirve\u00e4mpiin ongelmiin.<\/p>\n<p>        <a itemprop=\"url\" href=\"https:\/\/www.seiska.fi\/katso\/elias-salonen-koki-hurjan-muodonmuutoksen-tunnistaisitko\/1836245\" rel=\"nofollow noopener\" target=\"_blank\"><\/p>\n<p>\nHurja muodonmuutos\n<\/p>\n<p class=\"section-date\">\n        <strong class=\"article-section\" data-section=\"katso\"><br \/>\n            katso<br \/>\n        <\/strong><br \/>\n        13.6.2025 11:19\n    <\/p>\n<p>Elias Salonen koki hurjan muodonmuutoksen \u2013 tunnistaisitko?\n    <\/p>\n<p itemprop=\"description\" class=\"subtitle \">\n    Elias Salonen on uppoutunut t\u00e4ysill\u00e4 uuteen rooliinsa.\n<\/p>\n<p>        <\/a><\/p>\n<p class=\"article-content article-content-width !bg-background\">Kansalliseepoksen merkitt\u00e4v\u00e4t tarinalliset ja erityisesti tunteelliset elementit on puettu komeaan elokuvalliseen muotoon, mutta tiettyj\u00e4 taiteellisiakin vapauksia on otettu. Elokuvassa ei esimerkiksi n\u00e4hd\u00e4 muhkeapartaista V\u00e4in\u00e4m\u00f6ist\u00e4, vaan shamanistinen, kasvomaalauksissa viihtyv\u00e4 W\u00e4in\u00f6 ().<\/p>\n<p>Liioiteltu soturiteema<\/p>\n<p class=\"article-content article-content-width !bg-background\">Ennakkopelkona on voinut olla vaikkapa se, ett\u00e4 kalevalaisista aineksista tehd\u00e4\u00e4n jotain k\u00f6yh\u00e4n miehen Taru sormusten herra -filmatisointia. Onneksi ei!<\/p>\n<p class=\"article-content article-content-width !bg-background\">Kalevala: Kullervon tarina on tiukasti suomalaisiin olosuhteisiin juurtuvaa seikkailudraamaa, jossa ei ole kiillotetun fantasian hivent\u00e4k\u00e4\u00e4n. Soturitematiikka on ehk\u00e4 yleisen kiinnostavuuden nimiss\u00e4 liioiteltua ja kulissit tyyliteltyj\u00e4, mutta elokuvassa on l\u00e4sn\u00e4 vankka eletyn el\u00e4m\u00e4n tunne.<\/p>\n<p>Musiikki t\u00e4ydent\u00e4\u00e4 kokonaisuuden<\/p>\n<p class=\"article-content article-content-width !bg-background\">Taisteluissa ei n\u00e4hd\u00e4 hollywoodilaisia hidastuksia, vaan is\u00e4t ja pojat, veljekset ja kyl\u00e4toverit k\u00e4yv\u00e4t toistensa kimppuun tavalla, jossa katsoja tuntee olevansa vieress\u00e4 seuraamassa ep\u00e4toivoista ja v\u00e4lill\u00e4 v\u00e4h\u00e4n k\u00f6mpel\u00f6\u00e4kin \u00e4hellyst\u00e4. Iso budjetti ei ole mennyt niink\u00e4\u00e4n erikoistehosteisiin kuin mets\u00e4isen tunnelman komeaan mahdollistamiseen.<\/p>\n<p>        <a itemprop=\"url\" href=\"https:\/\/www.seiska.fi\/katso\/elias-saloselta-ikava-paljastus\/1627219\" rel=\"nofollow noopener\" target=\"_blank\"><\/p>\n<p>\nElias Salonen\n<\/p>\n<p class=\"section-date\">\n        <strong class=\"article-section\" data-section=\"katso\"><br \/>\n            katso<br \/>\n        <\/strong><br \/>\n        28.2.2025 13:15\n    <\/p>\n<p>Elias Saloselta ik\u00e4v\u00e4 paljastus\n    <\/p>\n<p itemprop=\"description\" class=\"subtitle \">\n    N\u00e4yttelij\u00e4n valtavalla suosiolla on ollut varjopuolensa.\n<\/p>\n<p>        <\/a><\/p>\n<p class=\"article-content article-content-width !bg-background\">Kyseist\u00e4 kauniin karua tunnelmaa tehostavat  komeat s\u00e4vellykset. Porra alkaa olla jo todellinen maailmanluokan elokuvas\u00e4velt\u00e4j\u00e4 ja h\u00e4n tekee nyt yht\u00e4 hienoa j\u00e4lke\u00e4 kuin parin vuoden takaisessa Myrskyluodon Maijassa\u00a0(2024).<\/p>\n<p class=\"article-content article-content-width !bg-background\">Hevimiehen syd\u00e4nt\u00e4 l\u00e4mmitt\u00e4\u00e4 sekin, ett\u00e4 kalevalaisen raskaan rockin pioneeriyhtyeen Amorphiksen kappale on ymm\u00e4rretty ottaa mukaan lopputeksteihin. Se alleviivaa sit\u00e4 n\u00e4kemyksellisyytt\u00e4 ja kokonaisvaltaisuutta, jolla Kalevala: Kullervon tarina on toteutettu.<\/p>\n<p class=\"article-content article-content-width !bg-background\"> (Suomi 2025). 143 min. <\/p>\n<p class=\"italic m-italic article-content article-content-width !bg-background\">Kullervon tarina saa ensi-iltansa elokuvateattereissa perjantaina 16.1.<\/p>\n<p itemprop=\"caption\" class=\"caption\">Kalevala: Kullervon tarina<\/p>\n","protected":false},"excerpt":{"rendered":"Kalevala: Kullervon tarina. Elias Salonen\/Kullervo. Marek Sabogal\/Reel Media Marek Sabogal Antti J. Jokisen pitk\u00e4\u00e4n odotettu ja pel\u00e4tty Kalevala:&hellip;\n","protected":false},"author":2,"featured_media":141949,"comment_status":"","ping_status":"","sticky":false,"template":"","format":"standard","meta":{"footnotes":""},"categories":[131],"tags":[11597,15322,11598,1045,5627,24429,155,1419,137,33,173,31,30,10577,11599,7387,24428,172,47,24430,32,109],"class_list":{"0":"post-141948","1":"post","2":"type-post","3":"status-publish","4":"format-standard","5":"has-post-thumbnail","7":"category-elokuvat","8":"tag-antti-j-jokinen","9":"tag-eero-aho","10":"tag-elias-salonen","11":"tag-elokuva-arvio","12":"tag-elokuva-arvostelu","13":"tag-elokuvamusiikki","14":"tag-elokuvat","15":"tag-ensi-ilta","16":"tag-entertainment","17":"tag-fi","18":"tag-film","19":"tag-finland","20":"tag-finnish","21":"tag-kalevala","22":"tag-kalevala-kullervon-tarina","23":"tag-krista-kosonen","24":"tag-lauri-porra","25":"tag-movies","26":"tag-musiikki","27":"tag-suomalainen-elokuva","28":"tag-suomi","29":"tag-viihde"},"share_on_mastodon":{"url":"https:\/\/pubeurope.com\/@fi\/115892768094668861","error":""},"_links":{"self":[{"href":"https:\/\/www.europesays.com\/fi\/wp-json\/wp\/v2\/posts\/141948","targetHints":{"allow":["GET"]}}],"collection":[{"href":"https:\/\/www.europesays.com\/fi\/wp-json\/wp\/v2\/posts"}],"about":[{"href":"https:\/\/www.europesays.com\/fi\/wp-json\/wp\/v2\/types\/post"}],"author":[{"embeddable":true,"href":"https:\/\/www.europesays.com\/fi\/wp-json\/wp\/v2\/users\/2"}],"replies":[{"embeddable":true,"href":"https:\/\/www.europesays.com\/fi\/wp-json\/wp\/v2\/comments?post=141948"}],"version-history":[{"count":0,"href":"https:\/\/www.europesays.com\/fi\/wp-json\/wp\/v2\/posts\/141948\/revisions"}],"wp:featuredmedia":[{"embeddable":true,"href":"https:\/\/www.europesays.com\/fi\/wp-json\/wp\/v2\/media\/141949"}],"wp:attachment":[{"href":"https:\/\/www.europesays.com\/fi\/wp-json\/wp\/v2\/media?parent=141948"}],"wp:term":[{"taxonomy":"category","embeddable":true,"href":"https:\/\/www.europesays.com\/fi\/wp-json\/wp\/v2\/categories?post=141948"},{"taxonomy":"post_tag","embeddable":true,"href":"https:\/\/www.europesays.com\/fi\/wp-json\/wp\/v2\/tags?post=141948"}],"curies":[{"name":"wp","href":"https:\/\/api.w.org\/{rel}","templated":true}]}}