{"id":141952,"date":"2026-01-14T09:36:07","date_gmt":"2026-01-14T09:36:07","guid":{"rendered":"https:\/\/www.europesays.com\/fi\/141952\/"},"modified":"2026-01-14T09:36:07","modified_gmt":"2026-01-14T09:36:07","slug":"sointu-borgin-video-rajaytti-somen-vappu-pimia-riensi-kommentoimaan-tunnistan-niin-taman","status":"publish","type":"post","link":"https:\/\/www.europesays.com\/fi\/141952\/","title":{"rendered":"Sointu Borgin video r\u00e4j\u00e4ytti somen \u2013 Vappu Pimi\u00e4 riensi kommentoimaan: \u201dTunnistan niin t\u00e4m\u00e4n\u201d"},"content":{"rendered":"<p>Sointu Borgin video on saanut kymmeni\u00e4tuhansia tykk\u00e4yksi\u00e4.<\/p>\n<p><img decoding=\"async\" class=\"image image-show image-preview\" src=\"https:\/\/www.europesays.com\/fi\/wp-content\/uploads\/2026\/01\/5850d709ed82f574928b01cf3985e6cb1c1e739583c1306bb41146b39b805fb4.jpg\" alt=\"\"\/><img decoding=\"async\" class=\"image image-show\" src=\"https:\/\/www.europesays.com\/fi\/wp-content\/uploads\/2026\/01\/1768383367_29_5850d709ed82f574928b01cf3985e6cb1c1e739583c1306bb41146b39b805fb4.jpg\" alt=\"\"\/><\/p>\n<p>Sointu Borgin somevideo on saanut valtavaa huomiota. Kaisa Vehkalahti<\/p>\n<p class=\"paragraph\"><a href=\"https:\/\/www.iltalehti.fi\/henkilot\/Sointu Borg\" class=\"article-link-person-page\" rel=\"nofollow noopener\" target=\"_blank\">Sointu Borgin<\/a> Instagram-tilill\u00e4\u00e4n jakama tunteikas video on ker\u00e4nnyt lukuisia kommentteja ja niit\u00e4 ovat kirjoittaneet my\u00f6s tunnetut henkil\u00f6t.<\/p>\n<p class=\"paragraph\">Sointu <a href=\"https:\/\/www.iltalehti.fi\/viihdeuutiset\/2647ac30-4b03-4566-993c-32843c5c2e0d\" rel=\"nofollow noopener\" target=\"_blank\">jakoi<\/a> Instagram-tililleen maanantaina p\u00e4tk\u00e4n ohjelmasta Topi ja Sointu lomalla. Ohjelman kohtauksessa Sointu kertoo itkuisena saamistaan vihakommenteista, joissa on puhuttu Soinnun tavasta puhua veljelleen <a href=\"https:\/\/www.iltalehti.fi\/henkilot\/Topi Borg\" class=\"article-link-person-page\" rel=\"nofollow noopener\" target=\"_blank\">Topi Borgille<\/a>.<\/p>\n<p class=\"paragraph\">\u2013 Se on satuttanut minua joskus, ett\u00e4 jotkut ovat sanoneet, ett\u00e4 puhun sinulle kuin lapselle, Sointu sanoi ohjelmassa ja purskahti itkuun.<\/p>\n<p class=\"paragraph\">Sointu avasi teemaa my\u00f6s Instagram-julkaisun yhteydess\u00e4 kirjoittamassaan tekstiss\u00e4.<\/p>\n<p class=\"paragraph\">\u2013 Osa kommentoijista ei ole edes ymm\u00e4rt\u00e4nyt toimivansa satuttavalla tavalla. Se sekoitti p\u00e4\u00e4ni joksikin aikaa. Romutti jopa itsetuntoni sisarena, Sointu kirjoitti.<\/p>\n<p class=\"paragraph\">Jos julkaisu ei n\u00e4y, voit katsoa sen <a href=\"https:\/\/www.instagram.com\/p\/DTassDkiCDB\/\" rel=\"noopener nofollow\" target=\"_blank\">t\u00e4st\u00e4 linkist\u00e4<\/a>.<\/p>\n<p class=\"paragraph\">Julkaisu on saanut valtavasti reaktioita sosiaalisessa mediassa. Tykk\u00e4yksi\u00e4 Soinnun Instagram-julkaisulla on t\u00e4ll\u00e4 hetkell\u00e4 yli 43 tuhatta.<\/p>\n<p class=\"paragraph\">Julkaisua ovat kommentoineet my\u00f6s monet tunnetut henkil\u00f6t.<\/p>\n<p class=\"paragraph\">\u2013 Mahtava! Ja tunnistan niin t\u00e4m\u00e4n, sill\u00e4 saan s\u00e4\u00e4nn\u00f6llisesti viesti\u00e4, ett\u00e4 kohtelen aviomiest\u00e4ni huonosti, kun h\u00e4n ei puhu somessa mit\u00e4\u00e4n. N\u00e4ille \u201dit\u00e4maan tiet\u00e4jille\u201d ei tule mieleen, ett\u00e4 se on kenties h\u00e4nen oma valinta ja ihmisten huumorintajuissa ja huumorissa on eroja, juontaja <a href=\"https:\/\/www.iltalehti.fi\/henkilot\/Vappu Pimi\u00e4\" class=\"article-link-person-page\" rel=\"nofollow noopener\" target=\"_blank\">Vappu Pimi\u00e4<\/a> kommentoi.<\/p>\n<p class=\"paragraph\">\u2013 Kiitos kun jaoit t\u00e4m\u00e4n, ja kiitos kun te rohkeudellanne valistatte ja murratte niin ennakkoluuloja kuin henkisi\u00e4 muureja, n\u00e4yttelij\u00e4 ja juontaja <a href=\"https:\/\/www.iltalehti.fi\/henkilot\/Christoffer Strandberg\" class=\"article-link-person-page\" rel=\"nofollow noopener\" target=\"_blank\">Christoffer Strandberg<\/a> kommentoi.<\/p>\n<p class=\"paragraph\">\u2013 Kiitos kun julkaisit, kommentoi sosiaalisen median vaikuttaja <a href=\"https:\/\/www.iltalehti.fi\/henkilot\/Sita Salminen\" class=\"article-link-person-page\" rel=\"nofollow noopener\" target=\"_blank\">Sita Salminen<\/a>.<\/p>\n<p class=\"paragraph\">\u2013 Kukaan ulkopuolinen ei voi ymm\u00e4rt\u00e4\u00e4 teid\u00e4n v\u00e4list\u00e4 dynamiikkaa ja kommunikointitapaa paremmin, kuin te. Ihanat, kun pid\u00e4tte aina toistenne puolia, sosiaalisen median vaikuttaja <strong>Mikael Renwall<\/strong> kommentoi.<\/p>\n<p class=\"paragraph\">\u2013 Todella hyv\u00e4 kun jaoit, kansanedustaja <a href=\"https:\/\/www.iltalehti.fi\/henkilot\/Fatim Diarra\" class=\"article-link-person-page\" rel=\"nofollow noopener\" target=\"_blank\">Fatim Diarra<\/a> kirjoittaa.<\/p>\n<p><script async src=\"\/\/www.instagram.com\/embed.js\"><\/script><\/p>\n","protected":false},"excerpt":{"rendered":"Sointu Borgin video on saanut kymmeni\u00e4tuhansia tykk\u00e4yksi\u00e4. Sointu Borgin somevideo on saanut valtavaa huomiota. Kaisa Vehkalahti Sointu Borgin&hellip;\n","protected":false},"author":2,"featured_media":141953,"comment_status":"","ping_status":"","sticky":false,"template":"","format":"standard","meta":{"footnotes":""},"categories":[130],"tags":[35,137,33,31,30,979,2139,1999,32,140,139,109],"class_list":{"0":"post-141952","1":"post","2":"type-post","3":"status-publish","4":"format-standard","5":"has-post-thumbnail","7":"category-viihde","8":"tag-24h","9":"tag-entertainment","10":"tag-fi","11":"tag-finland","12":"tag-finnish","13":"tag-sahkoinen-media","14":"tag-suomalaiset-televisiojuontajat","15":"tag-suomalaiset-tv-ohjelmat","16":"tag-suomi","17":"tag-tv-ja-elokuvat","18":"tag-tv-ohjelmat","19":"tag-viihde"},"share_on_mastodon":{"url":"https:\/\/pubeurope.com\/@fi\/115892779937480513","error":""},"_links":{"self":[{"href":"https:\/\/www.europesays.com\/fi\/wp-json\/wp\/v2\/posts\/141952","targetHints":{"allow":["GET"]}}],"collection":[{"href":"https:\/\/www.europesays.com\/fi\/wp-json\/wp\/v2\/posts"}],"about":[{"href":"https:\/\/www.europesays.com\/fi\/wp-json\/wp\/v2\/types\/post"}],"author":[{"embeddable":true,"href":"https:\/\/www.europesays.com\/fi\/wp-json\/wp\/v2\/users\/2"}],"replies":[{"embeddable":true,"href":"https:\/\/www.europesays.com\/fi\/wp-json\/wp\/v2\/comments?post=141952"}],"version-history":[{"count":0,"href":"https:\/\/www.europesays.com\/fi\/wp-json\/wp\/v2\/posts\/141952\/revisions"}],"wp:featuredmedia":[{"embeddable":true,"href":"https:\/\/www.europesays.com\/fi\/wp-json\/wp\/v2\/media\/141953"}],"wp:attachment":[{"href":"https:\/\/www.europesays.com\/fi\/wp-json\/wp\/v2\/media?parent=141952"}],"wp:term":[{"taxonomy":"category","embeddable":true,"href":"https:\/\/www.europesays.com\/fi\/wp-json\/wp\/v2\/categories?post=141952"},{"taxonomy":"post_tag","embeddable":true,"href":"https:\/\/www.europesays.com\/fi\/wp-json\/wp\/v2\/tags?post=141952"}],"curies":[{"name":"wp","href":"https:\/\/api.w.org\/{rel}","templated":true}]}}