{"id":141956,"date":"2026-01-14T09:40:07","date_gmt":"2026-01-14T09:40:07","guid":{"rendered":"https:\/\/www.europesays.com\/fi\/141956\/"},"modified":"2026-01-14T09:40:07","modified_gmt":"2026-01-14T09:40:07","slug":"politico-eu-harkitsee-erityislahettilasta-ukraina-neuvotteluihin-stubbin-nimi-esilla-uutisia-lyhyesti","status":"publish","type":"post","link":"https:\/\/www.europesays.com\/fi\/141956\/","title":{"rendered":"Politico: EU harkitsee erityisl\u00e4hettil\u00e4st\u00e4 Ukraina-neuvotteluihin \u2013 Stubbin nimi esill\u00e4 | Uutisia lyhyesti"},"content":{"rendered":"<p class=\"aw-1gybjub aw-5vja16 kEtdKx kmuxyA yle__article__paragraph\">Euroopan unioni haluaa oman neuvottelijansa rauhanp\u00f6ytiin Yhdysvaltojen ja Ven\u00e4j\u00e4n rinnalle. Stubb on noussut toistuvasti ehdokkaaksi t\u00e4h\u00e4n rooliin.<\/p>\n<p><img decoding=\"async\" alt=\"Tasavallan presidentti Alexander Stubb.\" src=\"https:\/\/www.europesays.com\/fi\/wp-content\/uploads\/2026\/01\/1768383607_701_39-1575966695509dbe2915.jpeg\" class=\"aw-1l9m598 hKVVvP\"\/><\/p>\n<p>Avaa kuvien katselu<\/p>\n<p>Tasavallan presidentti Alexander Stubb. Kuva: Roni Rekomaa \/ Lehtikuva<\/p>\n<ul class=\"aw-1jjocuh iJTSwP yle__article__list yle__article__list--ul\">\n<li class=\"aw-1j7gwms gNYKfi\">EU harkitsee erityisl\u00e4hettil\u00e4\u00e4n nimitt\u00e4mist\u00e4 Ukrainan rauhanneuvotteluihin, kertoo Politico-lehti.<\/li>\n<li class=\"aw-1j7gwms gNYKfi\">Tavoitteena on varmistaa, ettei EU j\u00e4\u00e4 sivuun, jos Yhdysvallat ja Ven\u00e4j\u00e4 sopivat rauhasta kesken\u00e4\u00e4n.<\/li>\n<li class=\"aw-1j7gwms gNYKfi\">Politicon l\u00e4hteiden mukaan Suomen presidentti Alexander Stubb on vahva ehdokas teht\u00e4v\u00e4\u00e4n.<\/li>\n<li class=\"aw-1j7gwms gNYKfi\">Erityisl\u00e4hettil\u00e4\u00e4n teht\u00e4v\u00e4\u00e4 ei ole kuitenkaan viel\u00e4 perustettu. Asiaan liittyy viel\u00e4 paljon ratkaisemattomia ep\u00e4selvyyksi\u00e4.<\/li>\n<\/ul>\n<p class=\"aw-1gybjub aw-1p7kakr kEtdKx cEmitX yle__article__paragraph\">Euroopan unionissa on k\u00e4ynniss\u00e4 keskusteluja mahdollisen erityisl\u00e4hettil\u00e4\u00e4n nimitt\u00e4misest\u00e4 Ukraina-neuvotteluihin. Nimett\u00f6m\u00e4t EU-l\u00e4hteet kertovat asiasta <a class=\"aw-iao6s4 iHOxEa yle__article__link\" href=\"https:\/\/www.politico.eu\/article\/eu-vladimir-putin-ukraine-us-deal-plan-nato-jobs\/\" role=\"link\" rel=\"nofollow noopener\" target=\"_blank\">Politicolle<\/a>.<\/p>\n<p class=\"aw-1gybjub aw-1p7kakr kEtdKx cEmitX yle__article__paragraph\">Erityisl\u00e4hettil\u00e4\u00e4n teht\u00e4v\u00e4 olisi edustaa Eurooppaa rauhanneuvottelup\u00f6ydiss\u00e4 Yhdysvaltojen ja Ven\u00e4j\u00e4n rinnalla.<\/p>\n<p class=\"aw-1gybjub aw-1p7kakr kEtdKx cEmitX yle__article__paragraph\">Taustalla ovat pelot siit\u00e4, ett\u00e4 Yhdysvallat voisi sopia Ven\u00e4j\u00e4n kanssa Ukrainan tulevaisuudesta ilman, ett\u00e4 EU:lla olisi asiassa sananvaltaa.<\/p>\n<p class=\"aw-1gybjub aw-1p7kakr kEtdKx cEmitX yle__article__paragraph\">Tarkoituksena olisi varmistaa, ett\u00e4 EU:n keskeiset tavoitteet \u2013 kuten Ukrainan mahdollinen Nato-j\u00e4senyys \u2013 pysyv\u00e4t esill\u00e4 rauhanneuvotteluissa.<\/p>\n<p class=\"aw-1gybjub aw-1p7kakr kEtdKx cEmitX yle__article__paragraph\">Suunnitelma on saanut tukea useista j\u00e4senmaista, mukaan lukien Italiasta ja Ranskasta. Italian p\u00e4\u00e4ministeri <strong class=\"aw-ak79eh KyCXm yle__article__strong\">Giorgia Meloni<\/strong> on hiljattain v\u00e4l\u00e4ytt\u00e4nyt <a class=\"aw-iao6s4 iHOxEa yle__article__link\" href=\"https:\/\/yle.fi\/a\/74-20010573\/64-3-287289?utm_medium=social&amp;utm_source=copy-link-share\" role=\"link\" rel=\"nofollow noopener\" target=\"_blank\">keskusteluyhteyden avaamista<\/a> Ven\u00e4j\u00e4n suuntaan.<\/p>\n<p class=\"aw-1gybjub aw-1p7kakr kEtdKx cEmitX yle__article__paragraph\">Politicon mukaan erityisl\u00e4hettil\u00e4\u00e4n nime\u00e4mist\u00e4 k\u00e4siteltiin jo EU:n huippukokouksessa viime maaliskuussa, mutta asiasta ei tehty p\u00e4\u00e4t\u00f6ksi\u00e4, eik\u00e4 ehdotusta sis\u00e4llytetty yhteiseen julkilausumaan.<\/p>\n<p>Stubb vahvana ehdokkaana<\/p>\n<p class=\"aw-1gybjub aw-1p7kakr kEtdKx cEmitX yle__article__paragraph\">Keskusteluissa on jo noussut esiin mahdollisia henkil\u00f6it\u00e4 erityisl\u00e4hettil\u00e4\u00e4n teht\u00e4v\u00e4\u00e4n. Suomen tasavallan presidentti <strong class=\"aw-ak79eh KyCXm yle__article__strong\">Alexander Stubb<\/strong> on mainittu useita kertoja, nelj\u00e4 EU-virkamiest\u00e4 kertoo Politicolle.<\/p>\n<p class=\"aw-1gybjub aw-1p7kakr kEtdKx cEmitX yle__article__paragraph\">Lehti mainitsee, ett\u00e4 Stubb on onnistunut luomaan hyv\u00e4t suhteet Yhdysvaltain presidentin <strong class=\"aw-ak79eh KyCXm yle__article__strong\">Donald Trumpiin<\/strong> muun muassa golfkentill\u00e4.<\/p>\n<p class=\"aw-1gybjub aw-1p7kakr kEtdKx cEmitX yle__article__paragraph\">My\u00f6s muita mahdollisia nimi\u00e4 on noussut esiin. Italian hallituksen piiriss\u00e4 on ehdotettu entist\u00e4 p\u00e4\u00e4ministeri\u00e4 <strong class=\"aw-ak79eh KyCXm yle__article__strong\">Mario Draghia<\/strong>, ja toisaalta EU:n ulkoasioiden korkea edustaja <strong class=\"aw-ak79eh KyCXm yle__article__strong\">Kaja Kallas<\/strong> on asemoinut itse\u00e4\u00e4n johdonmukaisesti ehdokkaaksi kaikkiin Ukraina-neuvotteluihin.<\/p>\n<p class=\"aw-1gybjub aw-1p7kakr kEtdKx cEmitX yle__article__paragraph\">Kaksi EU-virkamiest\u00e4 kuitenkin korostaa Politicolle, ett\u00e4 keskustelu mahdollisista ehdokkaista on viel\u00e4 ennenaikaista, eik\u00e4 erityisl\u00e4hettil\u00e4\u00e4n teht\u00e4v\u00e4\u00e4 ole virallisesti olemassa.<\/p>\n<p class=\"aw-1gybjub aw-1p7kakr kEtdKx cEmitX yle__article__paragraph\">Roolin yksityiskohdista on edelleen ep\u00e4selvyyksi\u00e4. Yksi on se, edustaisiko erityisl\u00e4hettil\u00e4s vain EU:ta vai laajempaa, Ukrainan liittolaisista koostuvaa halukkaiden koalitiota, sek\u00e4 kenelle h\u00e4n raportoisi.<\/p>\n","protected":false},"excerpt":{"rendered":"Euroopan unioni haluaa oman neuvottelijansa rauhanp\u00f6ytiin Yhdysvaltojen ja Ven\u00e4j\u00e4n rinnalle. Stubb on noussut toistuvasti ehdokkaaksi t\u00e4h\u00e4n rooliin. Avaa&hellip;\n","protected":false},"author":2,"featured_media":141957,"comment_status":"","ping_status":"","sticky":false,"template":"","format":"standard","meta":{"footnotes":""},"categories":[14],"tags":[22,23,26,27,33,31,30,17,70,24,25,28,29,15,18,21,637,32,19,20,56,16,59,60,61],"class_list":{"0":"post-141956","1":"post","2":"type-post","3":"status-publish","4":"format-standard","5":"has-post-thumbnail","7":"category-ulkomaat","8":"tag-breaking-news","9":"tag-breakingnews","10":"tag-featured-news","11":"tag-featurednews","12":"tag-fi","13":"tag-finland","14":"tag-finnish","15":"tag-headlines","16":"tag-kansainvalinen-politiikka","17":"tag-latest-news","18":"tag-latestnews","19":"tag-main-news","20":"tag-mainnews","21":"tag-news","22":"tag-otsikot","23":"tag-paauutiset","24":"tag-politiikka","25":"tag-suomi","26":"tag-top-stories","27":"tag-topstories","28":"tag-ulkomaat","29":"tag-uutiset","30":"tag-world","31":"tag-world-news","32":"tag-worldnews"},"share_on_mastodon":{"url":"https:\/\/pubeurope.com\/@fi\/115892795778822442","error":""},"_links":{"self":[{"href":"https:\/\/www.europesays.com\/fi\/wp-json\/wp\/v2\/posts\/141956","targetHints":{"allow":["GET"]}}],"collection":[{"href":"https:\/\/www.europesays.com\/fi\/wp-json\/wp\/v2\/posts"}],"about":[{"href":"https:\/\/www.europesays.com\/fi\/wp-json\/wp\/v2\/types\/post"}],"author":[{"embeddable":true,"href":"https:\/\/www.europesays.com\/fi\/wp-json\/wp\/v2\/users\/2"}],"replies":[{"embeddable":true,"href":"https:\/\/www.europesays.com\/fi\/wp-json\/wp\/v2\/comments?post=141956"}],"version-history":[{"count":0,"href":"https:\/\/www.europesays.com\/fi\/wp-json\/wp\/v2\/posts\/141956\/revisions"}],"wp:featuredmedia":[{"embeddable":true,"href":"https:\/\/www.europesays.com\/fi\/wp-json\/wp\/v2\/media\/141957"}],"wp:attachment":[{"href":"https:\/\/www.europesays.com\/fi\/wp-json\/wp\/v2\/media?parent=141956"}],"wp:term":[{"taxonomy":"category","embeddable":true,"href":"https:\/\/www.europesays.com\/fi\/wp-json\/wp\/v2\/categories?post=141956"},{"taxonomy":"post_tag","embeddable":true,"href":"https:\/\/www.europesays.com\/fi\/wp-json\/wp\/v2\/tags?post=141956"}],"curies":[{"name":"wp","href":"https:\/\/api.w.org\/{rel}","templated":true}]}}