{"id":141958,"date":"2026-01-14T09:41:06","date_gmt":"2026-01-14T09:41:06","guid":{"rendered":"https:\/\/www.europesays.com\/fi\/141958\/"},"modified":"2026-01-14T09:41:06","modified_gmt":"2026-01-14T09:41:06","slug":"muistisairaiden-oikeudet-eivat-toteudu-laakarilehti","status":"publish","type":"post","link":"https:\/\/www.europesays.com\/fi\/141958\/","title":{"rendered":"Muistisairaiden oikeudet eiv\u00e4t toteudu &#8211; L\u00e4\u00e4k\u00e4rilehti"},"content":{"rendered":"<p class=\"lead\">Esteen\u00e4 tiedonpuutteet ja ristiriitaiset k\u00e4sitykset edunvalvonnan tarpeen arvioinnissa.<\/p>\n<p>Muistisairaudet ovat yleisin syy edunvalvojan m\u00e4\u00e4r\u00e4\u00e4miselle. Yhten\u00e4isi\u00e4 kriteereit\u00e4 oikeudellisen toimintakyvyn ja edunvalvonnan tarpeen arviointiin ei kuitenkaan ole, mik\u00e4 voi johtaa ep\u00e4oikeudenmukaisiin p\u00e4\u00e4t\u00f6ksiin. <\/p>\n<p>It\u00e4-Suomen yliopistossa tehdyss\u00e4 v\u00e4it\u00f6stutkimuksessa havaittiin, ett\u00e4 eri ammattiryhmien v\u00e4liset ristiriitaiset k\u00e4sitykset ja tiedonpuutteet vaikuttavat muistisairaiden oikeuksien toteutumiseen.<\/p>\n<p>\u2013 V\u00e4est\u00f6n ik\u00e4\u00e4ntyess\u00e4 muistisairautta sairastavien m\u00e4\u00e4r\u00e4 lis\u00e4\u00e4ntyy, joten tarve luotettaville arviointik\u00e4yt\u00e4nn\u00f6ille kasvaa, v\u00e4it\u00f6skirjatutkija, varatuomari <strong>Kaisa N\u00e4kki<\/strong> sanoo <a href=\"https:\/\/www.uef.fi\/fi\/artikkeli\/otm-kaisa-nakki-vaitos-2312026-laakareiden-ja-oikeudellisten-asiantuntijoiden-ristiriitaiset\" rel=\"nofollow noopener\" target=\"_blank\">tiedotteessa<\/a>.<\/p>\n<p>Tutkimuksessa tarkasteltiin, mill\u00e4 perusteella oikeudelliset asiantuntijat ja l\u00e4\u00e4k\u00e4rit arvioivat edunvalvonnan tarvetta ja miten itsem\u00e4\u00e4r\u00e4\u00e4misoikeuden kunnioittaminen toteutuu t\u00e4ss\u00e4 prosessissa.<\/p>\n<p>N\u00e4kki haastatteli tutkimuksessaan 30 l\u00e4\u00e4k\u00e4ri\u00e4 ja 20 oikeudellista asiantuntijaa. Haastateltavien joukossa oli neurologeja, geriatreja, yleisl\u00e4\u00e4k\u00e4reit\u00e4, k\u00e4r\u00e4j\u00e4tuomareita sek\u00e4 Digi- ja v\u00e4est\u00f6tietoviraston virkamiehi\u00e4.<\/p>\n<p>Tutkimuksessa kiinnitettiin erityist\u00e4 huomiota siihen, millainen merkitys arvioinnissa annettiin muistisairauden oireille. Tulosten perusteella sek\u00e4 tiedonk\u00e4sittelyn ett\u00e4 k\u00e4ytt\u00e4ytymisen oireet voivat johtaa muistisairauksia sairastavilla edunvalvonnan tarpeeseen. Niille annettu merkitys kuitenkin vaihtelee. <\/p>\n<p>L\u00e4\u00e4k\u00e4rit korostavat k\u00e4ytt\u00e4ytymiseen liittyvi\u00e4 oireita ja toiminnanohjausta, oikeudelliset asiantuntijat muistin ja numeerisen hahmotuksen heikkenemist\u00e4.<\/p>\n<p>Tutkimuksessa havaittiin, ett\u00e4 sek\u00e4 l\u00e4\u00e4k\u00e4reill\u00e4 ett\u00e4 oikeudellisilla asiantuntijoilla on merkitt\u00e4vi\u00e4 puutteita tiedoissaan. L\u00e4\u00e4k\u00e4reill\u00e4 ei ollut riitt\u00e4v\u00e4sti tietoa edunvalvonnan oikeudellisista edellytyksist\u00e4, oikeudellisilla asiantuntijoilla puolestaan muistisairauksien monimuotoisuudesta tai oireiden mahdollisista vaikutuksista ihmisen toimintakykyyn.<\/p>\n<p>\u2013 Kun tiedostetaan tutkimuksessa esille nostetut ongelmakohdat, niit\u00e4 voidaan pyrki\u00e4 ratkaisemaan, ja voidaan r\u00e4\u00e4t\u00e4l\u00f6id\u00e4 asianmukaista koulutusta. Tutkimustulokset ovat my\u00f6s ensimm\u00e4inen askel kohti konsensuskriteerien luomista, N\u00e4kki sanoo.<\/p>\n<p>OTM Kaisa N\u00e4kin hyvinvointioikeuden alaan kuuluva v\u00e4it\u00f6skirja Assessment of Mental Capacity and the Need for Legal Guardianship in Individuals with Dementia: Legal and Medical Perspectives tarkastetaan It\u00e4-Suomen yliopiston yhteiskuntatieteiden ja kauppatieteiden tiedekunnassa 23. tammikuuta.<\/p>\n<p class=\"article__related-article aim-skip\"><strong>Lue lis\u00e4\u00e4:<\/strong> <a href=\"http:\/\/www.laakarilehti.fi\/terveydenhuolto\/sidottua-pitaa-valvoa-erityisen-tarkasti\/\" rel=\"nofollow noopener\" target=\"_blank\">Sidottua pit\u00e4\u00e4 valvoa erityisen tarkasti<\/a><\/p>\n","protected":false},"excerpt":{"rendered":"Esteen\u00e4 tiedonpuutteet ja ristiriitaiset k\u00e4sitykset edunvalvonnan tarpeen arvioinnissa. Muistisairaudet ovat yleisin syy edunvalvojan m\u00e4\u00e4r\u00e4\u00e4miselle. Yhten\u00e4isi\u00e4 kriteereit\u00e4 oikeudellisen toimintakyvyn&hellip;\n","protected":false},"author":2,"featured_media":141959,"comment_status":"","ping_status":"","sticky":false,"template":"","format":"standard","meta":{"footnotes":""},"categories":[12],"tags":[22,23,26,27,33,31,30,17,24,25,28,29,15,18,21,32,19,20,16],"class_list":{"0":"post-141958","1":"post","2":"type-post","3":"status-publish","4":"format-standard","5":"has-post-thumbnail","7":"category-suomi","8":"tag-breaking-news","9":"tag-breakingnews","10":"tag-featured-news","11":"tag-featurednews","12":"tag-fi","13":"tag-finland","14":"tag-finnish","15":"tag-headlines","16":"tag-latest-news","17":"tag-latestnews","18":"tag-main-news","19":"tag-mainnews","20":"tag-news","21":"tag-otsikot","22":"tag-paauutiset","23":"tag-suomi","24":"tag-top-stories","25":"tag-topstories","26":"tag-uutiset"},"share_on_mastodon":{"url":"https:\/\/pubeurope.com\/@fi\/115892799585555726","error":""},"_links":{"self":[{"href":"https:\/\/www.europesays.com\/fi\/wp-json\/wp\/v2\/posts\/141958","targetHints":{"allow":["GET"]}}],"collection":[{"href":"https:\/\/www.europesays.com\/fi\/wp-json\/wp\/v2\/posts"}],"about":[{"href":"https:\/\/www.europesays.com\/fi\/wp-json\/wp\/v2\/types\/post"}],"author":[{"embeddable":true,"href":"https:\/\/www.europesays.com\/fi\/wp-json\/wp\/v2\/users\/2"}],"replies":[{"embeddable":true,"href":"https:\/\/www.europesays.com\/fi\/wp-json\/wp\/v2\/comments?post=141958"}],"version-history":[{"count":0,"href":"https:\/\/www.europesays.com\/fi\/wp-json\/wp\/v2\/posts\/141958\/revisions"}],"wp:featuredmedia":[{"embeddable":true,"href":"https:\/\/www.europesays.com\/fi\/wp-json\/wp\/v2\/media\/141959"}],"wp:attachment":[{"href":"https:\/\/www.europesays.com\/fi\/wp-json\/wp\/v2\/media?parent=141958"}],"wp:term":[{"taxonomy":"category","embeddable":true,"href":"https:\/\/www.europesays.com\/fi\/wp-json\/wp\/v2\/categories?post=141958"},{"taxonomy":"post_tag","embeddable":true,"href":"https:\/\/www.europesays.com\/fi\/wp-json\/wp\/v2\/tags?post=141958"}],"curies":[{"name":"wp","href":"https:\/\/api.w.org\/{rel}","templated":true}]}}