{"id":141967,"date":"2026-01-14T09:59:06","date_gmt":"2026-01-14T09:59:06","guid":{"rendered":"https:\/\/www.europesays.com\/fi\/141967\/"},"modified":"2026-01-14T09:59:06","modified_gmt":"2026-01-14T09:59:06","slug":"28-vuotta-myohemmin-luutemppeli-on-nyt-vuonna-2002-alkaneen-elokuvasarjan-kehutuin-osa-rotten-tomatoesissa","status":"publish","type":"post","link":"https:\/\/www.europesays.com\/fi\/141967\/","title":{"rendered":"28 vuotta my\u00f6hemmin: Luutemppeli on nyt vuonna 2002 alkaneen elokuvasarjan kehutuin osa Rotten Tomatoesissa"},"content":{"rendered":"<p>Viime kes\u00e4n 28 vuotta my\u00f6hemmin saa jatkoa Luutemppeliss\u00e4.<\/p>\n<p>Vuoden 2021 Candymanista tuttu ohjaaja Nia DaCosta tuntuu osuneen napakymppiin huteran The Marvelsin (2023) j\u00e4lkeen.<\/p>\n<p>Uusi zombikauhuelokuva <a href=\"https:\/\/muropaketti.com\/avainsana\/28-vuotta-myohemmin-luutemppeli\/\" rel=\"nofollow noopener\" target=\"_blank\">28 vuotta my\u00f6hemmin: Luutemppeli<\/a> (28 Years Later: The Bone Temple) on nimitt\u00e4in ker\u00e4nnyt maailmalla runsaasti kehuja.<\/p>\n<p>Arvioita summaavalla <a href=\"http:\/\/rottentomatoes.com\/m\/28_years_later_the_bone_temple\" target=\"_blank\" rel=\"noreferrer noopener nofollow\">Rotten Tomatoes -sivustolla<\/a> Luutemppelin tuoreusaste on t\u00e4ll\u00e4 hetkell\u00e4 per\u00e4ti 93 prosenttia. Se on enemm\u00e4n kuin yhdell\u00e4k\u00e4\u00e4n elokuvasarjan aikaisemmalla osalla:<\/p>\n<ul class=\"wp-block-list\">\n<li>28 p\u00e4iv\u00e4\u00e4 my\u00f6hemmin (2002) \u2013 87 %<\/li>\n<li>28 viikkoa my\u00f6hemmin (2007) \u2013 73 %<\/li>\n<li>28 vuotta my\u00f6hemmin (2025) \u2013 89 %<\/li>\n<\/ul>\n<p>28 vuotta my\u00f6hemmin: Luutemppeli julkaistiin kotimaassaan Iso-Britanniassa jo eilen, ja perjantaina on luvassa esimerkiksi Pohjois-Amerikan ensi-ilta, mutta Suomeen elokuvaa pit\u00e4\u00e4 odottaa viel\u00e4 pari viikkoa. Meill\u00e4 julkaisu tapahtuu siis vasta perjantaina 30. tammikuuta.<\/p>\n<p>No, hyv\u00e4\u00e4 kannattaa\u2026 \u2013 ja niin edelleen.<\/p>\n<p>Luutemppelin juonikuvaus kuuluu n\u00e4in:<\/p>\n<p>\u201dEeppist\u00e4 tarinaa jatkavassa kertomuksessa tohtori Kelson (Ralph Fiennes) ajautuu j\u00e4risytt\u00e4v\u00e4\u00e4n uuteen suhteeseen \u2013 jonka seuraukset voivat muuttaa heid\u00e4n tuntemansa maailman \u2013 ja Spiken (Alfie Williams) kohtaamisesta Jimmy Crystalin (Jack O\u2019Connell) kanssa tulee painajainen, josta h\u00e4n ei p\u00e4\u00e4se pakoon. Luutemppelin maailmassa tartunnan saaneet eiv\u00e4t en\u00e4\u00e4 ole suurin selviytymisen uhka \u2013 vaan selviytyjien ep\u00e4inhimillisyys voi olla vieraampaa ja pelottavampaa.\u201d<\/p>\n","protected":false},"excerpt":{"rendered":"Viime kes\u00e4n 28 vuotta my\u00f6hemmin saa jatkoa Luutemppeliss\u00e4. Vuoden 2021 Candymanista tuttu ohjaaja Nia DaCosta tuntuu osuneen napakymppiin&hellip;\n","protected":false},"author":2,"featured_media":24312,"comment_status":"","ping_status":"","sticky":false,"template":"","format":"standard","meta":{"footnotes":""},"categories":[131],"tags":[9520,3186,7892,155,137,33,173,31,30,172,32,109],"class_list":{"0":"post-141967","1":"post","2":"type-post","3":"status-publish","4":"format-standard","5":"has-post-thumbnail","7":"category-elokuvat","8":"tag-28-paivaa-myohemmin","9":"tag-28-vuotta-myohemmin","10":"tag-28-vuotta-myohemmin-luutemppeli","11":"tag-elokuvat","12":"tag-entertainment","13":"tag-fi","14":"tag-film","15":"tag-finland","16":"tag-finnish","17":"tag-movies","18":"tag-suomi","19":"tag-viihde"},"share_on_mastodon":{"url":"https:\/\/pubeurope.com\/@fi\/115892870337478812","error":""},"_links":{"self":[{"href":"https:\/\/www.europesays.com\/fi\/wp-json\/wp\/v2\/posts\/141967","targetHints":{"allow":["GET"]}}],"collection":[{"href":"https:\/\/www.europesays.com\/fi\/wp-json\/wp\/v2\/posts"}],"about":[{"href":"https:\/\/www.europesays.com\/fi\/wp-json\/wp\/v2\/types\/post"}],"author":[{"embeddable":true,"href":"https:\/\/www.europesays.com\/fi\/wp-json\/wp\/v2\/users\/2"}],"replies":[{"embeddable":true,"href":"https:\/\/www.europesays.com\/fi\/wp-json\/wp\/v2\/comments?post=141967"}],"version-history":[{"count":0,"href":"https:\/\/www.europesays.com\/fi\/wp-json\/wp\/v2\/posts\/141967\/revisions"}],"wp:featuredmedia":[{"embeddable":true,"href":"https:\/\/www.europesays.com\/fi\/wp-json\/wp\/v2\/media\/24312"}],"wp:attachment":[{"href":"https:\/\/www.europesays.com\/fi\/wp-json\/wp\/v2\/media?parent=141967"}],"wp:term":[{"taxonomy":"category","embeddable":true,"href":"https:\/\/www.europesays.com\/fi\/wp-json\/wp\/v2\/categories?post=141967"},{"taxonomy":"post_tag","embeddable":true,"href":"https:\/\/www.europesays.com\/fi\/wp-json\/wp\/v2\/tags?post=141967"}],"curies":[{"name":"wp","href":"https:\/\/api.w.org\/{rel}","templated":true}]}}