{"id":141974,"date":"2026-01-14T10:06:06","date_gmt":"2026-01-14T10:06:06","guid":{"rendered":"https:\/\/www.europesays.com\/fi\/141974\/"},"modified":"2026-01-14T10:06:06","modified_gmt":"2026-01-14T10:06:06","slug":"sabotaasiverkosto-yritti-uudestaan-kolme-vangittuna-saksassa","status":"publish","type":"post","link":"https:\/\/www.europesays.com\/fi\/141974\/","title":{"rendered":"Sabotaasiverkosto yritti uudestaan: Kolme vangittuna Saksassa"},"content":{"rendered":"<p class=\"ai-optimize-6 ai-optimize-introduction\">Saksa on vanginnut kaksi miest\u00e4 postipaketteihin suunnitellusta sabotaasista. Kolmas viime vuonna ilmi tulleeseen tapaukseen liittyv\u00e4 mies vangittiin Sveitsiss\u00e4 ja on luovutettu Saksaan, kertoo <a href=\"https:\/\/www.ft.com\/content\/008850a0-6943-4cbd-8cab-18006be32e07\" target=\"_blank\" rel=\"noopener nofollow\">Financial Times<\/a>.<\/p>\n<p class=\"ai-optimize-7\">Miehet ovat kaikki Ukrainan kansalaisia ja heit\u00e4 syytet\u00e4\u00e4n vakoilusta. He ovat ottaneet toimintaohjeensa Ven\u00e4j\u00e4lt\u00e4. Miehet valmistelivat Ukrainaan l\u00e4hetett\u00e4vien postipakettien sabotointia r\u00e4j\u00e4hteill\u00e4. He j\u00e4iv\u00e4t kiinni siit\u00e4, ett\u00e4 jemmasivat Ukrainaan matkalla olleisiin paketteihin GPS-paikantimia.<\/p>\n<p class=\"ai-optimize-8\">Saksan viranomaiset ovat varpaillaan, sill\u00e4 hein\u00e4kuussa 2024 paketteja sis\u00e4lt\u00e4nyt kontti syttyi tuleen Leipzigin lentokent\u00e4ll\u00e4. Kentt\u00e4 on rahtij\u00e4tti DHL:n verkoston keskeinen solmukohta, jossa ty\u00f6skentelee noin 7 000 ihmist\u00e4. Kontti oli skannattu normaalisti ennen sen lastaamista lentokoneen ruumaan. Tarkastuksessa paketeissa oli n\u00e4kynyt n\u00e4enn\u00e4isen vaaraton lasti: kaksi seksilelua, kosmetiikkatuubeja, mustia hierontatyynyj\u00e4.<\/p>\n<p class=\"ai-optimize-9\">Alle vuorokautta my\u00f6hemmin hein\u00e4kuussa 2024 syttyi Jab\u0142onowan kyl\u00e4ss\u00e4 Varsovan l\u00e4hell\u00e4 sijaitsevalla varikolla kuorma-auton per\u00e4vaunussa ollut kontti. Varikkoa yll\u00e4pit\u00e4\u00e4 DPD, joka on Geopostin tyt\u00e4ryhti\u00f6. Geopost puolestaan on yksi maailman suurimmista pakettikuljetusyrityksist\u00e4. Kymmenilt\u00e4 palomiehilt\u00e4 kesti kaksi tuntia saada palo sammumaan.<\/p>\n<p class=\"ai-optimize-10\">Heti t\u00e4m\u00e4n j\u00e4lkeen hein\u00e4kuun lopulla 2024 r\u00e4j\u00e4hti DHL:n kuljetusvarastolla Birminghamissa, Englannissa. Paketti oli tullut Birminghamin kent\u00e4lt\u00e4 lajitteluun ja k\u00e4sittelyyn. Nelj\u00e4nnen paketin Puolan turvallisuuspalvelu pys\u00e4ytti Varsovassa ennen kuin se ehti sytty\u00e4. Tarkastuksessa havaittiin, ett\u00e4 yksi paketissa olleista niskahierontatyynyist\u00e4 oli varustettu ajastimella, sytytyslaitteella ja nitrometaanilla. Se on \u00f6ljym\u00e4inen, helposti syttyv\u00e4 aine.<\/p>\n<p class=\"ai-optimize-11\">Saksan sis\u00e4isen tiedustelun p\u00e4\u00e4llikk\u00f6\u00a0<strong>Thomas Haldenwang<\/strong> kommentoi my\u00f6hemmin, ett\u00e4 oli pelkk\u00e4\u00e4 onnen kauppaa ettei yksik\u00e4\u00e4n n\u00e4ist\u00e4 paketeista sattunut syttym\u00e4\u00e4n silloin kun ne olivat lentorahdissa ja lentokone ilmassa. T\u00e4st\u00e4 syyst\u00e4 uusia suunnitelmia tai yrityksi\u00e4 on pidetty eritt\u00e4in vaarallisina.<\/p>\n<p class=\"ai-optimize-12\">Koko vuoden 2024 vyyhti, jossa r\u00e4j\u00e4hteet j\u00e4rjesteltiin lennoille, voisi olla surkuhupaisa veijaritarina. Mit\u00e4\u00e4n hauskaa siin\u00e4 ei kuitenkaan ole: joukko ihmisi\u00e4 ymp\u00e4ri Eurooppaa on tullut hyv\u00e4ksik\u00e4ytetyksi ja my\u00f6s k\u00e4ytt\u00e4nyt toisiaan hyv\u00e4ksi. Koko vyyhti on selitetty yksityiskohtaisesti <a href=\"https:\/\/www.verkkouutiset.fi\/a\/vanha-komentaja-pyysi-pienta-palvelusta-nain-tapahtumat-etenivat-ennen-kuin-venajan-pommi-oli-rajahtaa-lennolla\/#9f155bc2\" rel=\"nofollow noopener\" target=\"_blank\">t\u00e4ss\u00e4 artikkelissa.<\/a><\/p>\n<p class=\"ai-optimize-13\">Nyt vaikuttaa silt\u00e4 ett\u00e4 Ven\u00e4j\u00e4ll\u00e4 sabotaasitoimintaa koordinoiva tiedustelu on jatkanut yritt\u00e4mist\u00e4.<\/p>\n<p class=\"ai-optimize-13\">Saksassa vangitut <strong>Daniil B<\/strong> ja <strong>Vladyslav T<\/strong> sek\u00e4 Sveitsiss\u00e4 vangittu <strong>Yevhen B<\/strong>. N\u00e4ist\u00e4 kolmesta Yevhen oli roolissa, jossa otti vastaan m\u00e4\u00e4r\u00e4yksi\u00e4 Ven\u00e4j\u00e4lt\u00e4 vallatussa Mariupolissa oleskelleen tai oleskelevan v\u00e4lik\u00e4den kautta.<\/p>\n","protected":false},"excerpt":{"rendered":"Saksa on vanginnut kaksi miest\u00e4 postipaketteihin suunnitellusta sabotaasista. Kolmas viime vuonna ilmi tulleeseen tapaukseen liittyv\u00e4 mies vangittiin Sveitsiss\u00e4&hellip;\n","protected":false},"author":2,"featured_media":141975,"comment_status":"","ping_status":"","sticky":false,"template":"","format":"standard","meta":{"footnotes":""},"categories":[14],"tags":[22,23,26,27,33,31,30,17,24,25,28,29,15,18,21,4925,32,19,20,56,16,59,60,61],"class_list":{"0":"post-141974","1":"post","2":"type-post","3":"status-publish","4":"format-standard","5":"has-post-thumbnail","7":"category-ulkomaat","8":"tag-breaking-news","9":"tag-breakingnews","10":"tag-featured-news","11":"tag-featurednews","12":"tag-fi","13":"tag-finland","14":"tag-finnish","15":"tag-headlines","16":"tag-latest-news","17":"tag-latestnews","18":"tag-main-news","19":"tag-mainnews","20":"tag-news","21":"tag-otsikot","22":"tag-paauutiset","23":"tag-sabotaasi","24":"tag-suomi","25":"tag-top-stories","26":"tag-topstories","27":"tag-ulkomaat","28":"tag-uutiset","29":"tag-world","30":"tag-world-news","31":"tag-worldnews"},"share_on_mastodon":{"url":"https:\/\/pubeurope.com\/@fi\/115892897949524624","error":""},"_links":{"self":[{"href":"https:\/\/www.europesays.com\/fi\/wp-json\/wp\/v2\/posts\/141974","targetHints":{"allow":["GET"]}}],"collection":[{"href":"https:\/\/www.europesays.com\/fi\/wp-json\/wp\/v2\/posts"}],"about":[{"href":"https:\/\/www.europesays.com\/fi\/wp-json\/wp\/v2\/types\/post"}],"author":[{"embeddable":true,"href":"https:\/\/www.europesays.com\/fi\/wp-json\/wp\/v2\/users\/2"}],"replies":[{"embeddable":true,"href":"https:\/\/www.europesays.com\/fi\/wp-json\/wp\/v2\/comments?post=141974"}],"version-history":[{"count":0,"href":"https:\/\/www.europesays.com\/fi\/wp-json\/wp\/v2\/posts\/141974\/revisions"}],"wp:featuredmedia":[{"embeddable":true,"href":"https:\/\/www.europesays.com\/fi\/wp-json\/wp\/v2\/media\/141975"}],"wp:attachment":[{"href":"https:\/\/www.europesays.com\/fi\/wp-json\/wp\/v2\/media?parent=141974"}],"wp:term":[{"taxonomy":"category","embeddable":true,"href":"https:\/\/www.europesays.com\/fi\/wp-json\/wp\/v2\/categories?post=141974"},{"taxonomy":"post_tag","embeddable":true,"href":"https:\/\/www.europesays.com\/fi\/wp-json\/wp\/v2\/tags?post=141974"}],"curies":[{"name":"wp","href":"https:\/\/api.w.org\/{rel}","templated":true}]}}