{"id":141976,"date":"2026-01-14T10:07:08","date_gmt":"2026-01-14T10:07:08","guid":{"rendered":"https:\/\/www.europesays.com\/fi\/141976\/"},"modified":"2026-01-14T10:07:08","modified_gmt":"2026-01-14T10:07:08","slug":"kaupunginjohtaja-ajoi-lahes-kahden-promillen-humalassa-syyttaja-vaatii-ehdollista-vankeutta-ja-sakkorangaistusta-kymenlaakso","status":"publish","type":"post","link":"https:\/\/www.europesays.com\/fi\/141976\/","title":{"rendered":"Kaupunginjohtaja ajoi l\u00e4hes kahden promillen humalassa \u2013 syytt\u00e4j\u00e4 vaatii ehdollista vankeutta ja sakkorangaistusta | Kymenlaakso"},"content":{"rendered":"<p class=\"aw-1gybjub aw-5vja16 kEtdKx kmuxyA yle__article__paragraph\">Kotkan kaupunginjohtaja Esa Sirvi\u00f6n rattijuopumus- ja ampuma-aserikosep\u00e4ily\u00e4 k\u00e4sitell\u00e4\u00e4n k\u00e4r\u00e4j\u00e4oikeudessa maanantaina.<\/p>\n<p><img decoding=\"async\" alt=\"Esa Sirvi\u00f6 Kotkan kaupungintalolla.\" src=\"https:\/\/www.europesays.com\/fi\/wp-content\/uploads\/2025\/12\/39-154780769089ad2282ce.jpeg\" class=\"aw-1l9m598 hKVVvP\"\/><\/p>\n<p>Avaa kuvien katselu<\/p>\n<p>Esa Sirvi\u00f6 palasi t\u00f6ihin marraskuun alussa. H\u00e4n on my\u00f6nt\u00e4nyt syyllisyytens\u00e4. Kuva: Antro Valo \/ Yle<\/p>\n<p class=\"aw-1gybjub aw-1p7kakr kEtdKx cEmitX yle__article__paragraph\">Syytt\u00e4j\u00e4 vaatii Kotkan kaupunginjohtaja <strong class=\"aw-ak79eh KyCXm yle__article__strong\">Esa Sirvi\u00f6lle<\/strong> 75 p\u00e4iv\u00e4n ehdollista vankeustuomiota ja 45 p\u00e4iv\u00e4sakkoa rangaistuksena t\u00f6rke\u00e4st\u00e4 rattijuopumuksesta ja ampuma-aserikoksesta.<\/p>\n<p class=\"aw-1gybjub aw-1p7kakr kEtdKx cEmitX yle__article__paragraph\">Poliisi pys\u00e4ytti Sirvi\u00f6n elokuun lopussa Sotkamossa, kun h\u00e4n ajoi autoa l\u00e4hes kahden promillen humalassa. Auton takapenkill\u00e4 Sirvi\u00f6 kuljetti asetta.<\/p>\n<p class=\"aw-1gybjub aw-1p7kakr kEtdKx cEmitX yle__article__paragraph\">Sirvi\u00f6 on my\u00f6nt\u00e4nyt syyllisyytens\u00e4 molempiin rikoksiin.<\/p>\n<p class=\"aw-1gybjub aw-1p7kakr kEtdKx cEmitX yle__article__paragraph\">Ampuma-ase rikoksen ep\u00e4ilyyn johti aseen s\u00e4ilytt\u00e4minen v\u00e4\u00e4rin auton takapenkill\u00e4. Sirvi\u00f6ll\u00e4 on aseenkantolupa, mutta ase oli takapenkill\u00e4 ilman suojapussia.<\/p>\n<p class=\"aw-1gybjub aw-1p7kakr kEtdKx cEmitX yle__article__paragraph\">Syytt\u00e4j\u00e4n vaateista kertoi <a class=\"aw-iao6s4 iHOxEa yle__article__link\" href=\"https:\/\/www.is.fi\/kotimaa\/art-2000011746479.html\" role=\"link\" rel=\"nofollow noopener\" target=\"_blank\">Ilta-Sanomat<\/a>. Sirvi\u00f6 on vahvistanut Ylelle lehden hankkimat tiedot.<\/p>\n<p class=\"aw-1gybjub aw-1p7kakr kEtdKx cEmitX yle__article__paragraph\">Sirvi\u00f6n tapaus k\u00e4sitell\u00e4\u00e4n maanantaina Kainuun k\u00e4r\u00e4j\u00e4oikeudessa. Sirvi\u00f6n ei tarvitse menn\u00e4 paikalle k\u00e4sittelyyn, koska on my\u00f6nt\u00e4nyt syyllisyytens\u00e4.<\/p>\n<p class=\"aw-1gybjub aw-1p7kakr kEtdKx cEmitX yle__article__paragraph\">\u2013 K\u00e4r\u00e4j\u00e4oikeus tekee itsen\u00e4isen p\u00e4\u00e4t\u00f6ksen siit\u00e4 noudattaako se syytt\u00e4j\u00e4n vaatimusta, sanoo Sirvi\u00f6.<\/p>\n<p>Kaupunginjohtaja kertoi avoimesti<\/p>\n<p class=\"aw-1gybjub aw-1p7kakr kEtdKx cEmitX yle__article__paragraph\">Sirvi\u00f6 osasi odottaa mainitun tapaista rangaistusvaatimusta.<\/p>\n<p class=\"aw-1gybjub aw-1p7kakr kEtdKx cEmitX yle__article__paragraph\">\u2013 Aikaisemmin olen ollut nuhteeton, joten sit\u00e4kin on t\u00e4ss\u00e4 varmasti arvioitu, Sirvi\u00f6 sanoo.<\/p>\n<p class=\"aw-1gybjub aw-1p7kakr kEtdKx cEmitX yle__article__paragraph\">Sirvi\u00f6 kertoo, ettei h\u00e4nen ole ollut tapana ajaa humalassa, vaan taustalla oli raskas tapahtumaketju.<\/p>\n<p class=\"aw-1gybjub aw-1p7kakr kEtdKx cEmitX yle__article__paragraph\">H\u00e4n on kertonut tilanteestaan <a class=\"aw-iao6s4 iHOxEa yle__article__link\" href=\"https:\/\/yle.fi\/a\/74-20183032\" role=\"link\" rel=\"nofollow noopener\" target=\"_blank\">avoimesti<\/a>. H\u00e4nen mukaansa tilanteeseen johti loppuunpalaminen ja itsetuhoiset ajatukset.<\/p>\n<p class=\"aw-1gybjub aw-1p7kakr kEtdKx cEmitX yle__article__paragraph\">Sirvi\u00f6 j\u00e4i viime vuoden syyskuussa kaksi kuukautta kest\u00e4neelle sairauslomalle. Sirvi\u00f6 palasi t\u00f6ihin marraskuun lopussa. Kaupunki antoi varoituksen Sirvi\u00f6lle h\u00e4nen toiminnastaan.<\/p>\n<p class=\"aw-1gybjub aw-1p7kakr kEtdKx cEmitX yle__article__paragraph\">Sirvi\u00f6n mukaan oli hyv\u00e4, ett\u00e4 h\u00e4net pys\u00e4ytettiin.<\/p>\n<p class=\"aw-1gybjub aw-1p7kakr kEtdKx cEmitX yle__article__paragraph\">\u2013 Siit\u00e4 alkoi Esan uusi el\u00e4m\u00e4, h\u00e4n sanoo.<\/p>\n","protected":false},"excerpt":{"rendered":"Kotkan kaupunginjohtaja Esa Sirvi\u00f6n rattijuopumus- ja ampuma-aserikosep\u00e4ily\u00e4 k\u00e4sitell\u00e4\u00e4n k\u00e4r\u00e4j\u00e4oikeudessa maanantaina. Avaa kuvien katselu Esa Sirvi\u00f6 palasi t\u00f6ihin marraskuun&hellip;\n","protected":false},"author":2,"featured_media":117441,"comment_status":"","ping_status":"","sticky":false,"template":"","format":"standard","meta":{"footnotes":""},"categories":[12],"tags":[22,23,26,27,33,31,30,17,71,464,24,25,28,29,15,18,21,32,19,20,16],"class_list":{"0":"post-141976","1":"post","2":"type-post","3":"status-publish","4":"format-standard","5":"has-post-thumbnail","7":"category-suomi","8":"tag-breaking-news","9":"tag-breakingnews","10":"tag-featured-news","11":"tag-featurednews","12":"tag-fi","13":"tag-finland","14":"tag-finnish","15":"tag-headlines","16":"tag-kotimaa","17":"tag-kymenlaakso","18":"tag-latest-news","19":"tag-latestnews","20":"tag-main-news","21":"tag-mainnews","22":"tag-news","23":"tag-otsikot","24":"tag-paauutiset","25":"tag-suomi","26":"tag-top-stories","27":"tag-topstories","28":"tag-uutiset"},"share_on_mastodon":{"url":"https:\/\/pubeurope.com\/@fi\/115892901895763647","error":""},"_links":{"self":[{"href":"https:\/\/www.europesays.com\/fi\/wp-json\/wp\/v2\/posts\/141976","targetHints":{"allow":["GET"]}}],"collection":[{"href":"https:\/\/www.europesays.com\/fi\/wp-json\/wp\/v2\/posts"}],"about":[{"href":"https:\/\/www.europesays.com\/fi\/wp-json\/wp\/v2\/types\/post"}],"author":[{"embeddable":true,"href":"https:\/\/www.europesays.com\/fi\/wp-json\/wp\/v2\/users\/2"}],"replies":[{"embeddable":true,"href":"https:\/\/www.europesays.com\/fi\/wp-json\/wp\/v2\/comments?post=141976"}],"version-history":[{"count":0,"href":"https:\/\/www.europesays.com\/fi\/wp-json\/wp\/v2\/posts\/141976\/revisions"}],"wp:featuredmedia":[{"embeddable":true,"href":"https:\/\/www.europesays.com\/fi\/wp-json\/wp\/v2\/media\/117441"}],"wp:attachment":[{"href":"https:\/\/www.europesays.com\/fi\/wp-json\/wp\/v2\/media?parent=141976"}],"wp:term":[{"taxonomy":"category","embeddable":true,"href":"https:\/\/www.europesays.com\/fi\/wp-json\/wp\/v2\/categories?post=141976"},{"taxonomy":"post_tag","embeddable":true,"href":"https:\/\/www.europesays.com\/fi\/wp-json\/wp\/v2\/tags?post=141976"}],"curies":[{"name":"wp","href":"https:\/\/api.w.org\/{rel}","templated":true}]}}