{"id":141977,"date":"2026-01-14T10:08:07","date_gmt":"2026-01-14T10:08:07","guid":{"rendered":"https:\/\/www.europesays.com\/fi\/141977\/"},"modified":"2026-01-14T10:08:07","modified_gmt":"2026-01-14T10:08:07","slug":"venajan-hallinto-rajoittaa-kansalaisten-verkkoyhteyksia-yha-enemman-ulkomaat","status":"publish","type":"post","link":"https:\/\/www.europesays.com\/fi\/141977\/","title":{"rendered":"Ven\u00e4j\u00e4n hallinto rajoittaa kansalaisten verkkoyhteyksi\u00e4 yh\u00e4 enemm\u00e4n | Ulkomaat"},"content":{"rendered":"<p class=\"aw-1gybjub aw-5vja16 kEtdKx kmuxyA yle__article__paragraph\">Tuoreen raportin mukaan yhteyksien sulkemisesta koitui viime vuonna valtavat taloudelliset tappiot. <\/p>\n<p><img decoding=\"async\" alt=\"Mies istuu pehkill\u00e4 katsomassa puhelintaan Moskovassa duuman rakennuksen edustalla.\" src=\"https:\/\/www.europesays.com\/fi\/wp-content\/uploads\/2026\/01\/39-15808866967552cb0840.jpeg\" class=\"aw-1l9m598 hKVVvP\"\/><\/p>\n<p>Avaa kuvien katselu<\/p>\n<p>Moskovassa arki on saanut jatkua tavallisena. Kuva: AOP<\/p>\n<p class=\"aw-1gybjub aw-1p7kakr kEtdKx cEmitX yle__article__paragraph\">Yh\u00e4 useampi ven\u00e4l\u00e4inen on saanut tehd\u00e4 tuttavuutta takkuilevan tai kokonaan katkenneen internetyhteyden kanssa. Monesti taustalla on keskushallinnon ja viranomaisten tarkoituksellinen toiminta.<\/p>\n<p class=\"aw-1gybjub aw-1p7kakr kEtdKx cEmitX yle__article__paragraph\">Mobiilinettiyhteyksien katkaisemista tykk\u00e4n\u00e4\u00e4n monilla alueilla on perusteltu muun muassa ukrainalaisten droonihy\u00f6kk\u00e4ysten uhalla.<\/p>\n<p class=\"aw-1gybjub aw-1p7kakr kEtdKx cEmitX yle__article__paragraph\">\u2013 Se voi varmaan pit\u00e4\u00e4 osin paikkansa, mutta sen varjolla voidaan hyvin tehokkaasti vaikeuttaa ja hidastaa internetin k\u00e4ytt\u00f6\u00e4, sanoo vanhempi tutkija <strong class=\"aw-ak79eh KyCXm yle__article__strong\">Jussi Lassila<\/strong> Ulkopoliittisesta instituutista.<\/p>\n<p class=\"aw-1gybjub aw-1p7kakr kEtdKx cEmitX yle__article__paragraph\">Suojattuja ja salattuja VPN-yhteyksi\u00e4 arvioivan ja internetin vapautta puolustavan TOP10VPN-ryhm\u00e4n tuoreen selvityksen mukaan nettiyhteyksien tarkoituksellinen vaikeuttaminen lis\u00e4\u00e4ntyi Ven\u00e4j\u00e4ll\u00e4 viime vuonna ennenn\u00e4kem\u00e4tt\u00f6m\u00e4lle tasolle.<\/p>\n<p class=\"aw-1gybjub aw-1p7kakr kEtdKx cEmitX yle__article__paragraph\">Ryhm\u00e4n selvityksess\u00e4 arvioidaan, ett\u00e4 katkoista ja rajoittamisesta aiheutui Ven\u00e4j\u00e4lle viime vuonna yli 10 miljardin euron suuruiset taloudelliset tappiot. T\u00e4m\u00e4 on enemm\u00e4n kuin kaikissa muissa verkkoyhteyksi\u00e4 rajoittaneissa maissa yhteens\u00e4.<\/p>\n<p class=\"aw-1gybjub aw-1p7kakr kEtdKx cEmitX yle__article__paragraph\">Raportin mukaan verkkoliikenteen rajoittaminen on Ven\u00e4j\u00e4ll\u00e4 yh\u00e4 pitk\u00e4kestoisempaa ja systemaattisempaa sek\u00e4 teknisesti valikoivaa.<\/p>\n<p>Arjen sujuminen helpottaa sodan tukemista<\/p>\n<p class=\"aw-1gybjub aw-1p7kakr kEtdKx cEmitX yle__article__paragraph\">Lassilan mukaan Ven\u00e4j\u00e4ll\u00e4 on vanhakantaisesti ajattelevaa turvallisuuskoneiston v\u00e4ke\u00e4, joiden mielest\u00e4 koko internet olisi pit\u00e4nyt kielt\u00e4\u00e4 alusta saakka. Nyt sen suhteen on kuitenkin jo liian my\u00f6h\u00e4ist\u00e4.<\/p>\n<p class=\"aw-1gybjub aw-1p7kakr kEtdKx cEmitX yle__article__paragraph\">Lassila muistuttaa, ett\u00e4 Ukrainan sodan kannatus on Ven\u00e4j\u00e4ll\u00e4 suurinta isoissa kaupungeissa ja v\u00e4h\u00e4isemp\u00e4\u00e4 maaseudulla. Tilanne on siis t\u00e4ysin p\u00e4invastainen kuin mist\u00e4 esimerkiksi presidentti <strong class=\"aw-ak79eh KyCXm yle__article__strong\">Vladimir Putinin<\/strong> kannatus on perinteisesti tullut.<\/p>\n<p class=\"aw-1gybjub aw-1p7kakr kEtdKx cEmitX yle__article__paragraph\">\u2013 Esimerkiksi Moskovassa n\u00e4en kannatuksen sodalle johtuvan siit\u00e4, ett\u00e4 siell\u00e4 tavallinen arki on saanut jatkua. T\u00e4m\u00e4 on varmasti jollain tasolla luonut pid\u00e4kkeen sille, ettei mihink\u00e4\u00e4n t\u00e4yteen internetin sulkuun voida menn\u00e4, Lassila arvioi.<\/p>\n<p class=\"aw-1gybjub aw-1p7kakr kEtdKx cEmitX yle__article__paragraph\">Merkitt\u00e4v\u00e4\u00e4 on my\u00f6s se, ettei Moskovasta rekrytoida sotilaita rintamalle merkitt\u00e4v\u00e4ss\u00e4 m\u00e4\u00e4rin, Lassila lis\u00e4\u00e4.<\/p>\n<p class=\"aw-1gybjub aw-1p7kakr kEtdKx cEmitX yle__article__paragraph\">Lassilan mukaan on selv\u00e4\u00e4, ett\u00e4 turvallisuuspalveluiden vaikutusvalta on Ven\u00e4j\u00e4ll\u00e4 lis\u00e4\u00e4ntynyt ja sen my\u00f6t\u00e4 my\u00f6s paineet kovemmille rajoitukselle verkon k\u00e4yt\u00f6ss\u00e4.<\/p>\n","protected":false},"excerpt":{"rendered":"Tuoreen raportin mukaan yhteyksien sulkemisesta koitui viime vuonna valtavat taloudelliset tappiot. Avaa kuvien katselu Moskovassa arki on saanut&hellip;\n","protected":false},"author":2,"featured_media":141978,"comment_status":"","ping_status":"","sticky":false,"template":"","format":"standard","meta":{"footnotes":""},"categories":[5],"tags":[22,23,26,27,33,31,30,17,148,24,25,28,29,15,18,21,32,634,19,20,56,16,547,987],"class_list":{"0":"post-141977","1":"post","2":"type-post","3":"status-publish","4":"format-standard","5":"has-post-thumbnail","7":"category-otsikot","8":"tag-breaking-news","9":"tag-breakingnews","10":"tag-featured-news","11":"tag-featurednews","12":"tag-fi","13":"tag-finland","14":"tag-finnish","15":"tag-headlines","16":"tag-internet","17":"tag-latest-news","18":"tag-latestnews","19":"tag-main-news","20":"tag-mainnews","21":"tag-news","22":"tag-otsikot","23":"tag-paauutiset","24":"tag-suomi","25":"tag-tietoliikenne","26":"tag-top-stories","27":"tag-topstories","28":"tag-ulkomaat","29":"tag-uutiset","30":"tag-venaja","31":"tag-venajan-hyokkays"},"share_on_mastodon":{"url":"https:\/\/pubeurope.com\/@fi\/115892905757078757","error":""},"_links":{"self":[{"href":"https:\/\/www.europesays.com\/fi\/wp-json\/wp\/v2\/posts\/141977","targetHints":{"allow":["GET"]}}],"collection":[{"href":"https:\/\/www.europesays.com\/fi\/wp-json\/wp\/v2\/posts"}],"about":[{"href":"https:\/\/www.europesays.com\/fi\/wp-json\/wp\/v2\/types\/post"}],"author":[{"embeddable":true,"href":"https:\/\/www.europesays.com\/fi\/wp-json\/wp\/v2\/users\/2"}],"replies":[{"embeddable":true,"href":"https:\/\/www.europesays.com\/fi\/wp-json\/wp\/v2\/comments?post=141977"}],"version-history":[{"count":0,"href":"https:\/\/www.europesays.com\/fi\/wp-json\/wp\/v2\/posts\/141977\/revisions"}],"wp:featuredmedia":[{"embeddable":true,"href":"https:\/\/www.europesays.com\/fi\/wp-json\/wp\/v2\/media\/141978"}],"wp:attachment":[{"href":"https:\/\/www.europesays.com\/fi\/wp-json\/wp\/v2\/media?parent=141977"}],"wp:term":[{"taxonomy":"category","embeddable":true,"href":"https:\/\/www.europesays.com\/fi\/wp-json\/wp\/v2\/categories?post=141977"},{"taxonomy":"post_tag","embeddable":true,"href":"https:\/\/www.europesays.com\/fi\/wp-json\/wp\/v2\/tags?post=141977"}],"curies":[{"name":"wp","href":"https:\/\/api.w.org\/{rel}","templated":true}]}}