{"id":141987,"date":"2026-01-14T10:28:07","date_gmt":"2026-01-14T10:28:07","guid":{"rendered":"https:\/\/www.europesays.com\/fi\/141987\/"},"modified":"2026-01-14T10:28:07","modified_gmt":"2026-01-14T10:28:07","slug":"kt-martina-aitolehti-avautuu-erostaan","status":"publish","type":"post","link":"https:\/\/www.europesays.com\/fi\/141987\/","title":{"rendered":"K&#038;T: Martina Aitolehti avautuu erostaan"},"content":{"rendered":"<p>Martina Aitolehti on ollut erostaan vaitonainen. Nyt h\u00e4n puhuu aiheesta tuoreessa lehtihaastattelussa.<\/p>\n<p class=\"article-body mb-nof-24 px-nof-16\">Yritt\u00e4j\u00e4 <a class=\"font-bold underline-offset-[0.12em] [text-decoration:var(--person-link-text-decoration)] ![text-decoration-color:var(--person-link-text-decoration-color)]\" href=\"https:\/\/www.is.fi\/haku\/?query=Martina%20Aitolehden\" rel=\"nofollow noopener\" target=\"_blank\">Martina Aitolehden<\/a>, 43, oli tarkoitus menn\u00e4 naimisiin viime kes\u00e4n\u00e4. H\u00e4\u00e4t kuitenkin peruuntuivat ja my\u00f6hemmin p\u00e4\u00e4ttyi my\u00f6s parisuhde.<\/p>\n<p class=\"article-body mb-nof-24 px-nof-16\">Aitolehti kertoo <a class=\"underline underline-offset-[0.12em] [text-decoration-thickness:var(--generic-link-underline-thickness)] [text-decoration-color:var(--generic-link-underline-color)] [text-decoration-skip-ink:var(--generic-link-underline-skip-ink)] break-words\" href=\"https:\/\/www.eeva.fi\/jutut\/martina-aitolehti\" rel=\"nofollow noopener\" target=\"_blank\">Kauneus &amp; Terveys -lehden<\/a> haastattelussa olleensa kosinnan aikaan maaliskuussa 2024 maailman onnellisin nainen.<\/p>\n<p class=\"article-body mb-nof-24 px-nof-16\">\u2013 Olisin saanut unelmieni prinsessah\u00e4\u00e4t, kaiken, mit\u00e4 kukaan ikin\u00e4 vain voi toivoa. Mutta minun oli oltava itselleni rehellinen: jos jokin n\u00e4ytt\u00e4\u00e4 unelmalta ulosp\u00e4in, sen on oltava v\u00e4hint\u00e4\u00e4n yht\u00e4 hienoa my\u00f6s oikeassa el\u00e4m\u00e4ss\u00e4, Aitolehti kertoo lehden haastattelussa.<\/p>\n<p class=\"article-body mb-nof-24 px-nof-16\">Hyvinvointiyritt\u00e4j\u00e4 piti tiedon h\u00e4iden peruuntumisesta ensin salassa. H\u00e4n ja h\u00e4nen australialainen kumppaninsa yrittiv\u00e4t viel\u00e4 antaa suhteelle mahdollisuuden, vaikka huikeat h\u00e4\u00e4juhlat j\u00e4iv\u00e4t pit\u00e4m\u00e4tt\u00e4.<\/p>\n<p class=\"article-body mb-nof-24 px-nof-16\">\u2013 Jouduin el\u00e4m\u00e4\u00e4n valheessa, jotta sain meille rauhan tilanteen k\u00e4sittelyyn. Yritin pit\u00e4\u00e4 matalaa profiilia ja keskitty\u00e4 arkeeni.<\/p>\n<p class=\"article-body mb-nof-24 px-nof-16\">Aitolehden parisuhde p\u00e4\u00e4ttyi alkusyksyst\u00e4 eroon. H\u00e4n kertoi viime vuoden lokakuussa podcastissa olevansa j\u00e4lleen sinkku.<\/p>\n<p class=\"article-body mb-nof-24 px-nof-16\">\u2013 M\u00e4 olen vasta ehk\u00e4 tottunut ajatukseen, ett\u00e4 nyt voi tehd\u00e4 ihan mit\u00e4 haluaa, <a class=\"underline underline-offset-[0.12em] [text-decoration-thickness:var(--generic-link-underline-thickness)] [text-decoration-color:var(--generic-link-underline-color)] [text-decoration-skip-ink:var(--generic-link-underline-skip-ink)] break-words\" href=\"https:\/\/www.is.fi\/viihde\/art-2000011582768.html\" rel=\"nofollow noopener\" target=\"_blank\">h\u00e4n sanoi tuolloin<\/a>.<\/p>\n<p class=\"article-body mb-nof-24 px-nof-16\">Samoihin aikoihin Aitolehti julkaisi rehellisen Instagram-p\u00e4ivityksen voinnistaan.<\/p>\n<p class=\"article-body mb-nof-24 px-nof-16\">\u2013 Ollut vaikea l\u00f6yt\u00e4\u00e4 oikeita sanoja t\u00e4lle kaikelle. Oon kantanut valtavaa surua ja ep\u00e4onnistumisen tunne ollut enemm\u00e4n l\u00e4sn\u00e4 kun koskaan. Jotain kaunista on mennyt rikki, Aitolehti kirjoitti lokakuussa.<\/p>\n<p class=\"article-body mb-nof-24 px-nof-16\">\u2013 Ihan kauhea vuosi mun el\u00e4m\u00e4ss\u00e4 ja toivon, ett\u00e4 l\u00f6yd\u00e4n sen hymyilev\u00e4n ja iloisen Martinan pian takaisin.<\/p>\n<p><img decoding=\"async\" src=\"https:\/\/www.europesays.com\/fi\/wp-content\/uploads\/2026\/01\/1768386487_439_468.jpg\" alt=\"\" class=\"_Img_1rerz_1\" style=\"aspect-ratio:1.5\" loading=\"eager\"\/><\/p>\n<p class=\"article-body mb-nof-24 px-nof-16\">Aitolehti on muuten ollut ex-rakkaastaan melko vaitonainen julkisuudessa. H\u00e4n kuitenkin <a class=\"underline underline-offset-[0.12em] [text-decoration-thickness:var(--generic-link-underline-thickness)] [text-decoration-color:var(--generic-link-underline-color)] [text-decoration-skip-ink:var(--generic-link-underline-skip-ink)] break-words\" href=\"https:\/\/www.is.fi\/viihde\/art-2000011545012.html\" rel=\"nofollow noopener\" target=\"_blank\">puhui aiheesta<\/a> <a class=\"font-bold underline-offset-[0.12em] [text-decoration:var(--person-link-text-decoration)] ![text-decoration-color:var(--person-link-text-decoration-color)]\" href=\"https:\/\/www.is.fi\/haku\/?query=Esko%20Eerik%C3%A4isen\" rel=\"nofollow noopener\" target=\"_blank\">Esko Eerik\u00e4isen<\/a> kanssa pit\u00e4m\u00e4ss\u00e4\u00e4n Martina &amp; Esko -podcastissa.<\/p>\n<p class=\"article-body mb-nof-24 px-nof-16\">Podcastissa kaksikko puhui siit\u00e4, millaisen kukkakimpun Aitolehti sai ex-rakkaaltaan kosinnan yhteydess\u00e4.<\/p>\n<p class=\"article-body mb-nof-24 px-nof-16\">\u2013 Se oli minua isompi kimppu, Aitolehti sanoi viime syksyn\u00e4 julkaistussa jaksossa.<\/p>\n<p class=\"article-body mb-nof-24 px-nof-16\">\u2013 Tunsin itseni todella erityiseksi siin\u00e4 kohtaa, koska olen n\u00e4hnyt vain leffoissa tuollaisia kimppuja.<\/p>\n<p class=\"article-body mb-nof-24 px-nof-16\">Sen j\u00e4lkeen Aitolehti ei kuitenkaan en\u00e4\u00e4 saanut suurenmoisia kukkakimppuja.<\/p>\n<p class=\"article-body mb-nof-24 px-nof-16\">\u2013 Mutta eip\u00e4 ole tullut sen j\u00e4lkeen. Pirunsarvet tuli esiin. Ei ole n\u00e4kynyt, Aitolehti kertoi naurahtaen.<\/p>\n","protected":false},"excerpt":{"rendered":"Martina Aitolehti on ollut erostaan vaitonainen. Nyt h\u00e4n puhuu aiheesta tuoreessa lehtihaastattelussa. Yritt\u00e4j\u00e4 Martina Aitolehden, 43, oli tarkoitus&hellip;\n","protected":false},"author":2,"featured_media":141988,"comment_status":"","ping_status":"","sticky":false,"template":"","format":"standard","meta":{"footnotes":""},"categories":[130],"tags":[137,33,31,30,34,32,109],"class_list":{"0":"post-141987","1":"post","2":"type-post","3":"status-publish","4":"format-standard","5":"has-post-thumbnail","7":"category-viihde","8":"tag-entertainment","9":"tag-fi","10":"tag-finland","11":"tag-finnish","12":"tag-ilta-sanomat","13":"tag-suomi","14":"tag-viihde"},"share_on_mastodon":{"url":"https:\/\/pubeurope.com\/@fi\/115892984399771217","error":""},"_links":{"self":[{"href":"https:\/\/www.europesays.com\/fi\/wp-json\/wp\/v2\/posts\/141987","targetHints":{"allow":["GET"]}}],"collection":[{"href":"https:\/\/www.europesays.com\/fi\/wp-json\/wp\/v2\/posts"}],"about":[{"href":"https:\/\/www.europesays.com\/fi\/wp-json\/wp\/v2\/types\/post"}],"author":[{"embeddable":true,"href":"https:\/\/www.europesays.com\/fi\/wp-json\/wp\/v2\/users\/2"}],"replies":[{"embeddable":true,"href":"https:\/\/www.europesays.com\/fi\/wp-json\/wp\/v2\/comments?post=141987"}],"version-history":[{"count":0,"href":"https:\/\/www.europesays.com\/fi\/wp-json\/wp\/v2\/posts\/141987\/revisions"}],"wp:featuredmedia":[{"embeddable":true,"href":"https:\/\/www.europesays.com\/fi\/wp-json\/wp\/v2\/media\/141988"}],"wp:attachment":[{"href":"https:\/\/www.europesays.com\/fi\/wp-json\/wp\/v2\/media?parent=141987"}],"wp:term":[{"taxonomy":"category","embeddable":true,"href":"https:\/\/www.europesays.com\/fi\/wp-json\/wp\/v2\/categories?post=141987"},{"taxonomy":"post_tag","embeddable":true,"href":"https:\/\/www.europesays.com\/fi\/wp-json\/wp\/v2\/tags?post=141987"}],"curies":[{"name":"wp","href":"https:\/\/api.w.org\/{rel}","templated":true}]}}