{"id":141991,"date":"2026-01-14T10:32:09","date_gmt":"2026-01-14T10:32:09","guid":{"rendered":"https:\/\/www.europesays.com\/fi\/141991\/"},"modified":"2026-01-14T10:32:09","modified_gmt":"2026-01-14T10:32:09","slug":"donald-trump-uhkaili-gronlannin-paaministeria-jens-frederik-nielsenia","status":"publish","type":"post","link":"https:\/\/www.europesays.com\/fi\/141991\/","title":{"rendered":"Donald Trump uhkaili Gr\u00f6nlannin p\u00e4\u00e4ministeri\u00e4 Jens-Frederik Nielseni\u00e4"},"content":{"rendered":"<p>P\u00e4\u00e4ministeri ilmoitti tiistaina Gr\u00f6nlannin pysyv\u00e4n ennemmin Tanskan osana kuin liittyv\u00e4n Yhdysvaltoihin.<\/p>\n<p class=\"article-body mb-nof-24 px-nof-16\">Yhdysvaltain presidentti <a class=\"font-bold underline-offset-[0.12em] [text-decoration:var(--person-link-text-decoration)] ![text-decoration-color:var(--person-link-text-decoration-color)]\" href=\"https:\/\/www.is.fi\/haku\/?query=Donald%20Trump\" rel=\"nofollow noopener\" target=\"_blank\">Donald Trump<\/a> ennusti \u201disoa ongelmaa\u201d Gr\u00f6nlannin p\u00e4\u00e4ministerille <a class=\"font-bold underline-offset-[0.12em] [text-decoration:var(--person-link-text-decoration)] ![text-decoration-color:var(--person-link-text-decoration-color)]\" href=\"https:\/\/www.is.fi\/haku\/?query=Jens-Frederik%20Nielsenille\" rel=\"nofollow noopener\" target=\"_blank\">Jens-Frederik Nielsenille<\/a>, kun h\u00e4n kommentoi t\u00e4m\u00e4n lausuntoa toimittajille tiistaina.<\/p>\n<p class=\"article-body mb-nof-24 px-nof-16\">Nielsen puhui aiemmin tiistaina Trumpin Gr\u00f6nlantia koskevista valloitusaikeista lehdist\u00f6tilaisuudessa yhdess\u00e4 Tanskan p\u00e4\u00e4ministerin <a class=\"font-bold underline-offset-[0.12em] [text-decoration:var(--person-link-text-decoration)] ![text-decoration-color:var(--person-link-text-decoration-color)]\" href=\"https:\/\/www.is.fi\/haku\/?query=Mette%20Frederiksenin\" rel=\"nofollow noopener\" target=\"_blank\">Mette Frederiksenin<\/a> kanssa.<\/p>\n<p class=\"article-body mb-nof-24 px-nof-16\">\u2013 Pysymme mieluummin Tanskan kanssa, Nielsen sanoi.<\/p>\n<p class=\"article-body mb-nof-24 px-nof-16\">Toimittaja kysyi Andrewsin tukikohtaan Detroitista lent\u00e4neelt\u00e4 Trumpilta, katsooko t\u00e4m\u00e4 Nielsenin lausunnon olevan \u201dviimeinen sana\u201d asiassa.<\/p>\n<p class=\"article-body mb-nof-24 px-nof-16\">\u2013 Kuka sanoi niin? Trump kysyi ensin.<\/p>\n<p class=\"article-body mb-nof-24 px-nof-16\">\u2013 No, se on heid\u00e4n ongelmansa. Se on heid\u00e4n ongelmansa, ja olen eri mielt\u00e4 h\u00e4nen kanssaan. En tied\u00e4, kuka h\u00e4n on. En tied\u00e4 h\u00e4nest\u00e4 mit\u00e4\u00e4n. Mutta siit\u00e4 tulee iso ongelma h\u00e4nelle, Trump sanoi.<\/p>\n<p class=\"article-body mb-nof-24 px-nof-16\">Gr\u00f6nlannin ja Tanskan ulkoministerien on m\u00e4\u00e4r\u00e4 tavata Yhdysvaltain varapresidentti <a class=\"font-bold underline-offset-[0.12em] [text-decoration:var(--person-link-text-decoration)] ![text-decoration-color:var(--person-link-text-decoration-color)]\" href=\"https:\/\/www.is.fi\/haku\/?query=J.D.%20Vance\" rel=\"nofollow noopener\" target=\"_blank\">J.D. Vance<\/a> ja ulkoministeri <a class=\"font-bold underline-offset-[0.12em] [text-decoration:var(--person-link-text-decoration)] ![text-decoration-color:var(--person-link-text-decoration-color)]\" href=\"https:\/\/www.is.fi\/haku\/?query=Marco%20Rubio\" rel=\"nofollow noopener\" target=\"_blank\">Marco Rubio<\/a> my\u00f6hemmin keskiviikkona Washingtonissa.<\/p>\n<p><img decoding=\"async\" src=\"https:\/\/www.europesays.com\/fi\/wp-content\/uploads\/2026\/01\/1768386729_156_468.jpg\" alt=\"Jens-Frederik Nielsen on Gr\u00f6nlannin p\u00e4\u00e4ministeri. Kuva on tiistain lehdist\u00f6tilaisuudesta.\" class=\"_Img_1rerz_1\" style=\"aspect-ratio:1.4678899082568808\" loading=\"eager\"\/><\/p>\n<p class=\"article-picture-caption\">Jens-Frederik Nielsen on Gr\u00f6nlannin p\u00e4\u00e4ministeri. Kuva on tiistain lehdist\u00f6tilaisuudesta. Kuva:\u00a0Tom Little \/ Reuters<\/p>\n<p class=\"article-body mb-nof-24 px-nof-16\">Lue lis\u00e4\u00e4: <a class=\"underline underline-offset-[0.12em] [text-decoration-thickness:var(--generic-link-underline-thickness)] [text-decoration-color:var(--generic-link-underline-color)] [text-decoration-skip-ink:var(--generic-link-underline-skip-ink)] break-words\" href=\"https:\/\/www.is.fi\/ulkomaat\/art-2000011747055.html\" rel=\"nofollow noopener\" target=\"_blank\">Gr\u00f6nlannin p\u00e4\u00e4\u00administerilt\u00e4 tiukka viesti Trumpille<\/a><\/p>\n<p class=\"article-body mb-nof-24 px-nof-16\">Trump puhui Gr\u00f6nlannin \u201dostamisesta\u201d jo ensimm\u00e4isell\u00e4 presidenttikaudellaan. Valkoiseen taloon palattuaan h\u00e4nen puheensa asiasta ovat kiihtyneet, eik\u00e4 h\u00e4n ole sulkenut pois sotilaallisen operaation mahdollisuutta.<\/p>\n<p class=\"article-body mb-nof-24 px-nof-16\">Trumpin peruste Gr\u00f6nlannin haltuunotolle liittyy Yhdysvaltojen kansalliseen turvallisuuteen, mutta h\u00e4nen uskotaan havittelevan etenkin saaren luonnonvaroja.<\/p>\n<p class=\"article-body mb-nof-24 px-nof-16\">Tanskan itsehallintoalueena Gr\u00f6nlanti kuuluu sotilasliitto Naton piiriin. Saarella on my\u00f6s Yhdysvaltain tukikohta.<\/p>\n","protected":false},"excerpt":{"rendered":"P\u00e4\u00e4ministeri ilmoitti tiistaina Gr\u00f6nlannin pysyv\u00e4n ennemmin Tanskan osana kuin liittyv\u00e4n Yhdysvaltoihin. Yhdysvaltain presidentti Donald Trump ennusti \u201disoa ongelmaa\u201d&hellip;\n","protected":false},"author":2,"featured_media":141992,"comment_status":"","ping_status":"","sticky":false,"template":"","format":"standard","meta":{"footnotes":""},"categories":[14],"tags":[22,23,26,27,33,31,30,17,34,24,25,28,29,15,18,21,32,19,20,56,16,59,60,61],"class_list":{"0":"post-141991","1":"post","2":"type-post","3":"status-publish","4":"format-standard","5":"has-post-thumbnail","7":"category-ulkomaat","8":"tag-breaking-news","9":"tag-breakingnews","10":"tag-featured-news","11":"tag-featurednews","12":"tag-fi","13":"tag-finland","14":"tag-finnish","15":"tag-headlines","16":"tag-ilta-sanomat","17":"tag-latest-news","18":"tag-latestnews","19":"tag-main-news","20":"tag-mainnews","21":"tag-news","22":"tag-otsikot","23":"tag-paauutiset","24":"tag-suomi","25":"tag-top-stories","26":"tag-topstories","27":"tag-ulkomaat","28":"tag-uutiset","29":"tag-world","30":"tag-world-news","31":"tag-worldnews"},"share_on_mastodon":{"url":"https:\/\/pubeurope.com\/@fi\/115893000220665558","error":""},"_links":{"self":[{"href":"https:\/\/www.europesays.com\/fi\/wp-json\/wp\/v2\/posts\/141991","targetHints":{"allow":["GET"]}}],"collection":[{"href":"https:\/\/www.europesays.com\/fi\/wp-json\/wp\/v2\/posts"}],"about":[{"href":"https:\/\/www.europesays.com\/fi\/wp-json\/wp\/v2\/types\/post"}],"author":[{"embeddable":true,"href":"https:\/\/www.europesays.com\/fi\/wp-json\/wp\/v2\/users\/2"}],"replies":[{"embeddable":true,"href":"https:\/\/www.europesays.com\/fi\/wp-json\/wp\/v2\/comments?post=141991"}],"version-history":[{"count":0,"href":"https:\/\/www.europesays.com\/fi\/wp-json\/wp\/v2\/posts\/141991\/revisions"}],"wp:featuredmedia":[{"embeddable":true,"href":"https:\/\/www.europesays.com\/fi\/wp-json\/wp\/v2\/media\/141992"}],"wp:attachment":[{"href":"https:\/\/www.europesays.com\/fi\/wp-json\/wp\/v2\/media?parent=141991"}],"wp:term":[{"taxonomy":"category","embeddable":true,"href":"https:\/\/www.europesays.com\/fi\/wp-json\/wp\/v2\/categories?post=141991"},{"taxonomy":"post_tag","embeddable":true,"href":"https:\/\/www.europesays.com\/fi\/wp-json\/wp\/v2\/tags?post=141991"}],"curies":[{"name":"wp","href":"https:\/\/api.w.org\/{rel}","templated":true}]}}