{"id":141993,"date":"2026-01-14T10:33:08","date_gmt":"2026-01-14T10:33:08","guid":{"rendered":"https:\/\/www.europesays.com\/fi\/141993\/"},"modified":"2026-01-14T10:33:08","modified_gmt":"2026-01-14T10:33:08","slug":"potilas-putosi-portaikossa-ja-kuoli-otkes-tutkii-harvinaista-ensihoidon-onnettomuutta-uutisia-lyhyesti","status":"publish","type":"post","link":"https:\/\/www.europesays.com\/fi\/141993\/","title":{"rendered":"Potilas putosi portaikossa ja kuoli \u2013 Otkes tutkii harvinaista ensihoidon onnettomuutta | Uutisia lyhyesti"},"content":{"rendered":"<p class=\"aw-1gybjub aw-5vja16 kEtdKx kmuxyA yle__article__paragraph\">Onnettomuus tapahtui jouluaattona Varsinais-Suomessa. Potilaan siirt\u00e4miseen tarkoitetut s\u00e4hk\u00f6iset porrastuolit asetettiin hyvinvointialueella k\u00e4ytt\u00f6kieltoon.<\/p>\n<p><img decoding=\"async\" alt=\"Ensihoidon ty\u00f6ntekij\u00e4 kuljettaa potilasta sairaalan k\u00e4yt\u00e4v\u00e4ll\u00e4.\" src=\"https:\/\/www.europesays.com\/fi\/wp-content\/uploads\/2026\/01\/39-158092069675a4de75d8.jpeg\" class=\"aw-1l9m598 hKVVvP\"\/><\/p>\n<p>Avaa kuvien katselu<\/p>\n<p>Ensihoitajia ty\u00f6ss\u00e4\u00e4n Turun yliopistollisen keskussairaalan p\u00e4ivystyksess\u00e4. Kuvituskuva. Kuva: Laura Ukkonen \/ Lehtikuva<\/p>\n<p>10:15\u2022P\u00e4ivitetty 11:51<\/p>\n<p class=\"aw-1gybjub aw-1p7kakr kEtdKx cEmitX yle__article__paragraph\">Ensihoidossa ollut potilas kuoli jouluaattona Varsinais-Suomessa.<\/p>\n<p class=\"aw-1gybjub aw-1p7kakr kEtdKx cEmitX yle__article__paragraph\">Onnettomuustutkintakeskus (Otkes) tiedottaa tutkivansa nyt tapausta.<\/p>\n<p class=\"aw-1gybjub aw-1p7kakr kEtdKx cEmitX yle__article__paragraph\">Otkesin mukaan s\u00e4hk\u00f6iseen porrastuoliin kiinnitetty potilas putosi portakossa, kun ensihoito oli siirt\u00e4m\u00e4ss\u00e4 h\u00e4nt\u00e4 ambulanssiin.<\/p>\n<p class=\"aw-1gybjub aw-1p7kakr kEtdKx cEmitX yle__article__paragraph\">Potilas meni tajuttomaksi ja kuoli tapahtumapaikalla elvytyksest\u00e4 huolimatta.<\/p>\n<p class=\"aw-1gybjub aw-1p7kakr kEtdKx cEmitX yle__article__paragraph\">Tutkinnanjohtaja <strong class=\"aw-ak79eh KyCXm yle__article__strong\">Hanna Tiirinki<\/strong> kertoo tiedotteessa, ett\u00e4 potilaiden siirto esimerkiksi kotoa hoitopaikkaan on arkip\u00e4iv\u00e4\u00e4.<\/p>\n<p class=\"aw-1gybjub aw-1p7kakr kEtdKx cEmitX yle__article__paragraph\">\u2013 Siirron ja siin\u00e4 k\u00e4ytett\u00e4vien v\u00e4lineiden on oltava turvallisia sek\u00e4 potilaille ett\u00e4 niit\u00e4 k\u00e4ytt\u00e4ville ammattilaisille, Tiirinki kertoo.<\/p>\n<p class=\"aw-1gybjub aw-1p7kakr kEtdKx cEmitX yle__article__paragraph\">Tiiringin mukaan k\u00e4ynnistetyss\u00e4 tutkinnassa keskityt\u00e4\u00e4n ensihoidon potilaiden siirtotilanteiden k\u00e4yt\u00e4nteisiin sek\u00e4 siirroissa k\u00e4ytett\u00e4vien v\u00e4lineiden potilasturvallisuuteen.<\/p>\n<p class=\"aw-1gybjub aw-1p7kakr kEtdKx cEmitX yle__article__paragraph\">Otkesin tutkinta kest\u00e4\u00e4 9\u201312 kuukautta.<\/p>\n<p class=\"aw-1gybjub aw-1p7kakr kEtdKx cEmitX yle__article__paragraph\">Lounais-Suomen poliisista kerrotaan, ett\u00e4 asiasta ei ole k\u00e4ynnistetty rikostutkintaa. Poliisi tutkii tapausta kuolemansyyntutkintana.<\/p>\n<p>Varha kielsi s\u00e4hk\u00f6isten porrastuolien k\u00e4yt\u00f6n<\/p>\n<p class=\"aw-1gybjub aw-1p7kakr kEtdKx cEmitX yle__article__paragraph\">S\u00e4hk\u00f6iset porrastuolit on m\u00e4\u00e4r\u00e4tty ensihoidon ylil\u00e4\u00e4k\u00e4ri <strong class=\"aw-ak79eh KyCXm yle__article__strong\">Timo Iirolan<\/strong> mukaan onnettomuuden j\u00e4lkeen Varsinais-Suomen hyvinvointialueella k\u00e4ytt\u00f6kieltoon. Iirola ei halua kommentoida, johtuiko onnettomuus k\u00e4ytt\u00e4j\u00e4n virheest\u00e4 vai oliko laitteessa vikaa.<\/p>\n<p class=\"aw-1gybjub aw-1p7kakr kEtdKx cEmitX yle__article__paragraph\">\u2013 En halua ottaa siihen kantaa, koska asiaa tutkitaan ja selvitet\u00e4\u00e4n.<\/p>\n<p class=\"aw-1gybjub aw-1p7kakr kEtdKx cEmitX yle__article__paragraph\">Porrasavustimia on Iirolan mukaan ollut ensihoidon k\u00e4yt\u00f6ss\u00e4 yli kymmenen vuoden ajan, mutta s\u00e4hk\u00f6isi\u00e4 avustimia vasta viime syksyst\u00e4. H\u00e4nen tiedossaan ei ole, ett\u00e4 Varsinais-Suomen hyvinvointialueella olisi aiemmin tapahtunut niihin liittyvi\u00e4 tapaturmia.<\/p>\n<p class=\"aw-1gybjub aw-1p7kakr kEtdKx cEmitX yle__article__paragraph\">My\u00f6s tutkinnanjohtaja Hanna Tiirinki Otkesista luonnehtii tapausta poikkeukselliseksi.<\/p>\n<p class=\"aw-1gybjub aw-1p7kakr kEtdKx cEmitX yle__article__paragraph\">\u2013 Suomessa ei ole sellaista rekisteri\u00e4, josta pystyisi katsomaan, kuinka monta potilasta on mahdollisesti t\u00e4llaisessa siirtotilanteessa menehtynyt, mutta meill\u00e4 ei ole tiedossa, ett\u00e4 vastaavaa olisi tapahtunut aiemmin.<\/p>\n<p class=\"aw-1gybjub aw-1p7kakr kEtdKx cEmitX yle__article__paragraph\">Porrasavustimia k\u00e4ytet\u00e4\u00e4n Iirolan mukaan ensihoidon teht\u00e4viss\u00e4, joissa potilasta on kuljetettava portaita pitkin, eik\u00e4 hissi\u00e4 ole k\u00e4ytett\u00e4viss\u00e4.<\/p>\n<p class=\"aw-1gybjub aw-1p7kakr kEtdKx cEmitX yle__article__paragraph\">\u2013 Turun alueella potilaita joudutaan kantamaan tuolilla portaikossa ennemmin p\u00e4ivitt\u00e4in kuin viikoittain. T\u00e4\u00e4ll\u00e4 on edelleen hissitt\u00f6mi\u00e4 kerrostaloja, ja portaita on my\u00f6s omakotitaloissa, h\u00e4n kuvailee.<\/p>\n<p class=\"aw-1gybjub aw-1p7kakr kEtdKx cEmitX yle__article__paragraph\">Juttua tarkennettu 14.1.2026 klo 12:05 Porrasavustimia on ollut k\u00e4yt\u00f6ss\u00e4 yli kymmenen vuoden ajan, mutta s\u00e4hk\u00f6isi\u00e4 avustumia vasta viime syksyst\u00e4.<\/p>\n","protected":false},"excerpt":{"rendered":"Onnettomuus tapahtui jouluaattona Varsinais-Suomessa. Potilaan siirt\u00e4miseen tarkoitetut s\u00e4hk\u00f6iset porrastuolit asetettiin hyvinvointialueella k\u00e4ytt\u00f6kieltoon. Avaa kuvien katselu Ensihoitajia ty\u00f6ss\u00e4\u00e4n Turun&hellip;\n","protected":false},"author":2,"featured_media":141994,"comment_status":"","ping_status":"","sticky":false,"template":"","format":"standard","meta":{"footnotes":""},"categories":[12],"tags":[9330,22,23,13127,26,27,33,31,30,17,24,25,28,29,15,4710,21338,18,21,9461,18100,32,502,19,20,662,546,16,663],"class_list":{"0":"post-141993","1":"post","2":"type-post","3":"status-publish","4":"format-standard","5":"has-post-thumbnail","7":"category-suomi","8":"tag-ambulanssit","9":"tag-breaking-news","10":"tag-breakingnews","11":"tag-ensihoito","12":"tag-featured-news","13":"tag-featurednews","14":"tag-fi","15":"tag-finland","16":"tag-finnish","17":"tag-headlines","18":"tag-latest-news","19":"tag-latestnews","20":"tag-main-news","21":"tag-mainnews","22":"tag-news","23":"tag-onnettomuustutkinta","24":"tag-onnettomuustutkintakeskus","25":"tag-otsikot","26":"tag-paauutiset","27":"tag-potilaat","28":"tag-sairaankuljetus","29":"tag-suomi","30":"tag-terveydenhoito","31":"tag-top-stories","32":"tag-topstories","33":"tag-turku","34":"tag-turvallisuus","35":"tag-uutiset","36":"tag-varsinais-suomi"},"share_on_mastodon":{"url":"https:\/\/pubeurope.com\/@fi\/115893004144895451","error":""},"_links":{"self":[{"href":"https:\/\/www.europesays.com\/fi\/wp-json\/wp\/v2\/posts\/141993","targetHints":{"allow":["GET"]}}],"collection":[{"href":"https:\/\/www.europesays.com\/fi\/wp-json\/wp\/v2\/posts"}],"about":[{"href":"https:\/\/www.europesays.com\/fi\/wp-json\/wp\/v2\/types\/post"}],"author":[{"embeddable":true,"href":"https:\/\/www.europesays.com\/fi\/wp-json\/wp\/v2\/users\/2"}],"replies":[{"embeddable":true,"href":"https:\/\/www.europesays.com\/fi\/wp-json\/wp\/v2\/comments?post=141993"}],"version-history":[{"count":0,"href":"https:\/\/www.europesays.com\/fi\/wp-json\/wp\/v2\/posts\/141993\/revisions"}],"wp:featuredmedia":[{"embeddable":true,"href":"https:\/\/www.europesays.com\/fi\/wp-json\/wp\/v2\/media\/141994"}],"wp:attachment":[{"href":"https:\/\/www.europesays.com\/fi\/wp-json\/wp\/v2\/media?parent=141993"}],"wp:term":[{"taxonomy":"category","embeddable":true,"href":"https:\/\/www.europesays.com\/fi\/wp-json\/wp\/v2\/categories?post=141993"},{"taxonomy":"post_tag","embeddable":true,"href":"https:\/\/www.europesays.com\/fi\/wp-json\/wp\/v2\/tags?post=141993"}],"curies":[{"name":"wp","href":"https:\/\/api.w.org\/{rel}","templated":true}]}}