{"id":142022,"date":"2026-01-14T11:20:08","date_gmt":"2026-01-14T11:20:08","guid":{"rendered":"https:\/\/www.europesays.com\/fi\/142022\/"},"modified":"2026-01-14T11:20:08","modified_gmt":"2026-01-14T11:20:08","slug":"sina-olet-superrakas-moniaistinen-teatterielamys-perheen-pienimmille","status":"publish","type":"post","link":"https:\/\/www.europesays.com\/fi\/142022\/","title":{"rendered":"SIN\u00c4 OLET SUPERRAKAS \u2013 moniaistinen teatteriel\u00e4mys perheen pienimmille"},"content":{"rendered":"<p>Keski-Uudenmaan Teatteri tuo n\u00e4ytt\u00e4m\u00f6lle hell\u00e4n ja visuaalisesti rikkaan lastenteatteriesityksen Sin\u00e4 olet superrakas. Esitys kutsuu pienet ja isot katsojat tutkimaan rakkautta, isoja ja pieni\u00e4 kysymyksi\u00e4, supervoimia sek\u00e4 maailman ihanimpia napoja. Esitys perustuu rakastettuihin <strong>Ninka Reitun<\/strong> kuvakirjoihin, jotka n\u00e4hd\u00e4\u00e4n nyt ensimm\u00e4ist\u00e4 kertaa teatterin\u00e4ytt\u00e4m\u00f6ll\u00e4.<\/p>\n<p>\u201cPid\u00e4tk\u00f6 sin\u00e4 minusta? min\u00e4 kysyin. Min\u00e4 rakastan sinua, vastasi Iso.<br \/>Ja siit\u00e4 minulle tuli hyv\u00e4 ja l\u00e4mp\u00f6inen olo.\u201d<\/p>\n<p>Sin\u00e4 olet superrakas on moniaistinen esitys, jossa katsoja p\u00e4\u00e4see kokemaan tarinan l\u00e4helt\u00e4. Lavastus on samalla n\u00e4yttelij\u00e4n asu: sen pitk\u00e4t helmat, pehme\u00e4t tekstuurit ja kutsuvat muodot houkuttelevat lapsia astumaan sis\u00e4\u00e4n, kurkistamaan, piiloutumaan ja osallistumaan esityksen maailmaan omassa tahdissaan. Esitys sopii erityisesti aivan pienille katsojille \u2013 ik\u00e4suositus on 1+.<\/p>\n<p>Esityksen ohjauksesta ja dramatisoinnista vastaa <strong>Aino Kivi<\/strong>. Lavalla n\u00e4hd\u00e4\u00e4n palkittu lastenteatterin tekij\u00e4 <strong>Eero Ojala<\/strong>, joka tunnetaan muun muassa Salasaaren seikkailijoista sek\u00e4 Hihi-Voo-hahmosta. Esityksen skenografian ja puvustuksen on suunnitellut <strong>Aino Simola<\/strong>, jonka luoma kokonaisuus toimii teoksena teatteriesityksen sis\u00e4ll\u00e4. \u00c4\u00e4ni- ja valosuunnittelusta sek\u00e4 tekniikan ajosta vastaa <strong>Tero Enroth<\/strong>. Esityksen kesto on n. 30 min.<\/p>\n<p><strong>Esitykset <\/strong><strong><br \/><\/strong>Keski-Uudenmaan Teatteri (Kultasep\u00e4nkatu 4, Kerava)<br \/>Ensi-ilta: pe 16.1.2026 klo 17<br \/>Esityskausi: 15.\u201329.1.2026<br \/>Kulttuuritalo Monio, Monttu<strong> (<\/strong>Pataljoonantie 6, Tuusula)<br \/>Esityskausi: 7.\u201328.2.2026<\/p>\n<p><strong>Liput:<\/strong><strong><br \/><\/strong>12,5 \u20ac (alle 1-vuotiaat sylilapset ilmaiseksi) <br \/>lippu.fi <a href=\"https:\/\/www.lippu.fi\/artist\/keski-uudenmaan-teatteri\/sinae-olet-superrakas-4036768\/\" rel=\"nofollow noopener\" target=\"_blank\">https:\/\/www.lippu.fi\/artist\/keski-uudenmaan-teatteri\/sinae-olet-superrakas-4036768\/<\/a><\/p>\n<p>Teatterin oma lipunmyynti (Kultasep\u00e4nkatu 4, 04250 Kerava)<br \/>050 466 6455 \u2022 <a href=\"http:\/\/www.epressi.com\/cdn-cgi\/l\/email-protection#1970777f7659726c6d377f70\" rel=\"nofollow noopener\" target=\"_blank\">[email\u00a0protected] Avoinna: Ti &amp; to klo 10-14, Ke klo 14-18<\/a><\/p>\n<p><strong>Haastattelupyynn\u00f6t: <\/strong>Laura Etel\u00e4aho, Tuottaja<br \/>puh: 050 327 4864, <a href=\"https:\/\/www.epressi.com\/cdn-cgi\/l\/email-protection\" class=\"__cf_email__\" data-cfemail=\"f79b96828596d99283929b96969f98b79c8283d9919e\" rel=\"nofollow noopener\" target=\"_blank\">[email\u00a0protected]<\/a><\/p>\n","protected":false},"excerpt":{"rendered":"Keski-Uudenmaan Teatteri tuo n\u00e4ytt\u00e4m\u00f6lle hell\u00e4n ja visuaalisesti rikkaan lastenteatteriesityksen Sin\u00e4 olet superrakas. Esitys kutsuu pienet ja isot katsojat&hellip;\n","protected":false},"author":2,"featured_media":142023,"comment_status":"","ping_status":"","sticky":false,"template":"","format":"standard","meta":{"footnotes":""},"categories":[130],"tags":[137,33,31,30,32,109],"class_list":{"0":"post-142022","1":"post","2":"type-post","3":"status-publish","4":"format-standard","5":"has-post-thumbnail","7":"category-viihde","8":"tag-entertainment","9":"tag-fi","10":"tag-finland","11":"tag-finnish","12":"tag-suomi","13":"tag-viihde"},"share_on_mastodon":{"url":"https:\/\/pubeurope.com\/@fi\/115893188876375905","error":""},"_links":{"self":[{"href":"https:\/\/www.europesays.com\/fi\/wp-json\/wp\/v2\/posts\/142022","targetHints":{"allow":["GET"]}}],"collection":[{"href":"https:\/\/www.europesays.com\/fi\/wp-json\/wp\/v2\/posts"}],"about":[{"href":"https:\/\/www.europesays.com\/fi\/wp-json\/wp\/v2\/types\/post"}],"author":[{"embeddable":true,"href":"https:\/\/www.europesays.com\/fi\/wp-json\/wp\/v2\/users\/2"}],"replies":[{"embeddable":true,"href":"https:\/\/www.europesays.com\/fi\/wp-json\/wp\/v2\/comments?post=142022"}],"version-history":[{"count":0,"href":"https:\/\/www.europesays.com\/fi\/wp-json\/wp\/v2\/posts\/142022\/revisions"}],"wp:featuredmedia":[{"embeddable":true,"href":"https:\/\/www.europesays.com\/fi\/wp-json\/wp\/v2\/media\/142023"}],"wp:attachment":[{"href":"https:\/\/www.europesays.com\/fi\/wp-json\/wp\/v2\/media?parent=142022"}],"wp:term":[{"taxonomy":"category","embeddable":true,"href":"https:\/\/www.europesays.com\/fi\/wp-json\/wp\/v2\/categories?post=142022"},{"taxonomy":"post_tag","embeddable":true,"href":"https:\/\/www.europesays.com\/fi\/wp-json\/wp\/v2\/tags?post=142022"}],"curies":[{"name":"wp","href":"https:\/\/api.w.org\/{rel}","templated":true}]}}