{"id":142026,"date":"2026-01-14T11:24:08","date_gmt":"2026-01-14T11:24:08","guid":{"rendered":"https:\/\/www.europesays.com\/fi\/142026\/"},"modified":"2026-01-14T11:24:08","modified_gmt":"2026-01-14T11:24:08","slug":"jos-vierekkain-on-suomalainen-ja-uruguaylainen-naudan-sisafilee","status":"publish","type":"post","link":"https:\/\/www.europesays.com\/fi\/142026\/","title":{"rendered":"\u201dJos vierekk\u00e4in on suomalainen ja uruguaylainen naudan sis\u00e4filee&#8230;\u201d"},"content":{"rendered":"<p>Nautatilallinen Sauli Joensuu sanoo, ett\u00e4 hyv\u00e4\u00e4 ja halpaa ei saa samassa paketissa.<\/p>\n<p><img decoding=\"async\" class=\"image image-show image-preview\" src=\"https:\/\/www.europesays.com\/fi\/wp-content\/uploads\/2026\/01\/a1d20023667d4c6c1dcf96c04efbd908e7e8cf30a88176270c9ba7cb074017c6.jpg\" alt=\"\"\/><img decoding=\"async\" class=\"image image-show\" src=\"https:\/\/www.europesays.com\/fi\/wp-content\/uploads\/2026\/01\/1768389848_165_a1d20023667d4c6c1dcf96c04efbd908e7e8cf30a88176270c9ba7cb074017c6.jpg\" alt=\"\"\/><\/p>\n<p>Sauli ja Anita Joensuun tilalla tuotetaan naudanlihaa. Mercosur-sopimus tuo tummia pilvi\u00e4 taivaalle. www.olkijoensuu.fi<\/p>\n<p class=\"paragraph\">Mercosur-sopimus vet\u00e4\u00e4 raahelaisen nautatilallisen <strong>Sauli Joensuun<\/strong> vakavaksi.<\/p>\n<p class=\"paragraph\">\u2013 En kauhean luottavaisin mielin ole sen suhteen, ett\u00e4 sielt\u00e4 jotakin hyv\u00e4\u00e4 ja parempaa olisi tiedossa nautasektorille, h\u00e4n asettelee.<\/p>\n<p class=\"paragraph\">Mercosur-sopimus on <a href=\"https:\/\/www.iltalehti.fi\/politiikka\/a9d8dac5-34a3-4be7-9e9f-e3b62b118567\" rel=\"nofollow noopener\" target=\"_blank\">EU-maiden ja Etel\u00e4-Amerikan suurien talouksien v\u00e4linen vapaakauppasopimus<\/a>. Sen pel\u00e4t\u00e4\u00e4n aiheuttavan Eurooppaan halvan etel\u00e4amerikkalaisen lihan vy\u00f6ryn.<\/p>\n<p class=\"paragraph\">Joensuu sanoo suoraan, ett\u00e4 suomalaiset tuottajat eiv\u00e4t pysty kilpailemaan hinnoilla. Tuotantokustannukset ovat merkitt\u00e4v\u00e4sti korkeammat verrattuna Etel\u00e4-Amerikan j\u00e4ttim\u00e4iseen tuotantoon.<\/p>\n<p class=\"paragraph\">Joensuu arvelee, ett\u00e4 suomalainen kuluttaja arvostaa kotimaista lihaa, mutta kaupan hyllyll\u00e4 hintaero voi revet\u00e4 liian suureksi.<\/p>\n<p class=\"paragraph\">\u2013 Jos vierekk\u00e4in on suomalainen ja uruguaylainen naudan sis\u00e4filee, ja j\u00e4lkimm\u00e4inen on puolta halvempi, niin houkutus voi olla suuri. Kun kuluttajilla on rahasta tiukkaa, ostoskoriin l\u00e4htee helposti halvempi vaihtoehto.<\/p>\n<p class=\"paragraph\">My\u00f6s Maa- ja mets\u00e4taloustuottajain Keskusliitossa (MTK) on havahduttu huoleen. MTK:n liha-asiantuntija <strong>Juho Kynt\u00e4j\u00e4<\/strong> kertoi aiemmin Iltalehdelle, ett\u00e4 <a href=\"https:\/\/www.iltalehti.fi\/talous\/b4e3ca82-77db-406d-851a-532c18deaf02\" rel=\"nofollow noopener\" target=\"_blank\">Etel\u00e4-Amerikasta mahdollisesti kasvava lihan tuonti osuu erityisesti naudanlihaan<\/a>.<\/p>\n<p class=\"paragraph\">\u2013 Sanotaan n\u00e4in, ett\u00e4 sill\u00e4 on potentiaalia vaikuttaa kielteisesti Suomen lihamarkkinoihin tuottajien kannalta, Kynt\u00e4j\u00e4 ennakoi.<\/p>\n<p>Ei samassa paketissa<\/p>\n<p class=\"paragraph\">Sauli Joensuu py\u00f6ritt\u00e4\u00e4 Raahessa nautatilaa yhdess\u00e4 puolisonsa <strong>Anita Joensuun<\/strong> kanssa. Tila tuottaa vuosittain noin 350\u00a0000 kiloa lihaa.<\/p>\n<p class=\"paragraph\">Suomessa lihantuotanto on tarkoin s\u00e4\u00e4nnelty\u00e4. Etel\u00e4-Amerikassa vaatimukset ovat l\u00f6yhemm\u00e4t, Sauli Joensuu toteaa.<\/p>\n<p class=\"paragraph\">\u2013 Meill\u00e4h\u00e4n on ruokaketju hyvin tarkkaan valvottu pellolta p\u00f6yt\u00e4\u00e4n asti. Ruokaturvan kannalta on eritt\u00e4in hyv\u00e4 asia, ett\u00e4 valvotaan ja on vaatimuksia, mutta osaltaan se lis\u00e4\u00e4 tuotantokustannuksia.<\/p>\n<p class=\"paragraph\">H\u00e4n kokee ep\u00e4oikeudenmukaiseksi, jos meik\u00e4l\u00e4isille markkinoille voidaan tuoda matalammilla laatuvaatimuksilla tuotettua lihaa.<\/p>\n<p class=\"paragraph\">Laadulla on hintansa, Joensuu sanoo.<\/p>\n<p class=\"paragraph\">\u2013 Hyv\u00e4\u00e4 ja halpaa ei saa samassa paketissa.<\/p>\n<p>Imua markkinassa<\/p>\n<p class=\"paragraph\">Sauli Joensuun mukaan t\u00e4ll\u00e4 hetkell\u00e4 alan n\u00e4kym\u00e4t ovat hyv\u00e4t. Kysynt\u00e4\u00e4 on enemm\u00e4n kuin tarjontaa. Tuottajahinnat ovat nousseet niin Suomessa kuin muuallakin Euroopassa.<\/p>\n<p class=\"paragraph\">\u2013 Markkinassa on nyt imua, h\u00e4n sanoo.<\/p>\n<p class=\"paragraph\">Vaikka muuten n\u00e4ytt\u00e4\u00e4 hyv\u00e4lt\u00e4, Mercosur-sopimus tuo tummia pilvi\u00e4 taivaalle. Tulevaisuudesta ei tied\u00e4.<\/p>\n<p class=\"paragraph\">Joensuu pit\u00e4\u00e4 t\u00e4rke\u00e4n\u00e4, ett\u00e4 nykyinen tuottajahintataso pysyy ja nousee entisest\u00e4\u00e4n, koska hinnat olivat pitk\u00e4\u00e4n liian matalat.<\/p>\n<p class=\"paragraph\">\u2013 Toimimme matalakatteisella alalla ja menee aikansa, ett\u00e4 menneiden vuosien aikana kertynyt taloudellinen takamatka saadaan kurottua kiinni.<\/p>\n<p class=\"paragraph\">Joensuu sanoo, ett\u00e4 tuottajahinnoissa Suomi on edelleen muuta Eurooppaa j\u00e4ljess\u00e4.<\/p>\n<p class=\"paragraph\">\u2013 Suunta on oikea Suomessakin t\u00e4ll\u00e4 hetkell\u00e4. Sopii toivoa, ettei Mercusor romuta t\u00e4t\u00e4 positiivista kehityssuuntaa.<\/p>\n<p>Pillit ja laput<\/p>\n<p class=\"paragraph\">Maailmanlopun tunnelmiin Joensuu ei ep\u00e4varmuudesta ja uhkakuvista huolimatta vaivu.<\/p>\n<p class=\"paragraph\">\u2013 Ei t\u00e4ss\u00e4 olla ly\u00f6m\u00e4ss\u00e4 miss\u00e4\u00e4n nimess\u00e4 pillej\u00e4 pussiin tai lappua luukulle t\u00e4m\u00e4n takia.<\/p>\n<p class=\"paragraph\">Joensuu sanoo, ett\u00e4 Suomella on vahvuutensa, joka liittyy nimenomaan laatuun. H\u00e4n mainitsee, ett\u00e4 yksi vahvuuksista on nurmiviljely, joka toimii pohjoisinta Suomea my\u00f6ten.<\/p>\n<p class=\"paragraph\">Nurmi ei sovellu ihmisen sy\u00f6t\u00e4v\u00e4ksi, mutta sill\u00e4 voidaan kasvattaa monille ihmisille maistuvia nautoja. Joensuu toteaa, ett\u00e4 nurminaudat ovat tunnetusti maukkaita.<\/p>\n<p class=\"paragraph\">H\u00e4n viittaa esimerkiksi Atrian menestykseen World Steak Challenge -kilpailussa. Atrian liha voitti <a href=\"https:\/\/www.iltalehti.fi\/politiikka\/a9d8dac5-34a3-4be7-9e9f-e3b62b118567\" rel=\"nofollow noopener\" target=\"_blank\">maailman paras nurminaudan filee -sarjan<\/a>.<\/p>\n<p class=\"paragraph\">\u2013 Vahvuuksia pit\u00e4\u00e4 hakea tuotannon erityispiirteist\u00e4. Erityisesti nurminauta on semmoinen markkinavaltti, ett\u00e4 se kest\u00e4\u00e4 kyll\u00e4 vertailun, Joensuu sanoo.<\/p>\n<p class=\"paragraph\">H\u00e4n lis\u00e4\u00e4, ett\u00e4 hiilt\u00e4 sitova nurmi on my\u00f6s ilmasto- ja ymp\u00e4rist\u00f6n\u00e4k\u00f6kulmasta kest\u00e4v\u00e4 tapa tuottaa lihaa.<\/p>\n","protected":false},"excerpt":{"rendered":"Nautatilallinen Sauli Joensuu sanoo, ett\u00e4 hyv\u00e4\u00e4 ja halpaa ei saa samassa paketissa. Sauli ja Anita Joensuun tilalla tuotetaan&hellip;\n","protected":false},"author":2,"featured_media":142027,"comment_status":"","ping_status":"","sticky":false,"template":"","format":"standard","meta":{"footnotes":""},"categories":[14],"tags":[35,22,23,2659,26,27,33,31,30,17,24,25,1445,28,29,2965,15,18,21,900,2331,32,19,20,56,16,59,60,61],"class_list":{"0":"post-142026","1":"post","2":"type-post","3":"status-publish","4":"format-standard","5":"has-post-thumbnail","7":"category-ulkomaat","8":"tag-24h","9":"tag-breaking-news","10":"tag-breakingnews","11":"tag-elintarviketeollisuus-elintarvikkeiden-ja-juomien-valmistus","12":"tag-featured-news","13":"tag-featurednews","14":"tag-fi","15":"tag-finland","16":"tag-finnish","17":"tag-headlines","18":"tag-latest-news","19":"tag-latestnews","20":"tag-maatalous","21":"tag-main-news","22":"tag-mainnews","23":"tag-metsatalous-ja-riistatalous","24":"tag-news","25":"tag-otsikot","26":"tag-paauutiset","27":"tag-ruoka","28":"tag-ruoka-ja-juoma","29":"tag-suomi","30":"tag-top-stories","31":"tag-topstories","32":"tag-ulkomaat","33":"tag-uutiset","34":"tag-world","35":"tag-world-news","36":"tag-worldnews"},"share_on_mastodon":{"url":"https:\/\/pubeurope.com\/@fi\/115893204641255381","error":""},"_links":{"self":[{"href":"https:\/\/www.europesays.com\/fi\/wp-json\/wp\/v2\/posts\/142026","targetHints":{"allow":["GET"]}}],"collection":[{"href":"https:\/\/www.europesays.com\/fi\/wp-json\/wp\/v2\/posts"}],"about":[{"href":"https:\/\/www.europesays.com\/fi\/wp-json\/wp\/v2\/types\/post"}],"author":[{"embeddable":true,"href":"https:\/\/www.europesays.com\/fi\/wp-json\/wp\/v2\/users\/2"}],"replies":[{"embeddable":true,"href":"https:\/\/www.europesays.com\/fi\/wp-json\/wp\/v2\/comments?post=142026"}],"version-history":[{"count":0,"href":"https:\/\/www.europesays.com\/fi\/wp-json\/wp\/v2\/posts\/142026\/revisions"}],"wp:featuredmedia":[{"embeddable":true,"href":"https:\/\/www.europesays.com\/fi\/wp-json\/wp\/v2\/media\/142027"}],"wp:attachment":[{"href":"https:\/\/www.europesays.com\/fi\/wp-json\/wp\/v2\/media?parent=142026"}],"wp:term":[{"taxonomy":"category","embeddable":true,"href":"https:\/\/www.europesays.com\/fi\/wp-json\/wp\/v2\/categories?post=142026"},{"taxonomy":"post_tag","embeddable":true,"href":"https:\/\/www.europesays.com\/fi\/wp-json\/wp\/v2\/tags?post=142026"}],"curies":[{"name":"wp","href":"https:\/\/api.w.org\/{rel}","templated":true}]}}