{"id":142030,"date":"2026-01-14T11:26:08","date_gmt":"2026-01-14T11:26:08","guid":{"rendered":"https:\/\/www.europesays.com\/fi\/142030\/"},"modified":"2026-01-14T11:26:08","modified_gmt":"2026-01-14T11:26:08","slug":"talven-yojunat-tulevat-myyntiin-vr","status":"publish","type":"post","link":"https:\/\/www.europesays.com\/fi\/142030\/","title":{"rendered":"Talven y\u00f6junat tulevat myyntiin &#8211; VR"},"content":{"rendered":"<p><a data-text=\"20 link\" class=\"ContentfulNewsArticle-module__BP5PCW__goBackLink\" href=\"https:\/\/www.vr.fi\/ajankohtaista\" rel=\"nofollow noopener\" target=\"_blank\">Takaisin<\/a><\/p>\n<p>14.1.2026<\/p>\n<p data-text=\"20 semibold\">Julkaisemme ti 20.1. klo 10 myyntiin y\u00f6junavuorot ajalle 25.10.-12.12.2026. <\/p>\n<p><img loading=\"lazy\" alt=\"Kaksi naista y\u00f6junan hytiss\u00e4.\" width=\"1920\" height=\"1440\" decoding=\"async\" data-nimg=\"1\" style=\"color:transparent\"   src=\"https:\/\/www.europesays.com\/fi\/wp-content\/uploads\/2026\/01\/20250828_VR_Yo\u00cc_juna_Syyskuu23206__4_.jpg\"\/><\/p>\n<p data-text=\"18\" class=\"RichText-module__CbhfsG__paragraph RichText-module__CbhfsG__textSizeLarge ContentfulNewsArticle-module__BP5PCW__content\">Nyt on oiva hetki heitt\u00e4yty\u00e4 hetkeksi tunnelmoimaan ensi talven seikkailuja.<\/p>\n<p data-text=\"18\" class=\"RichText-module__CbhfsG__paragraph RichText-module__CbhfsG__textSizeLarge ContentfulNewsArticle-module__BP5PCW__content\">Y\u00f6junalla matkustat mukavasti, nopeasti ja ymp\u00e4rist\u00f6yst\u00e4v\u00e4llisesti pohjoisen kohteisiin ja pohjoisesta etel\u00e4\u00e4n. Lomatunnelmaan voi viritt\u00e4yty\u00e4 jo matkan aikana omassa hytiss\u00e4 tai esimerkiksi ravintolavaunun tarjonnasta nauttien, ja mik\u00e4 t\u00e4rkeint\u00e4 \u2013 saavut perille hyvin lev\u00e4nneen\u00e4 ja valmiina uusiin seikkailuihin!<\/p>\n<p data-text=\"18\" class=\"RichText-module__CbhfsG__paragraph RichText-module__CbhfsG__textSizeLarge ContentfulNewsArticle-module__BP5PCW__content\">Voit ostaa y\u00f6junamatkoja ja makuuhyttej\u00e4 vr.fi:st\u00e4 ja VR Matkalla -sovelluksesta. Autopaikkoja myyd\u00e4\u00e4n vain vr.fi:ss\u00e4.<\/p>\n<p data-text=\"18\" class=\"RichText-module__CbhfsG__paragraph RichText-module__CbhfsG__textSizeLarge ContentfulNewsArticle-module__BP5PCW__content\"><a href=\"https:\/\/www.vr.fi\/yojunat\" rel=\"nofollow noopener\" target=\"_blank\">Tutustu y\u00f6juniin<\/a><\/p>\n<p data-text=\"18\" class=\"RichText-module__CbhfsG__paragraph RichText-module__CbhfsG__textSizeLarge ContentfulNewsArticle-module__BP5PCW__content\"><strong>M\u00e4\u00e4r\u00e4np\u00e4\u00e4h\u00e4n asti yhteysbussilla tai omalla autolla<\/strong><\/p>\n<p data-text=\"18\" class=\"RichText-module__CbhfsG__paragraph RichText-module__CbhfsG__textSizeLarge ContentfulNewsArticle-module__BP5PCW__content\">Voit ostaa kaukoliikenteen yhteysbussien lippuja junalipun oston yhteydess\u00e4 vr.fi-sivustolta. Asiakkaat voivat hakea suoraan reitti\u00e4 haluamaltaan l\u00e4ht\u00f6asemalta perille kohteeseen asti, jolloin osa matkasta taittuu junalla ja osa bussilla. Matkahaku n\u00e4ytt\u00e4\u00e4 parhaan junayhteyden sek\u00e4 tarjoaa mahdollisuuden lis\u00e4t\u00e4 bussimatkan samalle tilaukselle. <a href=\"https:\/\/www.vr.fi\/matkaketjut\/yhteysbussit\" rel=\"nofollow noopener\" target=\"_blank\">Lue lis\u00e4\u00e4 yhteysbusseista <\/a><\/p>\n<p data-text=\"18\" class=\"RichText-module__CbhfsG__paragraph RichText-module__CbhfsG__textSizeLarge ContentfulNewsArticle-module__BP5PCW__content\"><strong>Auto mukaan matkalle?<\/strong><\/p>\n<p data-text=\"18\" class=\"RichText-module__CbhfsG__paragraph RichText-module__CbhfsG__textSizeLarge ContentfulNewsArticle-module__BP5PCW__content\">Y\u00f6juniin voi ostaa paikan my\u00f6s autolle, jolloin j\u00e4ljelle j\u00e4\u00e4v\u00e4t kilometrit taittuvat ripe\u00e4sti omalla menopelill\u00e4. Autopaikkoja voi ostaa vr.fi:st\u00e4. <a href=\"https:\/\/www.vr.fi\/autojuna\" rel=\"nofollow noopener\" target=\"_blank\">Lue lis\u00e4\u00e4 autojunasta<\/a><\/p>\n<p data-text=\"18\" class=\"RichText-module__CbhfsG__paragraph RichText-module__CbhfsG__textSizeLarge ContentfulNewsArticle-module__BP5PCW__content\">Joulun ajan y\u00f6junat julkaistaan hieman tuonnempana.<\/p>\n","protected":false},"excerpt":{"rendered":"Takaisin 14.1.2026 Julkaisemme ti 20.1. klo 10 myyntiin y\u00f6junavuorot ajalle 25.10.-12.12.2026. Nyt on oiva hetki heitt\u00e4yty\u00e4 hetkeksi tunnelmoimaan&hellip;\n","protected":false},"author":2,"featured_media":142031,"comment_status":"","ping_status":"","sticky":false,"template":"","format":"standard","meta":{"footnotes":""},"categories":[5],"tags":[22,23,26,27,33,31,30,17,24,25,28,29,15,18,21,32,19,20,16],"class_list":{"0":"post-142030","1":"post","2":"type-post","3":"status-publish","4":"format-standard","5":"has-post-thumbnail","7":"category-otsikot","8":"tag-breaking-news","9":"tag-breakingnews","10":"tag-featured-news","11":"tag-featurednews","12":"tag-fi","13":"tag-finland","14":"tag-finnish","15":"tag-headlines","16":"tag-latest-news","17":"tag-latestnews","18":"tag-main-news","19":"tag-mainnews","20":"tag-news","21":"tag-otsikot","22":"tag-paauutiset","23":"tag-suomi","24":"tag-top-stories","25":"tag-topstories","26":"tag-uutiset"},"share_on_mastodon":{"url":"https:\/\/pubeurope.com\/@fi\/115893212460925575","error":""},"_links":{"self":[{"href":"https:\/\/www.europesays.com\/fi\/wp-json\/wp\/v2\/posts\/142030","targetHints":{"allow":["GET"]}}],"collection":[{"href":"https:\/\/www.europesays.com\/fi\/wp-json\/wp\/v2\/posts"}],"about":[{"href":"https:\/\/www.europesays.com\/fi\/wp-json\/wp\/v2\/types\/post"}],"author":[{"embeddable":true,"href":"https:\/\/www.europesays.com\/fi\/wp-json\/wp\/v2\/users\/2"}],"replies":[{"embeddable":true,"href":"https:\/\/www.europesays.com\/fi\/wp-json\/wp\/v2\/comments?post=142030"}],"version-history":[{"count":0,"href":"https:\/\/www.europesays.com\/fi\/wp-json\/wp\/v2\/posts\/142030\/revisions"}],"wp:featuredmedia":[{"embeddable":true,"href":"https:\/\/www.europesays.com\/fi\/wp-json\/wp\/v2\/media\/142031"}],"wp:attachment":[{"href":"https:\/\/www.europesays.com\/fi\/wp-json\/wp\/v2\/media?parent=142030"}],"wp:term":[{"taxonomy":"category","embeddable":true,"href":"https:\/\/www.europesays.com\/fi\/wp-json\/wp\/v2\/categories?post=142030"},{"taxonomy":"post_tag","embeddable":true,"href":"https:\/\/www.europesays.com\/fi\/wp-json\/wp\/v2\/tags?post=142030"}],"curies":[{"name":"wp","href":"https:\/\/api.w.org\/{rel}","templated":true}]}}