{"id":142032,"date":"2026-01-14T11:38:12","date_gmt":"2026-01-14T11:38:12","guid":{"rendered":"https:\/\/www.europesays.com\/fi\/142032\/"},"modified":"2026-01-14T11:38:12","modified_gmt":"2026-01-14T11:38:12","slug":"kotiliesi-elias-salosen-tarkea-kysymys-aidille-kun-isa-sairastui","status":"publish","type":"post","link":"https:\/\/www.europesays.com\/fi\/142032\/","title":{"rendered":"Kotiliesi: Elias Salosen t\u00e4rke\u00e4 kysymys \u00e4idille, kun is\u00e4 sairastui"},"content":{"rendered":"<p class=\"ingress\">Elias Salonen syttyi n\u00e4yttelemisest\u00e4 jo<br \/>\nlapsena, mutta tie ammattilaiseksi oli pitk\u00e4.<br \/>\n\u00c4iti Taina Salonen on tukenut poikaansa<br \/>\nehdoitta, Kotilieden jutussa kerrotaan.<\/p>\n<p>N\u00e4yttelij\u00e4 <strong>Elias Salonen<\/strong>, 31, on aina ollut l\u00e4heinen \u00e4itins\u00e4 kanssa.<\/p>\n<p>\u201dMinun on helppo lukea Eliasta ja aistin h\u00e4nen tunnetilansa herk\u00e4sti\u201d, Eliaksen \u00e4iti <strong>Taina Salonen<\/strong> kertoo <a href=\"https:\/\/kotiliesi.fi\/ihmiset\/nayttelija-elias-salonen-soittaa-tiukassa-paikassa-aidilleen\/\" target=\"_blank\" rel=\"noreferrer noopener nofollow\">Kotiliedess\u00e4<\/a>.<\/p>\n<p>Teatterikorkeakouluun Elias haki viisi kertaa. Toistuvat hylk\u00e4ykset h\u00e4vettiv\u00e4t niin, ettei h\u00e4n pystynyt puhumaan tunteistaan edes \u00e4idille.<\/p>\n<p>Taina aisti Eliaksen ahdistuksen, vaikka poika pysytteli vaiti. Oikeiden sanojen l\u00f6yt\u00e4minen tuntui \u00e4idist\u00e4kin vaikealta.<\/p>\n<p>Viidennest\u00e4 hakukerrasta Elias ei kertonut kenellek\u00e4\u00e4n, joten Tainakaan ei osannut j\u00e4nnitt\u00e4\u00e4. Pian sen j\u00e4lkeen, kun uutinen opiskelupaikasta tuli, Taina oli katsomassa poikansa kes\u00e4teatteriesityst\u00e4.<\/p>\n<p>\u201dElias n\u00e4ytteli vapautuneemmin kuin koskaan aiemmin, vaikka ei ollut viel\u00e4 opiskellut alaa p\u00e4iv\u00e4\u00e4k\u00e4\u00e4n.\u201d<\/p>\n<p>Elias sanoo olevansa kiitollinen siit\u00e4, ett\u00e4 vanhemmat antoivat h\u00e4nen etsi\u00e4 oman polkunsa. Taina my\u00f6nt\u00e4\u00e4, ett\u00e4 jossakin vaiheessa h\u00e4nt\u00e4 hirvitti, mutta h\u00e4n piti huolen omana tietonaan.<\/p>\n<p>\u201dAjattelin, ett\u00e4 minun teht\u00e4v\u00e4ni on tukea Eliasta niin hyvin kuin pystyn.\u201d<\/p>\n<p><strong>Lue my\u00f6s: <\/strong><a href=\"https:\/\/anna.fi\/ihmiset\/epatoivon-hetkella-nayttelija-elias-salonen-ei-nahnyt-missaan-valoa\" rel=\"nofollow noopener\" target=\"_blank\">N\u00e4yttelij\u00e4 Elias Salonen ei uskonut Aikuisten menestykseen \u2013 sarjalla yll\u00e4tt\u00e4v\u00e4 fanikunta<\/a><\/p>\n<p>Elias ja Taina-\u00e4iti pit\u00e4v\u00e4t tiiviisti yhteytt\u00e4 toisiinsa<\/p>\n<p>Tuki kulkee molempiin suuntiin. Elias oli 16-vuotias, kun perheen is\u00e4 <strong>Pete<\/strong> sairastui vakavasti. Kun Taina soitti pojalleen ja kertoi tilanteen, t\u00e4m\u00e4 kysyi ensimm\u00e4iseksi: \u201dMiten sin\u00e4 \u00e4iti jaksat?\u201d<\/p>\n<p>\u201dSe kertoo paljon Eliaksesta. Aina soittaessaan h\u00e4n kysyy ensin kuulumisiani. Sill\u00e4 on minulle iso merkitys\u201d, Taina kertoo Kotiliedess\u00e4.<\/p>\n<p>Is\u00e4 toipui, mutta tiivis yhteydenpito j\u00e4i perheelle tavaksi. Elias ja Taina soittelevat v\u00e4hint\u00e4\u00e4n kerran viikossa.<\/p>\n<p>    <a href=\"https:\/\/anna.fi\/wp-content\/uploads\/2026\/01\/elias-salonen-ja-aiti.jpg\" rel=\"nofollow noopener\" target=\"_blank\"><img fetchpriority=\"high\" decoding=\"async\" alt=\"\" class=\"wp-image-690315 awpo-lqip awpo-lazy\" width=\"1400\" height=\"2100\" style=\"--aspect-ratio: 0.67\" src=\"https:\/\/www.europesays.com\/fi\/wp-content\/uploads\/2026\/01\/elias-salonen-ja-aiti.jpg\"\/><\/a>    <\/p>\n<p>          \u00a9 Niclas M\u00e4kel\u00e4        <\/p>\n<p>Toissa kev\u00e4\u00e4n\u00e4 Eliaksen voimat olivat tiukan ty\u00f6rupeaman vuoksi lopussa. Silloin h\u00e4n teki niin kuin on tiukassa paikassa tottunut tekem\u00e4\u00e4n. H\u00e4n soitti \u00e4idilleen, ja vanhemmat ottivat tilanteesta kopin.<\/p>\n<p>He kuuntelivat ja kuskasivat poikaa l\u00e4\u00e4k\u00e4rin vastaanotolle. Pikkuhiljaa Eliaksen vointi alkoi parantua.<\/p>\n<p>\u201dPerheelt\u00e4 saamani tuki oli korvaamatonta. Erityisen kiitollinen olen siit\u00e4, ett\u00e4 \u00e4iti jaksoi kuunnella minua viikosta toiseen\u201d, Elias sanoo.<\/p>\n<p>Lue koko\u00a0haastattelu Kotiliedest\u00e4 2\/2026 tai osoitteesta <a href=\"https:\/\/kotiliesi.fi\/ihmiset\/nayttelija-elias-salonen-soittaa-tiukassa-paikassa-aidilleen\/\" target=\"_blank\" rel=\"noreferrer noopener nofollow\">kotiliesi.fi<\/a>.<\/p>\n<p>    Sinua voi kiinnostaa my\u00f6s:<\/p>\n<ol class=\"read-also__list\">\n<li>\n<p>            <img loading=\"lazy\" decoding=\"async\" class=\"card__image awpo-lqip awpo-lazy\" width=\"2000\" height=\"1500\" src=\"https:\/\/www.europesays.com\/fi\/wp-content\/uploads\/2026\/01\/dscf9282-1.jpg\"\/>                <a href=\"https:\/\/anna.fi\/kategoria\/ihmiset\" class=\"card__vignette\" rel=\"nofollow noopener\" target=\"_blank\"><br \/>\n            Ihmiset          <\/a><\/p>\n<p>      <a href=\"https:\/\/anna.fi\/ihmiset\/epatoivon-hetkella-nayttelija-elias-salonen-ei-nahnyt-missaan-valoa\" class=\"card__link-overlay\" rel=\"nofollow noopener\" target=\"_blank\">N\u00e4yttelij\u00e4 Elias Salonen ei uskonut Aikuisten menestykseen \u2013 sarjalla yll\u00e4tt\u00e4v\u00e4 fanikunta<\/a><\/p>\n<\/li>\n<li>\n<p>            <img loading=\"lazy\" decoding=\"async\" class=\"card__image awpo-lqip awpo-lazy\" width=\"2100\" height=\"1400\" src=\"https:\/\/www.europesays.com\/fi\/wp-content\/uploads\/2026\/01\/sointu-ja-topi.jpg\"\/>                <a href=\"https:\/\/anna.fi\/kategoria\/ihmiset\" class=\"card__vignette\" rel=\"nofollow noopener\" target=\"_blank\"><br \/>\n            Ihmiset          <\/a><\/p>\n<p>      <a href=\"https:\/\/anna.fi\/ihmiset\/kotiliesi-sointu-ja-topi-borg-matkailusta\" class=\"card__link-overlay\" rel=\"nofollow noopener\" target=\"_blank\">Kotiliesi: Topi ja Sointu Borg lomailevat t\u00e4ysin eri tavalla<\/a><\/p>\n<\/li>\n<li>\n<p>            <img loading=\"lazy\" decoding=\"async\" class=\"card__image awpo-lqip awpo-lazy\" width=\"2000\" height=\"1335\" src=\"https:\/\/www.europesays.com\/fi\/wp-content\/uploads\/2026\/01\/5531.jpg\"\/>                <a href=\"https:\/\/anna.fi\/kategoria\/ihmiset\" class=\"card__vignette\" rel=\"nofollow noopener\" target=\"_blank\"><br \/>\n            Ihmiset          <\/a><\/p>\n<p>      <a href=\"https:\/\/anna.fi\/ihmiset\/nayttelija-mikko-kauppila-kipuilu-kuuluu-nuoruuteen\" class=\"card__link-overlay\" rel=\"nofollow noopener\" target=\"_blank\">Aikuiset-sarjan n\u00e4yttelij\u00e4 Mikko Kauppilan mukaan itsens\u00e4 etsiminen kuuluu nuoruuteen: &#8221;Onneksi ymp\u00e4rist\u00f6 salli kipuiluni&#8221;<\/a><\/p>\n<\/li>\n<\/ol>\n","protected":false},"excerpt":{"rendered":"Elias Salonen syttyi n\u00e4yttelemisest\u00e4 jo lapsena, mutta tie ammattilaiseksi oli pitk\u00e4. \u00c4iti Taina Salonen on tukenut poikaansa ehdoitta,&hellip;\n","protected":false},"author":2,"featured_media":142033,"comment_status":"","ping_status":"","sticky":false,"template":"","format":"standard","meta":{"footnotes":""},"categories":[136],"tags":[18514,407,137,33,31,30,408,3085,3843,32,109],"class_list":{"0":"post-142032","1":"post","2":"type-post","3":"status-publish","4":"format-standard","5":"has-post-thumbnail","7":"category-julkkikset","8":"tag-aiti-poikasuhde","9":"tag-celebrities","10":"tag-entertainment","11":"tag-fi","12":"tag-finland","13":"tag-finnish","14":"tag-julkkikset","15":"tag-kotiliesi","16":"tag-suomalaiset-nayttelijat","17":"tag-suomi","18":"tag-viihde"},"share_on_mastodon":{"url":"https:\/\/pubeurope.com\/@fi\/115893259668809717","error":""},"_links":{"self":[{"href":"https:\/\/www.europesays.com\/fi\/wp-json\/wp\/v2\/posts\/142032","targetHints":{"allow":["GET"]}}],"collection":[{"href":"https:\/\/www.europesays.com\/fi\/wp-json\/wp\/v2\/posts"}],"about":[{"href":"https:\/\/www.europesays.com\/fi\/wp-json\/wp\/v2\/types\/post"}],"author":[{"embeddable":true,"href":"https:\/\/www.europesays.com\/fi\/wp-json\/wp\/v2\/users\/2"}],"replies":[{"embeddable":true,"href":"https:\/\/www.europesays.com\/fi\/wp-json\/wp\/v2\/comments?post=142032"}],"version-history":[{"count":0,"href":"https:\/\/www.europesays.com\/fi\/wp-json\/wp\/v2\/posts\/142032\/revisions"}],"wp:featuredmedia":[{"embeddable":true,"href":"https:\/\/www.europesays.com\/fi\/wp-json\/wp\/v2\/media\/142033"}],"wp:attachment":[{"href":"https:\/\/www.europesays.com\/fi\/wp-json\/wp\/v2\/media?parent=142032"}],"wp:term":[{"taxonomy":"category","embeddable":true,"href":"https:\/\/www.europesays.com\/fi\/wp-json\/wp\/v2\/categories?post=142032"},{"taxonomy":"post_tag","embeddable":true,"href":"https:\/\/www.europesays.com\/fi\/wp-json\/wp\/v2\/tags?post=142032"}],"curies":[{"name":"wp","href":"https:\/\/api.w.org\/{rel}","templated":true}]}}