{"id":142036,"date":"2026-01-14T11:42:07","date_gmt":"2026-01-14T11:42:07","guid":{"rendered":"https:\/\/www.europesays.com\/fi\/142036\/"},"modified":"2026-01-14T11:42:07","modified_gmt":"2026-01-14T11:42:07","slug":"lipsahtivatko-umk-artistit-julki-etukateen-kysyimme-umk-tuottajalta-viihde","status":"publish","type":"post","link":"https:\/\/www.europesays.com\/fi\/142036\/","title":{"rendered":"Lipsahtivatko UMK-artistit julki etuk\u00e4teen? Kysyimme UMK-tuottajalta | Viihde"},"content":{"rendered":"<p class=\"aw-1gybjub aw-5vja16 kEtdKx kmuxyA yle__article__paragraph\">Uuden Musiikin Kilpailun artistit vuotavat julkisuuteen l\u00e4hes vuosittain. Kysyimme tapahtuman tuottajalta, miksi n\u00e4in k\u00e4y.<\/p>\n<p><img decoding=\"async\" alt=\"UMK-pokaali v\u00e4rikk\u00e4iden valojen loisteessa.\" src=\"https:\/\/www.europesays.com\/fi\/wp-content\/uploads\/2026\/01\/39-141908367a8b7d7d9a87.jpeg\" class=\"aw-1l9m598 hKVVvP\"\/><\/p>\n<p>Avaa kuvien katselu<\/p>\n<p>UMK-finalisteja spekuloidaan j\u00e4lleen. Kuvassa UMK-pokaali. Kuva: Miikka Varila \/ Yle<\/p>\n<p class=\"aw-1gybjub aw-1p7kakr kEtdKx cEmitX yle__article__paragraph\">Uuden Musiikin Kilpailun artistit julkistetaan t\u00e4n\u00e4\u00e4n keskiviikkoiltana <a class=\"aw-iao6s4 iHOxEa yle__article__link\" href=\"https:\/\/yle.fi\/a\/74-20203906\" role=\"link\" rel=\"nofollow noopener\" target=\"_blank\">Ylen suorassa l\u00e4hetyksess\u00e4<\/a>.<\/p>\n<p class=\"aw-1gybjub aw-1p7kakr kEtdKx cEmitX yle__article__paragraph\">J\u00e4lleen kerran sosiaalisessa mediassa levi\u00e4\u00e4 etuk\u00e4teen spekulaatioita artisteista.<a class=\"aw-iao6s4 iHOxEa yle__article__link\" href=\"https:\/\/www.iltalehti.fi\/musiikki\/a\/34613427-70bc-4efe-a128-c0e53d310d7d\" role=\"link\" rel=\"nofollow noopener\" target=\"_blank\"> Iltalehden mukaan<\/a> sosiaalisessa mediassa n\u00e4kyneen kuvan mukaan UMK:ssa kilpailisivat Komiat, <strong class=\"aw-ak79eh KyCXm yle__article__strong\">Chachi Hilden<\/strong>, <strong class=\"aw-ak79eh KyCXm yle__article__strong\">Antti Paalanen<\/strong>, <strong class=\"aw-ak79eh KyCXm yle__article__strong\">Linda Lampenius<\/strong>, <strong class=\"aw-ak79eh KyCXm yle__article__strong\">Pete Parkkonen<\/strong>, <strong class=\"aw-ak79eh KyCXm yle__article__strong\">Etta<\/strong>, <strong class=\"aw-ak79eh KyCXm yle__article__strong\">Kiki<\/strong> sek\u00e4 <strong class=\"aw-ak79eh KyCXm yle__article__strong\">Sinikka Monte<\/strong>. Iltalehden mukaan kuvakaappaus olisi Ettan sometililt\u00e4.<\/p>\n<p class=\"aw-1gybjub aw-1p7kakr kEtdKx cEmitX yle__article__paragraph\">Kysyimme UMK:n tuottajalta <strong class=\"aw-ak79eh KyCXm yle__article__strong\">Anssi Autiolta<\/strong>, miten on mahdollista, ett\u00e4 tietoja v\u00e4itetyist\u00e4 artisteista vuotaa julkisuuteen ennen aikojaan.<\/p>\n<p class=\"aw-1gybjub aw-1p7kakr kEtdKx cEmitX yle__article__paragraph\">\u2013 Asiaa selvitet\u00e4\u00e4n, h\u00e4n sanoo.<\/p>\n<p class=\"aw-1gybjub aw-1p7kakr kEtdKx cEmitX yle__article__paragraph\">Autio lis\u00e4\u00e4, ett\u00e4 liikkeell\u00e4 on useita spekulaatioita ja erilaisia listoja t\u00e4m\u00e4n vuoden UMK-artisteista.<\/p>\n<p class=\"aw-1gybjub aw-1p7kakr kEtdKx cEmitX yle__article__paragraph\">\u2013 Ihmiset harrastavat erilaisia asioita. Jotkut harrastavat Euroviisuja ja UMK:ta, ja haluavat arvailla etuk\u00e4teen mahdollisia osallistujia.<\/p>\n<p class=\"aw-1gybjub aw-1p7kakr kEtdKx cEmitX yle__article__paragraph\">UMK-artistit puolestaan allekirjoittavat salassapitosopimuksen.<\/p>\n<p class=\"aw-1gybjub aw-1p7kakr kEtdKx cEmitX yle__article__paragraph\">\u2013 Jos rikkomuksia huomataan, ne selvitet\u00e4\u00e4n my\u00f6hemmin. Niit\u00e4 ei selvitet\u00e4 julkisuudessa, Autio painottaa.<\/p>\n<p class=\"aw-1gybjub aw-1p7kakr kEtdKx cEmitX yle__article__paragraph\">UMK-artisteja on vuotanut<a class=\"aw-iao6s4 iHOxEa yle__article__link\" href=\"https:\/\/yle.fi\/a\/74-20113827\" role=\"link\" rel=\"nofollow noopener\" target=\"_blank\"> ennenaikaisesti<\/a> julkisuuteen useana vuotena 2020-luvulla. L\u00e4hesk\u00e4\u00e4n aina lista ei ole pit\u00e4nyt paikkaansa.<\/p>\n<p class=\"aw-1gybjub aw-1p7kakr kEtdKx cEmitX yle__article__paragraph\">Aution mukaan vuodoille on ollut monia syit\u00e4. Ne ovat johtuneet muun muassa j\u00e4rjestelm\u00e4- tai ajastusvirheist\u00e4.<\/p>\n<p class=\"aw-1gybjub aw-1p7kakr kEtdKx cEmitX yle__article__paragraph\">Erilaiset spekulaatiolistat eiv\u00e4t ole Aution mukaan ollenkaan huono asia.<\/p>\n<p class=\"aw-1gybjub aw-1p7kakr kEtdKx cEmitX yle__article__paragraph\">\u2013 Se kertoo siit\u00e4, ett\u00e4 asia kiinnostaa ihmisi\u00e4.<\/p>\n<p class=\"aw-1gybjub aw-1p7kakr kEtdKx cEmitX yle__article__paragraph\">T\u00e4n\u00e4\u00e4n illalla kello 19.30 alkavassa l\u00e4hetyksess\u00e4 julkistetaan UMK26-artistit. Ensimm\u00e4inen kappale ja musiikkivideo julkaistaan jo keskiy\u00f6ll\u00e4.<\/p>\n","protected":false},"excerpt":{"rendered":"Uuden Musiikin Kilpailun artistit vuotavat julkisuuteen l\u00e4hes vuosittain. Kysyimme tapahtuman tuottajalta, miksi n\u00e4in k\u00e4y. Avaa kuvien katselu UMK-finalisteja&hellip;\n","protected":false},"author":2,"featured_media":142037,"comment_status":"","ping_status":"","sticky":false,"template":"","format":"standard","meta":{"footnotes":""},"categories":[132],"tags":[137,909,33,31,30,195,47,32,906,109],"class_list":{"0":"post-142036","1":"post","2":"type-post","3":"status-publish","4":"format-standard","5":"has-post-thumbnail","7":"category-musiikki","8":"tag-entertainment","9":"tag-euroviisut","10":"tag-fi","11":"tag-finland","12":"tag-finnish","13":"tag-music","14":"tag-musiikki","15":"tag-suomi","16":"tag-umk","17":"tag-viihde"},"share_on_mastodon":{"url":"https:\/\/pubeurope.com\/@fi\/115893275395274199","error":""},"_links":{"self":[{"href":"https:\/\/www.europesays.com\/fi\/wp-json\/wp\/v2\/posts\/142036","targetHints":{"allow":["GET"]}}],"collection":[{"href":"https:\/\/www.europesays.com\/fi\/wp-json\/wp\/v2\/posts"}],"about":[{"href":"https:\/\/www.europesays.com\/fi\/wp-json\/wp\/v2\/types\/post"}],"author":[{"embeddable":true,"href":"https:\/\/www.europesays.com\/fi\/wp-json\/wp\/v2\/users\/2"}],"replies":[{"embeddable":true,"href":"https:\/\/www.europesays.com\/fi\/wp-json\/wp\/v2\/comments?post=142036"}],"version-history":[{"count":0,"href":"https:\/\/www.europesays.com\/fi\/wp-json\/wp\/v2\/posts\/142036\/revisions"}],"wp:featuredmedia":[{"embeddable":true,"href":"https:\/\/www.europesays.com\/fi\/wp-json\/wp\/v2\/media\/142037"}],"wp:attachment":[{"href":"https:\/\/www.europesays.com\/fi\/wp-json\/wp\/v2\/media?parent=142036"}],"wp:term":[{"taxonomy":"category","embeddable":true,"href":"https:\/\/www.europesays.com\/fi\/wp-json\/wp\/v2\/categories?post=142036"},{"taxonomy":"post_tag","embeddable":true,"href":"https:\/\/www.europesays.com\/fi\/wp-json\/wp\/v2\/tags?post=142036"}],"curies":[{"name":"wp","href":"https:\/\/api.w.org\/{rel}","templated":true}]}}