{"id":142046,"date":"2026-01-14T11:50:09","date_gmt":"2026-01-14T11:50:09","guid":{"rendered":"https:\/\/www.europesays.com\/fi\/142046\/"},"modified":"2026-01-14T11:50:09","modified_gmt":"2026-01-14T11:50:09","slug":"trump-uhkaa-gronlantia-sotatoimilla-tassa-kolme-tarkeaa-kysymysta-ja-vastausta-taman-paivan-neuvotteluista-ulkomaat","status":"publish","type":"post","link":"https:\/\/www.europesays.com\/fi\/142046\/","title":{"rendered":"Trump uhkaa Gr\u00f6nlantia sotatoimilla \u2013 t\u00e4ss\u00e4 kolme t\u00e4rke\u00e4\u00e4 kysymyst\u00e4 ja vastausta t\u00e4m\u00e4n p\u00e4iv\u00e4n neuvotteluista | Ulkomaat"},"content":{"rendered":"<p class=\"aw-1gybjub aw-5vja16 kEtdKx kmuxyA yle__article__paragraph\">Tanska ja Gr\u00f6nlanti hakevat Washingtonissa ratkaisuja Donald Trumpin luomaan kriisiin.<\/p>\n<p><img decoding=\"async\" alt=\"Pienkone laskeutumassa Nuukiin, taustalla lumipeitteisi\u00e4 vuoria.\" src=\"https:\/\/www.europesays.com\/fi\/wp-content\/uploads\/2026\/01\/39-158108869677cf6b2064.jpeg\" class=\"aw-1l9m598 hKVVvP\"\/><\/p>\n<p>Avaa kuvien katselu<\/p>\n<p>Lentokone laskeutumassa Gr\u00f6nlannin p\u00e4\u00e4kaupunkiin Nuukiin kuvattuna maaliskuussa 2025. Kuva: Add Andersen \/ AFP<\/p>\n<p class=\"aw-1gybjub aw-1p7kakr kEtdKx cEmitX yle__article__paragraph\">Yhdysvaltain, Gr\u00f6nlannin ja Tanskan edustajat tapaavat t\u00e4n\u00e4\u00e4n Valkoisessa talossa Washingtonissa.<\/p>\n<p class=\"aw-1gybjub aw-1p7kakr kEtdKx cEmitX yle__article__paragraph\">Osapuolten on tarkoitus keskustella Yhdysvaltain Gr\u00f6nlantiin kohdistamasta painostuksesta ja maan aikeista liitt\u00e4\u00e4 saari osaksi Yhdysvaltoja.<\/p>\n<p class=\"aw-1gybjub aw-1p7kakr kEtdKx cEmitX yle__article__paragraph\">Tapaaminen j\u00e4rjestyi Tanskan aloitteesta.<\/p>\n<p class=\"aw-1gybjub aw-1p7kakr kEtdKx cEmitX yle__article__paragraph\">Sen on m\u00e4\u00e4r\u00e4 alkaa klo 17.30 t\u00e4n\u00e4\u00e4n keskiviikkona Suomen aikaa.<\/p>\n<p class=\"aw-1gybjub aw-1p7kakr kEtdKx cEmitX yle__article__paragraph\">Kokosimme t\u00e4h\u00e4n juttuun kolme kysymyst\u00e4 Gr\u00f6nlanti-keskustelujen l\u00e4ht\u00f6kohdista.<\/p>\n<p>Ketk\u00e4 Washingtonissa tapaavat?<\/p>\n<p class=\"aw-1gybjub aw-1p7kakr kEtdKx cEmitX yle__article__paragraph\">Yhdysvaltain puolelta keskusteluihin osallistuvat ainakin maan varapresidentti <strong class=\"aw-ak79eh KyCXm yle__article__strong\">J.D. Vance<\/strong> ja ulkoministeri <strong class=\"aw-ak79eh KyCXm yle__article__strong\">Marco Rubio<\/strong>.<\/p>\n<p class=\"aw-1gybjub aw-1p7kakr kEtdKx cEmitX yle__article__paragraph\">Tanskan osalta neuvotteluja johtaa ulkoministeri <strong class=\"aw-ak79eh KyCXm yle__article__strong\">Lars L\u00f8kke Rasmussen<\/strong>. Tapaamiseen osallistuu my\u00f6s Gr\u00f6nlannin ulkoministeri <strong class=\"aw-ak79eh KyCXm yle__article__strong\">Vivian Motzfeldt<\/strong>.<\/p>\n<p><img decoding=\"async\" alt=\"Gr\u00f6nlannin ja Yhdysvaltain edustajat nelj\u00e4n kuvan kuvakollaasissa.\" src=\"https:\/\/www.europesays.com\/fi\/wp-content\/uploads\/2026\/01\/39-1580798696724d0e7bc9.jpeg\" loading=\"lazy\" class=\"aw-1l9m598 hKVVvP\"\/><\/p>\n<p>Avaa kuvien katselu<\/p>\n<p>Kuvassa ylh\u00e4\u00e4ll\u00e4 vasemmalta oikealle Tanskan ulkoministeri Lars L\u00f8kke Rasmussen ja Gr\u00f6nlannin ulkoministeri Vivian Motzfeldt. Alariviss\u00e4 Yhdysvaltain ulkoministeri Marco Rubio ja varapresidentti J.D. Vance. Kuva: Bonnie Cash, Jim LoScalzo \/ AOP, Emil Helms \/ EPAMitk\u00e4 ovat neuvottelujen l\u00e4ht\u00f6kohdat?<\/p>\n<p class=\"aw-1gybjub aw-1p7kakr kEtdKx cEmitX yle__article__paragraph\">Yhdysvaltain presidentti <strong class=\"aw-ak79eh KyCXm yle__article__strong\">Donald Trump<\/strong> on toistuvasti sanonut, ett\u00e4 Yhdysvaltojen on saatava Gr\u00f6nlanti hallintaansa tavalla tai toisella. H\u00e4n ei ole sulkenut pois sotilasvoiman k\u00e4ytt\u00f6\u00e4.<\/p>\n<p class=\"aw-1gybjub aw-1p7kakr kEtdKx cEmitX yle__article__paragraph\">Trump on perustellut tarvetta Gr\u00f6nlannille kansallisella turvallisuudella. H\u00e4n on my\u00f6s v\u00e4itt\u00e4nyt, ett\u00e4 Ven\u00e4j\u00e4 ja Kiina pyrkiv\u00e4t ottamaan Gr\u00f6nlannin haltuunsa. Presidentti ei ole esitt\u00e4nyt v\u00e4itteilleen mink\u00e4\u00e4nlaisia todisteita.<\/p>\n<p class=\"aw-1gybjub aw-1p7kakr kEtdKx cEmitX yle__article__paragraph\">Yhdysvaltain nykyhallintoa kiinnostaa todenn\u00e4k\u00f6isesti Gr\u00f6nlannin laajat ja pitk\u00e4lti hy\u00f6dynt\u00e4m\u00e4tt\u00f6m\u00e4t luonnonvarat.<\/p>\n<p class=\"aw-1gybjub aw-1p7kakr kEtdKx cEmitX yle__article__paragraph\">Tanska ja Gr\u00f6nlanti ovat korostaneet, ettei Gr\u00f6nlanti ole myynniss\u00e4, ja ett\u00e4 valtionrajoja ei voi siirt\u00e4\u00e4 voimalla tai kansaa ostaa.<\/p>\n<p class=\"aw-1gybjub aw-1p7kakr kEtdKx cEmitX yle__article__paragraph\">Tanskan p\u00e4\u00e4ministeri <strong class=\"aw-ak79eh KyCXm yle__article__strong\">Mette Frederiksen<\/strong> totesi viimeksi eilen tiistaina, ett\u00e4 pienten maiden ei pid\u00e4 joutua pelk\u00e4\u00e4m\u00e4\u00e4n suurempia valtioita.<\/p>\n<p class=\"aw-1gybjub aw-1p7kakr kEtdKx cEmitX yle__article__paragraph\">Gr\u00f6nlannin p\u00e4\u00e4ministeri <strong class=\"aw-ak79eh KyCXm yle__article__strong\">Jens-Frederik Nielsen<\/strong> puolestaan korosti Washingtonin keskustelujen kynnyksell\u00e4, ettei Yhdysvallat tule omistamaan tai hallinnoimaan Gr\u00f6nlantia, ja ettei saari aio liitty\u00e4 osaksi Yhdysvaltoja.<\/p>\n<p class=\"aw-1gybjub aw-1p7kakr kEtdKx cEmitX yle__article__paragraph\">\u2013 Jos joudumme tekem\u00e4\u00e4n valinnan Tanskan ja Yhdysvaltain v\u00e4lill\u00e4 t\u00e4ss\u00e4 ja nyt, valitsemme Tanskan, Naton ja Euroopan unionin, Nielsen sanoi.<\/p>\n<p>Gr\u00f6nlannin p\u00e4\u00e4ministeri totesi lehdist\u00f6tilaisuudessa eilen tiistaina, ettei Gr\u00f6nlanti halua olla Yhdysvaltojen omistuksessa.<\/p>\n<p class=\"aw-1gybjub aw-1p7kakr kEtdKx cEmitX yle__article__paragraph\"><a class=\"aw-iao6s4 iHOxEa yle__article__link\" href=\"https:\/\/yle.fi\/a\/74-20203650\" role=\"link\" rel=\"nofollow noopener\" target=\"_blank\">Uutistoimisto Bloombergin<\/a> mukaan Saksa ja Britannia aikovat yhdess\u00e4 muiden eurooppalaisten Nato-maiden kanssa esitt\u00e4\u00e4, ett\u00e4 Nato lis\u00e4isi l\u00e4sn\u00e4oloaan Gr\u00f6nlannissa.<\/p>\n<p class=\"aw-1gybjub aw-1p7kakr kEtdKx cEmitX yle__article__paragraph\">Puheet EU-joukkojen sijoittamisesta Gr\u00f6nlantiin <a class=\"aw-iao6s4 iHOxEa yle__article__link\" href=\"https:\/\/yle.fi\/a\/74-20203628\" role=\"link\" rel=\"nofollow noopener\" target=\"_blank\">nousivat esille<\/a> my\u00f6s viime sunnuntaina S\u00e4lenin turvallisuuskonferensissa Ruotsissa.<\/p>\n<p>Mit\u00e4 Gr\u00f6nlanti-keskusteluilta voidaan odottaa?<\/p>\n<p class=\"aw-1gybjub aw-1p7kakr kEtdKx cEmitX yle__article__paragraph\">L\u00e4ht\u00f6kohtien ja laajojen n\u00e4kemyserojen perusteella voidaan ennakoida, ett\u00e4 keskusteluista on tulossa kire\u00e4t.<\/p>\n<p class=\"aw-1gybjub aw-1p7kakr kEtdKx cEmitX yle__article__paragraph\">Tanskan ja Gr\u00f6nlannin kanssa k\u00e4yt\u00e4vi\u00e4 keskusteluja is\u00e4nn\u00f6iv\u00e4 varapresidentti J.D. Vance on antanut Trumpia puolustavia lausuntoja.<\/p>\n<p class=\"aw-1gybjub aw-1p7kakr kEtdKx cEmitX yle__article__paragraph\">H\u00e4n on muun muassa todennut, ett\u00e4 Tanska ja Eurooppa <a class=\"aw-iao6s4 iHOxEa yle__article__link\" href=\"https:\/\/www.bbc.com\/news\/articles\/c2lgjd51v95o\" role=\"link\" rel=\"nofollow noopener\" target=\"_blank\">ovat ep\u00e4onnistuneet<\/a> Gr\u00f6nlannin valjastamisessa maailmanlaajuisen turvallisuuden ja ilmatorjunnan ankkuriksi.<\/p>\n<p class=\"aw-1gybjub aw-1p7kakr kEtdKx cEmitX yle__article__paragraph\">Tanskan p\u00e4\u00e4ministeri Mette Frederiksen puolestaan kertoi eilen uskovansa, ett\u00e4 keskustelujen vaikeimmat vaiheet ovat viel\u00e4 edess\u00e4.<\/p>\n<p class=\"aw-1gybjub aw-1p7kakr kEtdKx cEmitX yle__article__paragraph\">Toistaiseksi Trump ei ole l\u00e4mmennyt vastatarjouksille, kuten esimerkiksi Yhdysvaltain l\u00e4sn\u00e4olon ja toiminnan laajentamiselle Gr\u00f6nlannissa.<\/p>\n<p class=\"aw-1gybjub aw-1p7kakr kEtdKx cEmitX yle__article__paragraph\">Yhdysvaltain presidentin selv\u00e4 tavoite on Gr\u00f6nlannin t\u00e4ydellinen hallinta.<\/p>\n","protected":false},"excerpt":{"rendered":"Tanska ja Gr\u00f6nlanti hakevat Washingtonissa ratkaisuja Donald Trumpin luomaan kriisiin. Avaa kuvien katselu Lentokone laskeutumassa Gr\u00f6nlannin p\u00e4\u00e4kaupunkiin Nuukiin&hellip;\n","protected":false},"author":2,"featured_media":142047,"comment_status":"","ping_status":"","sticky":false,"template":"","format":"standard","meta":{"footnotes":""},"categories":[14],"tags":[4065,22,23,26,27,33,31,30,4538,17,70,24,25,28,29,15,18,21,32,1014,19,20,56,16,59,60,61,619],"class_list":{"0":"post-142046","1":"post","2":"type-post","3":"status-publish","4":"format-standard","5":"has-post-thumbnail","7":"category-ulkomaat","8":"tag-arktinen-alue","9":"tag-breaking-news","10":"tag-breakingnews","11":"tag-featured-news","12":"tag-featurednews","13":"tag-fi","14":"tag-finland","15":"tag-finnish","16":"tag-gronlanti","17":"tag-headlines","18":"tag-kansainvalinen-politiikka","19":"tag-latest-news","20":"tag-latestnews","21":"tag-main-news","22":"tag-mainnews","23":"tag-news","24":"tag-otsikot","25":"tag-paauutiset","26":"tag-suomi","27":"tag-tanska","28":"tag-top-stories","29":"tag-topstories","30":"tag-ulkomaat","31":"tag-uutiset","32":"tag-world","33":"tag-world-news","34":"tag-worldnews","35":"tag-yhdysvallat"},"share_on_mastodon":{"url":"https:\/\/pubeurope.com\/@fi\/115893306889861193","error":""},"_links":{"self":[{"href":"https:\/\/www.europesays.com\/fi\/wp-json\/wp\/v2\/posts\/142046","targetHints":{"allow":["GET"]}}],"collection":[{"href":"https:\/\/www.europesays.com\/fi\/wp-json\/wp\/v2\/posts"}],"about":[{"href":"https:\/\/www.europesays.com\/fi\/wp-json\/wp\/v2\/types\/post"}],"author":[{"embeddable":true,"href":"https:\/\/www.europesays.com\/fi\/wp-json\/wp\/v2\/users\/2"}],"replies":[{"embeddable":true,"href":"https:\/\/www.europesays.com\/fi\/wp-json\/wp\/v2\/comments?post=142046"}],"version-history":[{"count":0,"href":"https:\/\/www.europesays.com\/fi\/wp-json\/wp\/v2\/posts\/142046\/revisions"}],"wp:featuredmedia":[{"embeddable":true,"href":"https:\/\/www.europesays.com\/fi\/wp-json\/wp\/v2\/media\/142047"}],"wp:attachment":[{"href":"https:\/\/www.europesays.com\/fi\/wp-json\/wp\/v2\/media?parent=142046"}],"wp:term":[{"taxonomy":"category","embeddable":true,"href":"https:\/\/www.europesays.com\/fi\/wp-json\/wp\/v2\/categories?post=142046"},{"taxonomy":"post_tag","embeddable":true,"href":"https:\/\/www.europesays.com\/fi\/wp-json\/wp\/v2\/tags?post=142046"}],"curies":[{"name":"wp","href":"https:\/\/api.w.org\/{rel}","templated":true}]}}