{"id":142048,"date":"2026-01-14T11:51:12","date_gmt":"2026-01-14T11:51:12","guid":{"rendered":"https:\/\/www.europesays.com\/fi\/142048\/"},"modified":"2026-01-14T11:51:12","modified_gmt":"2026-01-14T11:51:12","slug":"mika-on-sinun-ja-yhteisosi-tarkein-juhla","status":"publish","type":"post","link":"https:\/\/www.europesays.com\/fi\/142048\/","title":{"rendered":"Mik\u00e4 on sinun ja yhteis\u00f6si t\u00e4rkein juhla?"},"content":{"rendered":"<p>Espoo on monikulttuurinen kaupunki ja me KAMU Espoon kaupunginmuseossa haluamme juhlistaa sit\u00e4. Tule mukaan \u2212 tutustumme toisiimme, opimme uutta ja teemme yhdess\u00e4 kaikkien aikojen juhlat Talomuseo Glimsiin!\u00a0<\/p>\n<p>KAMU Espoon kaupunginmuseo kutsuu kaikkia Espoon asukkaita j\u00e4rjest\u00e4m\u00e4\u00e4n juhlia yhdess\u00e4 museon 70-vuotissyntym\u00e4p\u00e4ivi\u00e4 varten. Viet\u00e4mme juhlia Talomuseo Glimsiss\u00e4. Juhlavuosi on vuonna 2028. Aloitamme valmistelut jo nyt, jotta mahdollisimman moni kaupunkilainen p\u00e4\u00e4see osallistumaan.\u202f<\/p>\n<p>Toivomme, ett\u00e4 voisimme pit\u00e4\u00e4 eri kulttuurien juhlia ja niihin liittyvi\u00e4 tapahtumia alkaen marraskuusta 2027 ja koko juhlavuoden 2028 ajan. T\u00e4m\u00e4n kaiken haluaisimme tehd\u00e4 sinun kanssasi!<\/p>\n<p><a class=\"sc-4c96a3f9-1 jjinhG\" href=\"https:\/\/www.espoo.fi\/fi\/kutsumme-sinut-jarjestamaan-juhlia-ja-juhlimaan-yhdessa-kamu-espoon-kaupunginmuseon-kanssa\" rel=\"nofollow noopener\" target=\"_blank\">Ilmoittaudu ja osallistu ty\u00f6pajaan.<\/a><\/p>\n","protected":false},"excerpt":{"rendered":"Espoo on monikulttuurinen kaupunki ja me KAMU Espoon kaupunginmuseossa haluamme juhlistaa sit\u00e4. Tule mukaan \u2212 tutustumme toisiimme, opimme&hellip;\n","protected":false},"author":2,"featured_media":142049,"comment_status":"","ping_status":"","sticky":false,"template":"","format":"standard","meta":{"footnotes":""},"categories":[12],"tags":[22,23,26,27,33,31,30,17,24,25,28,29,15,18,21,32,19,20,16],"class_list":{"0":"post-142048","1":"post","2":"type-post","3":"status-publish","4":"format-standard","5":"has-post-thumbnail","7":"category-suomi","8":"tag-breaking-news","9":"tag-breakingnews","10":"tag-featured-news","11":"tag-featurednews","12":"tag-fi","13":"tag-finland","14":"tag-finnish","15":"tag-headlines","16":"tag-latest-news","17":"tag-latestnews","18":"tag-main-news","19":"tag-mainnews","20":"tag-news","21":"tag-otsikot","22":"tag-paauutiset","23":"tag-suomi","24":"tag-top-stories","25":"tag-topstories","26":"tag-uutiset"},"share_on_mastodon":{"url":"https:\/\/pubeurope.com\/@fi\/115893310856585203","error":""},"_links":{"self":[{"href":"https:\/\/www.europesays.com\/fi\/wp-json\/wp\/v2\/posts\/142048","targetHints":{"allow":["GET"]}}],"collection":[{"href":"https:\/\/www.europesays.com\/fi\/wp-json\/wp\/v2\/posts"}],"about":[{"href":"https:\/\/www.europesays.com\/fi\/wp-json\/wp\/v2\/types\/post"}],"author":[{"embeddable":true,"href":"https:\/\/www.europesays.com\/fi\/wp-json\/wp\/v2\/users\/2"}],"replies":[{"embeddable":true,"href":"https:\/\/www.europesays.com\/fi\/wp-json\/wp\/v2\/comments?post=142048"}],"version-history":[{"count":0,"href":"https:\/\/www.europesays.com\/fi\/wp-json\/wp\/v2\/posts\/142048\/revisions"}],"wp:featuredmedia":[{"embeddable":true,"href":"https:\/\/www.europesays.com\/fi\/wp-json\/wp\/v2\/media\/142049"}],"wp:attachment":[{"href":"https:\/\/www.europesays.com\/fi\/wp-json\/wp\/v2\/media?parent=142048"}],"wp:term":[{"taxonomy":"category","embeddable":true,"href":"https:\/\/www.europesays.com\/fi\/wp-json\/wp\/v2\/categories?post=142048"},{"taxonomy":"post_tag","embeddable":true,"href":"https:\/\/www.europesays.com\/fi\/wp-json\/wp\/v2\/tags?post=142048"}],"curies":[{"name":"wp","href":"https:\/\/api.w.org\/{rel}","templated":true}]}}